{"id":31623,"date":"2026-09-01T06:00:56","date_gmt":"2026-09-01T04:00:56","guid":{"rendered":"https:\/\/monde25.info\/index.php\/2026\/09\/01\/le-patron-de-la-coordination-rurale-qui-veut-faire-la-peau-aux-ecolos-va-etre-juge-jeudi\/"},"modified":"2026-09-01T06:00:56","modified_gmt":"2026-09-01T04:00:56","slug":"le-patron-de-la-coordination-rurale-qui-veut-faire-la-peau-aux-ecolos-va-etre-juge-jeudi","status":"publish","type":"post","link":"https:\/\/monde25.info\/index.php\/2026\/09\/01\/le-patron-de-la-coordination-rurale-qui-veut-faire-la-peau-aux-ecolos-va-etre-juge-jeudi\/","title":{"rendered":"Le patron de la Coordination rurale, qui veut \u00ab\u00a0faire la peau\u00a0\u00bb aux \u00e9colos, va \u00eatre jug\u00e9 jeudi"},"content":{"rendered":"<p><img loading=\"lazy\" decoding=\"async\" src=\"https:\/\/reporterre.net\/local\/cache-vignettes\/L700xH467\/afp__20260126__94264we__v2__highres__franceagriculturepoliticsjustice_1_-01740.jpg?1788183628\" class=\"spip_logo\" width=\"700\" height=\"467\" alt=\"\" \/><\/p>\n<p>Bertrand Venteau, pr\u00e9sident de la Coordination rurale (<span class=\"caps\">CR<\/span>), sera jug\u00e9 jeudi 3\u00a0septembre devant le tribunal d&rsquo;Auch (Gers) pour provocation publique \u00e0 commettre un crime ou un d\u00e9lit. En cause, les propos tenus le 19\u00a0novembre 2025 lors de son discours d&rsquo;investiture \u00e0 la t\u00eate du syndicat agricole au centre des congr\u00e8s d&rsquo;Auch\u00a0: \u00ab<small class=\"fine d-inline\">\u00a0<\/small>Les \u00e9colos, la d\u00e9croissance veulent nous crever, nous devons leur faire la peau.<small class=\"fine d-inline\">\u00a0<\/small>\u00bb <br class=\"autobr\" \/><br \/>\nEn f\u00e9vrier, Reporterre et StreetPress avaient publi\u00e9 une enqu\u00eate conjointe sur\u00a0(\u2026)<\/p>\n<p>                    <a href=\"https:\/\/reporterre.net\/Le-patron-de-la-Coordination-rurale-qui-veut-faire-la-peau-aux-ecolos-va-etre-juge-jeudi?utm_source=RSS&amp;utm_medium=RSS\">Lire la suite<\/a><\/p>\n<p>                    &#8211;<br \/>\n                        <a href=\"https:\/\/reporterre.net\/Breves-20\" rel=\"directory\">En bref<\/a><\/p>\n<p>                    \/<br \/>\n                        <a href=\"https:\/\/reporterre.net\/Agriculture\" rel=\"tag\">Agriculture<\/a><br \/>\n                    ,<br \/>\n                        <a href=\"https:\/\/reporterre.net\/Justice\" rel=\"tag\">Justice<\/a><\/p>\n<p class=\"verinews-source\">Source : <a href=\"https:\/\/reporterre.net\/Le-patron-de-la-Coordination-rurale-qui-veut-faire-la-peau-aux-ecolos-va-etre-juge-jeudi\" target=\"_blank\" rel=\"nofollow noopener\">Lire l\u2019article original<\/a><\/p>\n","protected":false},"excerpt":{"rendered":"<p>Bertrand Venteau, pr\u00e9sident de la Coordination rurale (CR), sera jug\u00e9 jeudi 3\u00a0septembre devant le tribunal d&rsquo;Auch (Gers) pour provocation publique \u00e0 commettre un crime ou un d\u00e9lit. En cause, les propos tenus le 19\u00a0novembre 2025\u2026<\/p>\n","protected":false},"author":1,"featured_media":27996,"comment_status":"open","ping_status":"open","sticky":false,"template":"","format":"standard","meta":{"footnotes":""},"categories":[1],"tags":[],"class_list":["post-31623","post","type-post","status-publish","format-standard","has-post-thumbnail","hentry","category-non-classe"],"_links":{"self":[{"href":"https:\/\/monde25.info\/index.php\/wp-json\/wp\/v2\/posts\/31623","targetHints":{"allow":["GET"]}}],"collection":[{"href":"https:\/\/monde25.info\/index.php\/wp-json\/wp\/v2\/posts"}],"about":[{"href":"https:\/\/monde25.info\/index.php\/wp-json\/wp\/v2\/types\/post"}],"author":[{"embeddable":true,"href":"https:\/\/monde25.info\/index.php\/wp-json\/wp\/v2\/users\/1"}],"replies":[{"embeddable":true,"href":"https:\/\/monde25.info\/index.php\/wp-json\/wp\/v2\/comments?post=31623"}],"version-history":[{"count":0,"href":"https:\/\/monde25.info\/index.php\/wp-json\/wp\/v2\/posts\/31623\/revisions"}],"wp:featuredmedia":[{"embeddable":true,"href":"https:\/\/monde25.info\/index.php\/wp-json\/wp\/v2\/media\/27996"}],"wp:attachment":[{"href":"https:\/\/monde25.info\/index.php\/wp-json\/wp\/v2\/media?parent=31623"}],"wp:term":[{"taxonomy":"category","embeddable":true,"href":"https:\/\/monde25.info\/index.php\/wp-json\/wp\/v2\/categories?post=31623"},{"taxonomy":"post_tag","embeddable":true,"href":"https:\/\/monde25.info\/index.php\/wp-json\/wp\/v2\/tags?post=31623"}],"curies":[{"name":"wp","href":"https:\/\/api.w.org\/{rel}","templated":true}]}}