{"id":31625,"date":"2026-09-01T10:01:12","date_gmt":"2026-09-01T08:01:12","guid":{"rendered":"https:\/\/monde25.info\/index.php\/2026\/09\/01\/oms-afrique-le-niger-elu-premier-vice-president\/"},"modified":"2026-09-01T10:01:12","modified_gmt":"2026-09-01T08:01:12","slug":"oms-afrique-le-niger-elu-premier-vice-president","status":"publish","type":"post","link":"https:\/\/monde25.info\/index.php\/2026\/09\/01\/oms-afrique-le-niger-elu-premier-vice-president\/","title":{"rendered":"OMS-Afrique : le Niger \u00e9lu premier vice-pr\u00e9sident"},"content":{"rendered":"<p><img decoding=\"async\" alt=\"Preview\" align=\"left\" style=\"margin-right: 10px\" src=\"https:\/\/mf.b37mrtl.ru\/french\/images\/2026.09\/thumbnail\/6a967eba87f3ec539e6b5b22.png\" \/> Le ministre nig\u00e9rien de la Sant\u00e9, le colonel-major Garba Hakimi, a \u00e9t\u00e9 \u00e9lu premier vice-pr\u00e9sident de la 76e session du Comit\u00e9 r\u00e9gional de l\u2019OMS pour l\u2019Afrique. Cette \u00e9lection intervient face aux d\u00e9fis sanitaires persistants du pays.<\/p>\n<p class=\"verinews-source\">Source : <a href=\"https:\/\/francais.rt.com\/news\/137582-oms-afrique-niger-elu-premier-vice-president\" target=\"_blank\" rel=\"nofollow noopener\">Lire l\u2019article original<\/a><\/p>\n","protected":false},"excerpt":{"rendered":"<p>Le ministre nig\u00e9rien de la Sant\u00e9, le colonel-major Garba Hakimi, a \u00e9t\u00e9 \u00e9lu premier vice-pr\u00e9sident de la 76e session du Comit\u00e9 r\u00e9gional de l\u2019OMS pour l\u2019Afrique. Cette \u00e9lection intervient face aux d\u00e9fis sanitaires persistants du\u2026<\/p>\n","protected":false},"author":1,"featured_media":31626,"comment_status":"open","ping_status":"open","sticky":false,"template":"","format":"standard","meta":{"footnotes":""},"categories":[1],"tags":[],"class_list":["post-31625","post","type-post","status-publish","format-standard","has-post-thumbnail","hentry","category-non-classe"],"_links":{"self":[{"href":"https:\/\/monde25.info\/index.php\/wp-json\/wp\/v2\/posts\/31625","targetHints":{"allow":["GET"]}}],"collection":[{"href":"https:\/\/monde25.info\/index.php\/wp-json\/wp\/v2\/posts"}],"about":[{"href":"https:\/\/monde25.info\/index.php\/wp-json\/wp\/v2\/types\/post"}],"author":[{"embeddable":true,"href":"https:\/\/monde25.info\/index.php\/wp-json\/wp\/v2\/users\/1"}],"replies":[{"embeddable":true,"href":"https:\/\/monde25.info\/index.php\/wp-json\/wp\/v2\/comments?post=31625"}],"version-history":[{"count":0,"href":"https:\/\/monde25.info\/index.php\/wp-json\/wp\/v2\/posts\/31625\/revisions"}],"wp:featuredmedia":[{"embeddable":true,"href":"https:\/\/monde25.info\/index.php\/wp-json\/wp\/v2\/media\/31626"}],"wp:attachment":[{"href":"https:\/\/monde25.info\/index.php\/wp-json\/wp\/v2\/media?parent=31625"}],"wp:term":[{"taxonomy":"category","embeddable":true,"href":"https:\/\/monde25.info\/index.php\/wp-json\/wp\/v2\/categories?post=31625"},{"taxonomy":"post_tag","embeddable":true,"href":"https:\/\/monde25.info\/index.php\/wp-json\/wp\/v2\/tags?post=31625"}],"curies":[{"name":"wp","href":"https:\/\/api.w.org\/{rel}","templated":true}]}}