{"id":31627,"date":"2026-09-01T10:41:02","date_gmt":"2026-09-01T08:41:02","guid":{"rendered":"https:\/\/monde25.info\/index.php\/2026\/09\/01\/les-pays-de-lalliance-des-etats-du-sahel-signent-deux-accords-encadrant-la-mobilite-et-le-deploiement-des-volontaires\/"},"modified":"2026-09-01T10:41:02","modified_gmt":"2026-09-01T08:41:02","slug":"les-pays-de-lalliance-des-etats-du-sahel-signent-deux-accords-encadrant-la-mobilite-et-le-deploiement-des-volontaires","status":"publish","type":"post","link":"https:\/\/monde25.info\/index.php\/2026\/09\/01\/les-pays-de-lalliance-des-etats-du-sahel-signent-deux-accords-encadrant-la-mobilite-et-le-deploiement-des-volontaires\/","title":{"rendered":"Les pays de l\u2019Alliance des \u00c9tats du Sahel signent deux accords encadrant la mobilit\u00e9 et le d\u00e9ploiement des volontaires"},"content":{"rendered":"<p><img decoding=\"async\" alt=\"Preview\" align=\"left\" style=\"margin-right: 10px\" src=\"https:\/\/mf.b37mrtl.ru\/french\/images\/2026.08\/thumbnail\/6a95bd8c6f7ccc1d2705eabc.jpg\" \/> Une convention-cadre et un protocole op\u00e9rationnel d\u00e9finissant les modalit\u00e9s de mise en \u0153uvre d\u2019un programme de \u00abvolontariat de r\u00e9ciprocit\u00e9\u00bb, ont \u00e9t\u00e9 sign\u00e9s le 30 ao\u00fbt, en marge du Forum conf\u00e9d\u00e9ral de la jeunesse et du volontariat, pour encadrer la mobilisation, le recrutement, le d\u00e9ploiement et la gestion des volontaires dans les \u00c9tats membres.<\/p>\n<p class=\"verinews-source\">Source : <a href=\"https:\/\/francais.rt.com\/news\/137579-pays-alliance-etats-sahel-signent-deux-accords-encadrant-mobilite-et-deploiement-volontaires\" target=\"_blank\" rel=\"nofollow noopener\">Lire l\u2019article original<\/a><\/p>\n","protected":false},"excerpt":{"rendered":"<p>Une convention-cadre et un protocole op\u00e9rationnel d\u00e9finissant les modalit\u00e9s de mise en \u0153uvre d\u2019un programme de \u00abvolontariat de r\u00e9ciprocit\u00e9\u00bb, ont \u00e9t\u00e9 sign\u00e9s le 30 ao\u00fbt, en marge du Forum conf\u00e9d\u00e9ral de la jeunesse et du\u2026<\/p>\n","protected":false},"author":1,"featured_media":31628,"comment_status":"open","ping_status":"open","sticky":false,"template":"","format":"standard","meta":{"footnotes":""},"categories":[1],"tags":[],"class_list":["post-31627","post","type-post","status-publish","format-standard","has-post-thumbnail","hentry","category-non-classe"],"_links":{"self":[{"href":"https:\/\/monde25.info\/index.php\/wp-json\/wp\/v2\/posts\/31627","targetHints":{"allow":["GET"]}}],"collection":[{"href":"https:\/\/monde25.info\/index.php\/wp-json\/wp\/v2\/posts"}],"about":[{"href":"https:\/\/monde25.info\/index.php\/wp-json\/wp\/v2\/types\/post"}],"author":[{"embeddable":true,"href":"https:\/\/monde25.info\/index.php\/wp-json\/wp\/v2\/users\/1"}],"replies":[{"embeddable":true,"href":"https:\/\/monde25.info\/index.php\/wp-json\/wp\/v2\/comments?post=31627"}],"version-history":[{"count":0,"href":"https:\/\/monde25.info\/index.php\/wp-json\/wp\/v2\/posts\/31627\/revisions"}],"wp:featuredmedia":[{"embeddable":true,"href":"https:\/\/monde25.info\/index.php\/wp-json\/wp\/v2\/media\/31628"}],"wp:attachment":[{"href":"https:\/\/monde25.info\/index.php\/wp-json\/wp\/v2\/media?parent=31627"}],"wp:term":[{"taxonomy":"category","embeddable":true,"href":"https:\/\/monde25.info\/index.php\/wp-json\/wp\/v2\/categories?post=31627"},{"taxonomy":"post_tag","embeddable":true,"href":"https:\/\/monde25.info\/index.php\/wp-json\/wp\/v2\/tags?post=31627"}],"curies":[{"name":"wp","href":"https:\/\/api.w.org\/{rel}","templated":true}]}}