{"id":31629,"date":"2026-09-01T16:41:00","date_gmt":"2026-09-01T14:41:00","guid":{"rendered":"https:\/\/monde25.info\/index.php\/2026\/09\/01\/lue-suspend-ses-importations-de-viande-bresilienne-a-cause-dantibiotiques-interdits\/"},"modified":"2026-09-01T16:41:00","modified_gmt":"2026-09-01T14:41:00","slug":"lue-suspend-ses-importations-de-viande-bresilienne-a-cause-dantibiotiques-interdits","status":"publish","type":"post","link":"https:\/\/monde25.info\/index.php\/2026\/09\/01\/lue-suspend-ses-importations-de-viande-bresilienne-a-cause-dantibiotiques-interdits\/","title":{"rendered":"L&#039;UE suspend ses importations de viande br\u00e9silienne \u00e0 cause d&#039;antibiotiques interdits"},"content":{"rendered":"<p><img loading=\"lazy\" decoding=\"async\" src=\"https:\/\/reporterre.net\/local\/cache-vignettes\/L700xH467\/pexels-denitsa-kireva-2915302-14479218_1_-6c4f0.jpg?1788273392\" class=\"spip_logo\" width=\"700\" height=\"467\" alt=\"\" \/><\/p>\n<p>Il n&rsquo;y aura bient\u00f4t plus de viande br\u00e9silienne dans les rayons. L&rsquo;Union europ\u00e9enne a annonc\u00e9, lundi 31\u00a0ao\u00fbt, qu&rsquo;elle allait suspendre ses importations de volaille et de b\u0153uf br\u00e9siliens \u00e0 partir du 3\u00a0septembre. Bruxelles estime que le pays latino-am\u00e9ricain n&rsquo;a pas apport\u00e9 suffisamment de garanties sur la conformit\u00e9 de ses produits avec les r\u00e8gles europ\u00e9ennes, notamment sur l&rsquo;utilisation abusive d&rsquo;antibiotiques dans l&rsquo;\u00e9levage. <br class=\"autobr\" \/><br \/>\n\u00ab<small class=\"fine d-inline\">\u00a0<\/small>Le Br\u00e9sil est un partenaire important de l&rsquo;<span class=\"caps\">UE<\/span> et nous\u00a0(\u2026)<\/p>\n<p>                    <a href=\"https:\/\/reporterre.net\/L-UE-suspend-ses-importations-de-viande-bresilienne-a-cause-d-antibiotiques-interdits?utm_source=RSS&amp;utm_medium=RSS\">Lire la suite<\/a><\/p>\n<p>                    &#8211;<br \/>\n                        <a href=\"https:\/\/reporterre.net\/Breves-20\" rel=\"directory\">En bref<\/a><\/p>\n<p>                    \/<br \/>\n                        <a href=\"https:\/\/reporterre.net\/Agriculture\" rel=\"tag\">Agriculture<\/a><\/p>\n<p class=\"verinews-source\">Source : <a href=\"https:\/\/reporterre.net\/L-UE-suspend-ses-importations-de-viande-bresilienne-a-cause-d-antibiotiques-interdits\" target=\"_blank\" rel=\"nofollow noopener\">Lire l\u2019article original<\/a><\/p>\n","protected":false},"excerpt":{"rendered":"<p>Il n&rsquo;y aura bient\u00f4t plus de viande br\u00e9silienne dans les rayons. L&rsquo;Union europ\u00e9enne a annonc\u00e9, lundi 31\u00a0ao\u00fbt, qu&rsquo;elle allait suspendre ses importations de volaille et de b\u0153uf br\u00e9siliens \u00e0 partir du 3\u00a0septembre. Bruxelles estime que\u2026<\/p>\n","protected":false},"author":1,"featured_media":27996,"comment_status":"open","ping_status":"open","sticky":false,"template":"","format":"standard","meta":{"footnotes":""},"categories":[1],"tags":[],"class_list":["post-31629","post","type-post","status-publish","format-standard","has-post-thumbnail","hentry","category-non-classe"],"_links":{"self":[{"href":"https:\/\/monde25.info\/index.php\/wp-json\/wp\/v2\/posts\/31629","targetHints":{"allow":["GET"]}}],"collection":[{"href":"https:\/\/monde25.info\/index.php\/wp-json\/wp\/v2\/posts"}],"about":[{"href":"https:\/\/monde25.info\/index.php\/wp-json\/wp\/v2\/types\/post"}],"author":[{"embeddable":true,"href":"https:\/\/monde25.info\/index.php\/wp-json\/wp\/v2\/users\/1"}],"replies":[{"embeddable":true,"href":"https:\/\/monde25.info\/index.php\/wp-json\/wp\/v2\/comments?post=31629"}],"version-history":[{"count":0,"href":"https:\/\/monde25.info\/index.php\/wp-json\/wp\/v2\/posts\/31629\/revisions"}],"wp:featuredmedia":[{"embeddable":true,"href":"https:\/\/monde25.info\/index.php\/wp-json\/wp\/v2\/media\/27996"}],"wp:attachment":[{"href":"https:\/\/monde25.info\/index.php\/wp-json\/wp\/v2\/media?parent=31629"}],"wp:term":[{"taxonomy":"category","embeddable":true,"href":"https:\/\/monde25.info\/index.php\/wp-json\/wp\/v2\/categories?post=31629"},{"taxonomy":"post_tag","embeddable":true,"href":"https:\/\/monde25.info\/index.php\/wp-json\/wp\/v2\/tags?post=31629"}],"curies":[{"name":"wp","href":"https:\/\/api.w.org\/{rel}","templated":true}]}}