{"id":3163,"date":"2025-02-23T02:39:11","date_gmt":"2025-02-23T01:39:11","guid":{"rendered":"https:\/\/monde25.info\/index.php\/2025\/02\/23\/50-ans-apres-ils-nont-aucun-regret\/"},"modified":"2025-02-23T02:39:11","modified_gmt":"2025-02-23T01:39:11","slug":"50-ans-apres-ils-nont-aucun-regret","status":"publish","type":"post","link":"https:\/\/monde25.info\/index.php\/2025\/02\/23\/50-ans-apres-ils-nont-aucun-regret\/","title":{"rendered":"50 ans apr\u00e8s, ils n\u2019ont aucun regret"},"content":{"rendered":"<p> <br \/>\n<\/p>\n<div>\n<p class=\"indication_lieu\">Cervi\u00e8res (Hautes-Alpes), reportage<\/p>\n<p>Quand Myrtille Brunet entre dans son \u00e9table, ses ch\u00e8vres se pr\u00e9cipitent vers elle en b\u00ealant. Un petit biquet tout brun glisse sa t\u00eate entre les barri\u00e8res \u00e0 la recherche de caresses. <i>\u00ab<small class=\"fine d-inline\">\u00a0<\/small>C\u2019est Voltaire, il est n\u00e9 l\u2019ann\u00e9e derni\u00e8re. Mon petit gar\u00e7on lui a donn\u00e9 le biberon. Du coup, on l\u2019a gard\u00e9<small class=\"fine d-inline\">\u00a0<\/small>\u00bb<\/i>, raconte la jeune \u00e9leveuse. Derri\u00e8re Voltaire, une biquette est perch\u00e9e sur une balan\u00e7oire en palettes, <i>\u00ab<small class=\"fine d-inline\">\u00a0<\/small>de quoi les occuper pendant les longs mois d\u2019hiver<small class=\"fine d-inline\">\u00a0<\/small>\u00bb<\/i>, poursuit l\u2019\u00e9leveuse de 36\u00a0ans. Avec sa m\u00e8re et ses deux s\u0153urs, Lise et Gentiane, elle a repris en 2011 l\u2019exploitation familiale, situ\u00e9e dans le petit village de Cervi\u00e8res, \u00e0 c\u00f4t\u00e9 de Brian\u00e7on, dans les Hautes-Alpes. Elles \u00e9l\u00e8vent une cinquantaine de ch\u00e8vres, une douzaine de vaches et autant de g\u00e9nisses pour fabriquer des fromages. Pourtant, leur havre de paix aurait pu ne jamais voir le jour.<\/p>\n<p>Si Myrtille a pu s\u2019installer sur la terre de ses anc\u00eatres, c\u2019est parce que son p\u00e8re et d\u2019autres agriculteurs du village se sont battus contre un projet de station de ski qui aurait b\u00e9tonn\u00e9 leurs p\u00e2turages. Dans les ann\u00e9es 1970, le gouvernement souhaitait construire ici la quinzi\u00e8me station du <a target=\"_blank\" href=\"https:\/\/fresques.ina.fr\/montagnes\/fiche-media\/Montag00065\/le-plan-neige-pour-l-amenagement-de-la-montagne.html\" class=\"spip_out\" rel=\"external\">plan neige<\/a>, une strat\u00e9gie \u00e9conomique visant \u00e0 cr\u00e9er <i>ex nihilo<\/i> des villes d\u00e9di\u00e9es \u00e0 l\u2019industrie du ski alpin. La Plagne, Les Arcs, Flaine, Les Menuires ou Avoriaz sortirent de terre \u00e0 grands coups de bulldozers. Les pistes furent creus\u00e9es dans les alpages, les for\u00eats ras\u00e9es pour \u00e9difier des immeubles, des routes creus\u00e9es \u00e0 flanc de montagne. C\u2019\u00e9tait l\u2019\u00e9poque des Trente Glorieuses, du tourisme de masse et de l\u2019or blanc.<\/p>\n<div class=\"spip_document_88858 spip_document spip_documents spip_document_image spip_documents_center spip_document_center spip_document_avec_legende\" data-legende-len=\"132\" data-legende-lenx=\"xxx\">\n<figure class=\"spip_doc_inner\">\n      <picture><source type=\"image\/webp\" srcset=\"https:\/\/reporterre.net\/local\/cache-vignettes\/L1050xH700\/cervieres-01-b48c3.jpg@.webp?1740045153\"><img decoding=\"async\" src=\"https:\/\/reporterre.net\/IMG\/jpg\/cervieres-01.jpg\" width=\"1200\" height=\"800\" loading=\"lazy\" alt=\"\"\/><br \/>\n    <\/source><\/picture><figcaption class=\"spip_doc_legende\">\n<p>Le village de Cervi\u00e8res (Hautes-Alpes) est situ\u00e9 \u00e0 1 600 m\u00e8tres d\u2019altitude, au pied du col d\u2019Izoard.<br \/>\n<i>\u00a9 Pablo Chignard \/ Reporterre<\/i><\/p>\n<\/figcaption><\/figure>\n<\/p><\/div>\n<p>\u00c0 Cervi\u00e8res, des remont\u00e9es m\u00e9caniques et 15\u00a0000 lits auraient d\u00fb sortir de terre, en m\u00eame temps qu\u2019un altiport et un golf.<\/p>\n<p>Les promoteurs immobiliers lorgnaient sur 6\u00a0500 hectares de la plaine du Bourget, le grenier \u00e0 foin du village. <i>\u00ab<small class=\"fine d-inline\">\u00a0<\/small>Si on nous l\u2019enl\u00e8ve, mes administr\u00e9s vont dispara\u00eetre<small class=\"fine d-inline\">\u00a0<\/small>\u00bb<\/i>, craignait alors Raymond Faure-Brac, le maire de l\u2019\u00e9poque, dans un <a target=\"_blank\" href=\"https:\/\/www.facebook.com\/france3regions\/videos\/1495624980936311\/\" class=\"spip_out\" rel=\"external\">document d\u2019archives retrouv\u00e9 par France 3<\/a>.<\/p>\n<div class=\"spip_document_88866 spip_document spip_documents spip_document_image spip_documents_center spip_document_center spip_document_avec_legende\" data-legende-len=\"121\" data-legende-lenx=\"xx\">\n<figure class=\"spip_doc_inner\">\n      <picture><source type=\"image\/webp\" srcset=\"https:\/\/reporterre.net\/local\/cache-vignettes\/L1050xH700\/cervieres-12-eaead.jpg@.webp?1740045092\"><img decoding=\"async\" src=\"https:\/\/reporterre.net\/IMG\/jpg\/cervieres-12.jpg\" width=\"1200\" height=\"800\" loading=\"lazy\" alt=\"\"\/><br \/>\n    <\/source><\/picture><figcaption class=\"spip_doc_legende\">\n<p>Bernadette Brunet montre des journaux locaux et nationaux de l\u2019\u00e9poque racontant la lutte.<br \/>\n<i>\u00a9 Pablo Chignard \/ Reporterre<\/i><\/p>\n<\/figcaption><\/figure>\n<\/p><\/div>\n<p>Pour les habitants, la plupart paysans, il \u00e9tait hors de question d\u2019abandonner leurs p\u00e2turages aux skieurs. Le p\u00e8re de Myrtille Brunet faisait partie des opposants. N\u00e9 en 1941, il avait \u00e0 peine 30 ans lorsque les promoteurs ont d\u00e9barqu\u00e9 pour racheter les terres&#8230; sans succ\u00e8s. Aucun paysan n\u2019a c\u00e9d\u00e9. Il faut dire que les compensations \u00e9taient d\u00e9risoires\u00a0: entre 30\u00a0et\u00a050\u00a0centimes de francs le m<sup class=\"typo_exposants\">2<\/sup> (moins de 0,25\u00a0euro). <i>\u00ab<small class=\"fine d-inline\">\u00a0<\/small>C\u2019\u00e9tait insignifiant<small class=\"fine d-inline\">\u00a0<\/small>\u00bb<\/i>, se souvient Fran\u00e7ois Brunet, assis sur une chaise au soleil au seuil de sa ferme.<\/p>\n<p>Recours juridiques, p\u00e9titions, m\u00e9diatisation&#8230; Au final, m\u00eame Jacques Chirac, alors ministre de l\u2019Agriculture, se rangea de leur c\u00f4t\u00e9. <i>\u00ab<small class=\"fine d-inline\">\u00a0<\/small>Le tourisme et son d\u00e9veloppement en montagne sont n\u00e9cessaires. Mais il est bien \u00e9vident qu\u2019il est \u00e9galement indispensable de conserver une activit\u00e9 \u00e9conomique permanente qui ne peut que relever de l\u2019agriculture<small class=\"fine d-inline\">\u00a0<\/small>\u00bb<\/i>, assurait-il dans un <a target=\"_blank\" href=\"https:\/\/www.facebook.com\/watch\/?v=1495624980936311\" class=\"spip_out\" rel=\"external\">document d\u2019archives<\/a>.<\/p>\n<p>Apr\u00e8s une d\u00e9cennie de lutte, le projet a \u00e9t\u00e9 abandonn\u00e9 \u00e0 la fin des ann\u00e9es 1970, sans r\u00e9elle annonce officielle.<\/p>\n<div class=\"spip_document_88860 spip_document spip_documents spip_document_image spip_documents_center spip_document_center spip_document_avec_legende\" data-legende-len=\"170\" data-legende-lenx=\"xxx\">\n<figure class=\"spip_doc_inner\">\n      <picture><source type=\"image\/webp\" srcset=\"https:\/\/reporterre.net\/local\/cache-vignettes\/L1050xH700\/cervieres-05-652f1.jpg@.webp?1740045153\"><img decoding=\"async\" src=\"https:\/\/reporterre.net\/IMG\/jpg\/cervieres-05.jpg\" width=\"1200\" height=\"800\" loading=\"lazy\" alt=\"\"\/><br \/>\n    <\/source><\/picture><figcaption class=\"spip_doc_legende\">\n<p>Myrtille tient la ferme des Brunet avec ses s\u0153urs Lise et Gentiane. Elles \u00e9l\u00e8vent des ch\u00e8vres et des vaches pour la confection de fromage.<br \/>\n<i>\u00a9 Pablo Chignard \/ Reporterre<\/i><\/p>\n<\/figcaption><\/figure>\n<\/p><\/div>\n<h2 class=\"spip\">Beaucoup de jeunes \u00e9leveurs, \u00ab<small class=\"fine d-inline\">\u00a0<\/small>un cas assez rare<small class=\"fine d-inline\">\u00a0<\/small>\u00bb<\/h2>\n<p>Depuis, \u00e0 Cervi\u00e8res, les associations \u00e9cologistes attendent la cr\u00e9ation d\u2019une r\u00e9serve naturelle. Mais le processus est au point mort. <i>\u00ab<small class=\"fine d-inline\">\u00a0<\/small>Le maire de Cervi\u00e8res n\u2019a pas tr\u00e8s envie d\u2019une r\u00e9serve, il a peur d\u2019avoir trop de contraintes, que la vall\u00e9e soit mise sous cloche<\/i>, d\u00e9plore Claude R\u00e9my, pr\u00e9sident de l\u2019association Arnica Montana depuis trente-six\u00a0ans. <i>Pourtant, elle serait n\u00e9cessaire pour mieux g\u00e9rer la fr\u00e9quentation touristique, r\u00e9fl\u00e9chir et pr\u00e9server ce patrimoine culturel.<small class=\"fine d-inline\">\u00a0<\/small>\u00bb<\/i><\/p>\n<p>Cette r\u00e9serve permettrait de sanctuariser d\u00e9finitivement les lieux, de couper court \u00e0 toute vell\u00e9it\u00e9 d\u2019am\u00e9nagement et de prot\u00e9ger les champs des agriculteurs qui se sont install\u00e9s ces derni\u00e8res ann\u00e9es. <i>\u00ab<small class=\"fine d-inline\">\u00a0<\/small>Nous sommes la seule commune dans la r\u00e9gion o\u00f9 il y a autant de jeunes \u00e9leveurs qui ont repris les exploitations. C\u2019est un cas assez rare<small class=\"fine d-inline\">\u00a0<\/small>\u00bb<\/i>, dit Bernadette Brunet, membre historique de l\u2019association Aesc.<\/p>\n<p>Son fils, Pierre, a repris l\u2019exploitation familiale avec sa compagne, Faustine Lengaigne. Ils \u00e9l\u00e8vent environ 200 brebis pour vendre leurs petits, labellis\u00e9s agneaux de Sisteron. Le couple nous re\u00e7oit dans une grande salle au-dessus de l\u2019\u00e9table, o\u00f9 ils accueillent les groupes pour des visites p\u00e9dagogiques. Les visiteurs peuvent y acheter des bonnets tricot\u00e9s avec la toison des animaux du troupeau.<\/p>\n<div class=\"spip_document_88868 spip_document spip_documents spip_document_image spip_documents_center spip_document_center spip_document_avec_legende\" data-legende-len=\"75\" data-legende-lenx=\"xx\">\n<figure class=\"spip_doc_inner\">\n      <picture><source type=\"image\/webp\" srcset=\"https:\/\/reporterre.net\/local\/cache-vignettes\/L1050xH700\/cervieres-16-250ed.jpg@.webp?1740045153\"><img decoding=\"async\" src=\"https:\/\/reporterre.net\/IMG\/jpg\/cervieres-16.jpg\" width=\"1200\" height=\"800\" loading=\"lazy\" alt=\"\"\/><br \/>\n    <\/source><\/picture><figcaption class=\"spip_doc_legende\">\n<p>La ferme p\u00e9dagogique de Pierre et Faustine.<br \/>\n<i>\u00a9 Pablo Chignard \/ Reporterre<\/i><\/p>\n<\/figcaption><\/figure>\n<\/p><\/div>\n<p>Pierre et Faustine avaient commenc\u00e9 leur vie professionnelle en ville. Mais il y a deux ans, ils ont d\u00e9cid\u00e9 de reprendre la ferme familiale. <i>\u00ab<small class=\"fine d-inline\">\u00a0<\/small>On est proches de la nature, des b\u00eates. C\u2019est un m\u00e9tier vari\u00e9 tout au long de l\u2019ann\u00e9e. Apr\u00e8s, c\u2019est s\u00fbr, on n\u2019a pas beaucoup de temps libre<small class=\"fine d-inline\">\u00a0<\/small>\u00bb<\/i>, sourit Pierre Brunet. Quand il repense \u00e0 la lutte men\u00e9e contre la station de ski, il ressent de la <i>\u00ab<small class=\"fine d-inline\">\u00a0<\/small>fiert\u00e9<small class=\"fine d-inline\">\u00a0<\/small>\u00bb<\/i>. <i>\u00ab<small class=\"fine d-inline\">\u00a0<\/small>Cervi\u00e8res est un village assez exceptionnel au niveau de l\u2019agriculture. Si on regarde les vall\u00e9es autour, c\u2019est pas autant d\u00e9velopp\u00e9.<small class=\"fine d-inline\">\u00a0<\/small>\u00bb<\/i><\/p>\n<p>M\u00eame si certaines fermes ont disparu avec le d\u00e9part \u00e0 la retraite de leurs propri\u00e9taires, le village a conserv\u00e9 sa vocation agricole et compte aujourd\u2019hui sept exploitations. Pourtant, les paysans doivent toujours se battre pour pr\u00e9server leurs champs. Le parc immobilier compte 60<small class=\"fine d-inline\">\u00a0<\/small>% de r\u00e9sidences secondaires. <i>\u00ab<small class=\"fine d-inline\">\u00a0<\/small>Le maire ne cherche pas \u00e0 construire comme \u00e0 Mon\u00eatier-les-Bains [composante de la station de ski de Serre Chevalier], o\u00f9 on ne pense qu\u2019\u00e0 \u00e7a. Mais il aimerait quand m\u00eame faire des parkings sur des terres agricoles, et il va construire un lotissement<small class=\"fine d-inline\">\u00a0<\/small>\u00bb<\/i>, poursuit Pierre Brunet. Celui-ci serait toutefois \u00eatre r\u00e9serv\u00e9 aux r\u00e9sidents permanents.<\/p>\n<div class=\"spip_document_88861 spip_document spip_documents spip_document_image spip_documents_center spip_document_center spip_document_avec_legende\" data-legende-len=\"74\" data-legende-lenx=\"xx\">\n<figure class=\"spip_doc_inner\">\n      <picture><source type=\"image\/webp\" srcset=\"https:\/\/reporterre.net\/local\/cache-vignettes\/L1050xH700\/cervieres-07-05c11.jpg@.webp?1740045093\"><img decoding=\"async\" src=\"https:\/\/reporterre.net\/IMG\/jpg\/cervieres-07.jpg\" width=\"1200\" height=\"800\" loading=\"lazy\" alt=\"\"\/><br \/>\n    <\/source><\/picture><figcaption class=\"spip_doc_legende\">\n<p>La ferme Brunet est tenue par trois s\u0153urs.<br \/>\n<i>\u00a9 Pablo Chignard \/ Reporterre<\/i><\/p>\n<\/figcaption><\/figure>\n<\/p><\/div>\n<p>Jean-Franck Vioujas, l\u2019\u00e9dile de Cervi\u00e8res, se d\u00e9fend d\u2019\u00eatre un grand b\u00e2tisseur. Peu loquace face aux journalistes, il n\u2019a pas vraiment envie de revenir sur la lutte contre la station de ski\u00a0: <i>\u00ab<small class=\"fine d-inline\">\u00a0<\/small>\u00c7a fait partie du pass\u00e9<small class=\"fine d-inline\">\u00a0<\/small>\u00bb<\/i>. Il pr\u00e9f\u00e8re mettre en avant l\u2019attractivit\u00e9 de son village, dont la population en croissance va bient\u00f4t compter 200 \u00e2mes. <i>\u00ab<small class=\"fine d-inline\">\u00a0<\/small>Nous sommes la seule commune du Brian\u00e7onnais qui gagne des habitants, car nous avons un foncier abordable<small class=\"fine d-inline\">\u00a0<\/small>\u00bb<\/i>, dit le maire. Le m<sup class=\"typo_exposants\">2<\/sup> d\u2019une maison co\u00fbte en moyenne 2\u00a0600 euros, contre 3\u00a0800\u00a0euros \u00e0 Brian\u00e7on.<\/p>\n<p>Le lotissement d\u00e9cri\u00e9 par Pierre Brunet permettra, selon Jean-Franck Vioujas, <a target=\"_blank\" href=\"https:\/\/cervieres.fr\/wp-content\/uploads\/sites\/268\/2025\/01\/Cervieres-Bulletin-N54-dec-2024.pdf\" class=\"spip_out\" rel=\"external\">de loger des r\u00e9sidents permanents<\/a>. <i>\u00ab<small class=\"fine d-inline\">\u00a0<\/small>Nous avons construit un lotissement il y a plus de dix ans. Dans le r\u00e8glement int\u00e9rieur, il est pr\u00e9cis\u00e9 que c\u2019\u00e9tait uniquement pour les r\u00e9sidents \u00e0 l\u2019ann\u00e9e. Pour l\u2019instant, on s\u2019y tient tr\u00e8s bien<small class=\"fine d-inline\">\u00a0<\/small>\u00bb<\/i>, affirme l\u2019\u00e9dile.<\/p>\n<p>Quelles que soient les ambitions immobili\u00e8res du maire, les membres de l\u2019association Aesc et beaucoup d\u2019agriculteurs continueront de veiller au grain afin que cette vall\u00e9e pr\u00e9serv\u00e9e ne soit pas d\u00e9figur\u00e9e par le b\u00e9ton.<\/p>\n<p><center><br \/>\n  <\/p>\n<p><\/center><\/p>\n<aside class=\"boite_encarts\">\n<div class=\"encart encart_gris noprint\">\n<p><strong>Puisque vous \u00eates l\u00e0&#8230;<\/strong><\/p>\n<p>&#8230; nous avons un petit service \u00e0 vous demander.<br class=\"autobr\"\/><br \/>\nEntre la pr\u00e9sence d\u2019un climatosceptique \u00e0 la t\u00eate de la premi\u00e8re puissance mondiale, un gouvernement fran\u00e7ais qui flirte avec l\u2019extr\u00eame-droite, et les catastrophes climatiques qui s\u2019enchainent&#8230; Faire vivre l\u2019\u00e9cologie dans le d\u00e9bat public est un enjeu crucial.<\/p>\n<p>Personne ne modifie ce que nous publions. Nous n\u2019avons ni actionnaire, ni propri\u00e9taire milliardaire \u2014 seulement une \u00e9quipe d\u2019irr\u00e9ductibles journalistes, pleine de d\u00e9termination.<\/p>\n<p>Nous avons la conviction que l\u2019urgence \u00e9cologique est l\u2019enjeu majeur de notre \u00e9poque. Et comme plus de 2 millions de lectrices et lecteurs chaque mois, vous partagez sans doute cette conviction&#8230;<\/p>\n<p><strong>Depuis 12 ans, nous publions des articles de qualit\u00e9 sur l\u2019\u00e9cologie, en acc\u00e8s libre et sans publicit\u00e9, pour tous.<\/strong><br class=\"autobr\"\/><br \/>\nMais ce travail demande beaucoup de temps et de ressources.<\/p>\n<p>Alors, si vous en avez les moyens, sachez qu\u2019un don, m\u00eame d\u20191\u20ac, est un acte de soutien fort pour l\u2019\u00e9cologie et le journalisme ind\u00e9pendant.<br class=\"autobr\"\/><br \/>\n(Et \u00e7a vous prendra moins de temps que la lecture de ce texte).<\/p>\n<p><strong>Si vous le pouvez, choisissez un soutien mensuel. Merci.<\/strong><\/p>\n<p><a target=\"_blank\" href=\"https:\/\/reporterre.net\/dons\" class=\"bt_soutenir\">Je soutiens <i>Reporterre<\/i><\/a><\/p>\n<\/p><\/div>\n<div class=\"encart encart_vert noprint montre_1023\">\n<div class=\"infolettre-form-container noprint\">\n<p>Abonnez-vous \u00e0 la lettre d\u2019info de Reporterre<\/p>\n<\/div><\/div>\n<\/aside>\n<aside class=\"boite_apresarticle encart_note\">\n<h4>Apr\u00e8s cet article<\/h4>\n<p>      <a target=\"_blank\" href=\"https:\/\/reporterre.net\/Face-au-manque-de-neige-les-habitants-font-revivre-les-stations-delaissees\" class=\"lien_article\">\n      <picture class=\"vignette_gauche\"><source type=\"image\/webp\" srcset=\"https:\/\/reporterre.net\/local\/cache-vignettes\/L450xH300\/station-saint-hilaire-du-touvet-01-a50e9.jpg@.webp?1737374508\"><img decoding=\"async\" src=\"https:\/\/reporterre.net\/local\/cache-vignettes\/L450xH300\/station-saint-hilaire-du-touvet-01-a50e9.jpg?1737374508\" width=\"450\" height=\"300\" alt=\"\" class=\"marge12\" loading=\"lazy\"\/><br \/>\n<\/source><\/picture>\n<p class=\"libelle\">\n<p>          Reportage \u2014<\/p>\n<p>      Montagne\n    <\/p>\n<p class=\"titre pol20\">Face au manque de neige, les habitants font revivre les stations d\u00e9laiss\u00e9es<\/p>\n<p>      <\/a><br \/>\n    <\/aside>\n<aside class=\"boite_complement texte\">\n<p>      <!-- zone_forum --><br \/>\n          <\/aside>\n<aside class=\"boite_lireaussi noprint\">\n<\/aside>\n<aside class=\"colonne\">\n<div class=\"article_info cache_1023 noprint\">\n<p>    <span class=\"date\">22 f\u00e9vrier 2025  \u00e0 08h15<\/span><\/p>\n<p>    <span class=\"date_modif\">Mis \u00e0 jour le 22 f\u00e9vrier 2025 \u00e0 11h08<\/span>      <\/p>\n<p class=\"duree_lecture\">\n        Dur\u00e9e de lecture : 6 minutes\n      <\/p>\n<\/p><\/div>\n<div class=\"bloc_infolettre\">\n<div class=\"infolettre-form-container noprint\">\n<p>Abonnez-vous \u00e0 la lettre d\u2019info de Reporterre<\/p>\n<\/div><\/div>\n<\/aside><\/div>\n<p><br \/>\n<br \/><a href=\"https:\/\/reporterre.net\/Ils-ont-dit-non-a-une-station-de-ski-50-ans-apres-ils-n-ont-aucun-regret\" target=\"_blank\"\">Source link <\/a><\/p>\n","protected":false},"excerpt":{"rendered":"<p>Cervi\u00e8res (Hautes-Alpes), reportage Quand Myrtille Brunet entre dans son \u00e9table, ses ch\u00e8vres se pr\u00e9cipitent vers elle en b\u00ealant. Un petit biquet tout brun glisse sa t\u00eate entre les barri\u00e8res \u00e0&hellip; <\/p>\n","protected":false},"author":1,"featured_media":3164,"comment_status":"open","ping_status":"open","sticky":false,"template":"","format":"standard","meta":{"footnotes":""},"categories":[1],"tags":[],"class_list":["post-3163","post","type-post","status-publish","format-standard","has-post-thumbnail","hentry","category-non-classe"],"_links":{"self":[{"href":"https:\/\/monde25.info\/index.php\/wp-json\/wp\/v2\/posts\/3163","targetHints":{"allow":["GET"]}}],"collection":[{"href":"https:\/\/monde25.info\/index.php\/wp-json\/wp\/v2\/posts"}],"about":[{"href":"https:\/\/monde25.info\/index.php\/wp-json\/wp\/v2\/types\/post"}],"author":[{"embeddable":true,"href":"https:\/\/monde25.info\/index.php\/wp-json\/wp\/v2\/users\/1"}],"replies":[{"embeddable":true,"href":"https:\/\/monde25.info\/index.php\/wp-json\/wp\/v2\/comments?post=3163"}],"version-history":[{"count":0,"href":"https:\/\/monde25.info\/index.php\/wp-json\/wp\/v2\/posts\/3163\/revisions"}],"wp:featuredmedia":[{"embeddable":true,"href":"https:\/\/monde25.info\/index.php\/wp-json\/wp\/v2\/media\/3164"}],"wp:attachment":[{"href":"https:\/\/monde25.info\/index.php\/wp-json\/wp\/v2\/media?parent=3163"}],"wp:term":[{"taxonomy":"category","embeddable":true,"href":"https:\/\/monde25.info\/index.php\/wp-json\/wp\/v2\/categories?post=3163"},{"taxonomy":"post_tag","embeddable":true,"href":"https:\/\/monde25.info\/index.php\/wp-json\/wp\/v2\/tags?post=3163"}],"curies":[{"name":"wp","href":"https:\/\/api.w.org\/{rel}","templated":true}]}}