{"id":31649,"date":"2026-09-02T02:41:08","date_gmt":"2026-09-02T00:41:08","guid":{"rendered":"https:\/\/monde25.info\/index.php\/2026\/09\/02\/vanuatu-porte-son-differend-territorial-avec-la-france-devant-la-cij\/"},"modified":"2026-09-02T02:41:08","modified_gmt":"2026-09-02T00:41:08","slug":"vanuatu-porte-son-differend-territorial-avec-la-france-devant-la-cij","status":"publish","type":"post","link":"https:\/\/monde25.info\/index.php\/2026\/09\/02\/vanuatu-porte-son-differend-territorial-avec-la-france-devant-la-cij\/","title":{"rendered":"Vanuatu porte son diff\u00e9rend territorial avec la France devant la CIJ"},"content":{"rendered":"<p>L&rsquo;&Eacute;tat insulaire du Vanuatu, situ&eacute; dans l&rsquo;oc&eacute;an Pacifique, a d&eacute;pos&eacute; une requ&ecirc;te devant la Cour internationale de justice (CIJ), le 31 ao&ucirc;t, concernant un diff&eacute;rend qui l&rsquo;oppose &agrave; l&rsquo;&Eacute;tat fran&ccedil;ais au sujet de &laquo; la souverainet&eacute; du Vanuatu sur les &icirc;les Umaenupne (Matthew) et Umaeneg\/Leka (Hunter) &raquo;.<\/p>\n<p>La proc&eacute;dure concerne &eacute;galement &laquo; l&rsquo;&eacute;tablissement d&rsquo;une fronti&egrave;re maritime unique entre les zones &eacute;conomiques exclusives et les plateaux continentaux du Vanuatu et de la France (en ce qui concerne la Nouvelle-Cal&eacute;donie) &raquo;, indique un communiqu&eacute; de la CIJ publi&eacute; ce 1er septembre. Le Vanuatu revendique la souverainet&eacute; sur ces territoires depuis son accession &agrave; l&rsquo;ind&eacute;pendance vis-&agrave;-vis de la France et du Royaume-Uni en 1980.<\/p>\n<h2>L&rsquo;affaire ne sera examin&eacute;e que si la France accepte la comp&eacute;tence de la CIJ<\/h2>\n<p>Selon le communiqu&eacute; de la Cour, le Vanuatu entend fonder la comp&eacute;tence de la CIJ sur le paragraphe 5 de l&rsquo;article 38 de son R&egrave;glement. Cette disposition pr&eacute;voit qu&rsquo;aucun acte de proc&eacute;dure ne peut &ecirc;tre engag&eacute; tant que l&rsquo;&Eacute;tat contre lequel la requ&ecirc;te est form&eacute;e &mdash; en l&rsquo;occurrence la France &mdash; n&rsquo;a pas accept&eacute; la comp&eacute;tence de la Cour pour conna&icirc;tre du diff&eacute;rend.<\/p>\n<p>La CIJ a par ailleurs indiqu&eacute; que la requ&ecirc;te du Vanuatu avait &eacute;t&eacute; transmise &agrave; la France, pr&eacute;cisant qu&rsquo;&laquo; aucun acte de proc&eacute;dure ne sera effectu&eacute; tant que celle-ci n&rsquo;aura pas accept&eacute; la comp&eacute;tence de la Cour en l&rsquo;esp&egrave;ce &raquo;.<\/p>\n<h2>Deux petites &icirc;les, une vaste zone &eacute;conomique exclusive<\/h2>\n<p>Les &icirc;les contest&eacute;es sont inhabit&eacute;es et disposent d&rsquo;une superficie inf&eacute;rieure &agrave; un kilom&egrave;tre carr&eacute;. Ce petit territoire permet tout de m&ecirc;me &agrave; la France de disposer d&rsquo;une zone &eacute;conomique exclusive (ZEE) de 350 000 kilom&egrave;tres carr&eacute;s, d&rsquo;o&ugrave; son int&eacute;r&ecirc;t pour le gouvernement fran&ccedil;ais qui refuse de c&eacute;der la souverainet&eacute; de ces &icirc;les. Si les discussions sont toujours en cours entre les deux gouvernements depuis 2025 pour trouver un accord sur les d&eacute;limitations de la ZEE de chaque pays, elles ont &eacute;t&eacute; repouss&eacute;es cette ann&eacute;e.<\/p>\n<p>Le Premier ministre du Vanuatu, Jotham Napat, avait point&eacute; les pratiques coloniales et menac&eacute;, en mai dernier, de recourir &agrave;&nbsp;&laquo;&nbsp;toutes les voies diplomatiques et juridiques internationales&nbsp;&raquo; en cas d&rsquo;&eacute;chec des discussions avec la France. Si la France accepte l&rsquo;arbitrage de la CIJ dans ce litige, les d&eacute;cisions de la Cour ont certes un caract&egrave;re contraignant, mais ne disposent cependant d&rsquo;aucun moyen pouvant garantir leur application.<\/p>\n<\/p>\n<p class=\"verinews-source\">Source : <a href=\"https:\/\/francais.rt.com\/france\/137615-vanuatu-porte-son-differend-territorial-france-cij\" target=\"_blank\" rel=\"nofollow noopener\">Lire l\u2019article original<\/a><\/p>\n","protected":false},"excerpt":{"rendered":"<p>L\u2019archipel du Pacifique a d\u00e9pos\u00e9 une requ\u00eate devant la Cour internationale de justice concernant la souverainet\u00e9 sur deux \u00eeles strat\u00e9giques et l\u2019\u00e9tablissement d\u2019une fronti\u00e8re maritime unique entre les zones \u00e9conomiques exclusives et les plateaux continentaux\u2026<\/p>\n","protected":false},"author":1,"featured_media":31650,"comment_status":"open","ping_status":"open","sticky":false,"template":"","format":"standard","meta":{"footnotes":""},"categories":[1],"tags":[],"class_list":["post-31649","post","type-post","status-publish","format-standard","has-post-thumbnail","hentry","category-non-classe"],"_links":{"self":[{"href":"https:\/\/monde25.info\/index.php\/wp-json\/wp\/v2\/posts\/31649","targetHints":{"allow":["GET"]}}],"collection":[{"href":"https:\/\/monde25.info\/index.php\/wp-json\/wp\/v2\/posts"}],"about":[{"href":"https:\/\/monde25.info\/index.php\/wp-json\/wp\/v2\/types\/post"}],"author":[{"embeddable":true,"href":"https:\/\/monde25.info\/index.php\/wp-json\/wp\/v2\/users\/1"}],"replies":[{"embeddable":true,"href":"https:\/\/monde25.info\/index.php\/wp-json\/wp\/v2\/comments?post=31649"}],"version-history":[{"count":0,"href":"https:\/\/monde25.info\/index.php\/wp-json\/wp\/v2\/posts\/31649\/revisions"}],"wp:featuredmedia":[{"embeddable":true,"href":"https:\/\/monde25.info\/index.php\/wp-json\/wp\/v2\/media\/31650"}],"wp:attachment":[{"href":"https:\/\/monde25.info\/index.php\/wp-json\/wp\/v2\/media?parent=31649"}],"wp:term":[{"taxonomy":"category","embeddable":true,"href":"https:\/\/monde25.info\/index.php\/wp-json\/wp\/v2\/categories?post=31649"},{"taxonomy":"post_tag","embeddable":true,"href":"https:\/\/monde25.info\/index.php\/wp-json\/wp\/v2\/tags?post=31649"}],"curies":[{"name":"wp","href":"https:\/\/api.w.org\/{rel}","templated":true}]}}