{"id":31660,"date":"2026-09-02T15:20:56","date_gmt":"2026-09-02T13:20:56","guid":{"rendered":"https:\/\/monde25.info\/index.php\/2026\/09\/02\/assurance-vie-pourquoi-la-collecte-a-marque-le-pas-en-juillet-malgre-une-annee-quasi-record\/"},"modified":"2026-09-02T15:20:56","modified_gmt":"2026-09-02T13:20:56","slug":"assurance-vie-pourquoi-la-collecte-a-marque-le-pas-en-juillet-malgre-une-annee-quasi-record","status":"publish","type":"post","link":"https:\/\/monde25.info\/index.php\/2026\/09\/02\/assurance-vie-pourquoi-la-collecte-a-marque-le-pas-en-juillet-malgre-une-annee-quasi-record\/","title":{"rendered":"Assurance-vie : pourquoi la collecte a marqu\u00e9 le pas en juillet, malgr\u00e9 une ann\u00e9e quasi record"},"content":{"rendered":"<div style=\"max-width: 760px;margin: 0 auto;line-height: 1.8;font-family: system-ui, -apple-system, &apos;Segoe UI&apos;, sans-serif;color: #1a1a2e;font-size: 16px\">\n<div style=\"background: linear-gradient(135deg,#1e3a5f 0%,#2563eb 100%);border-radius: 10px;padding: 20px 24px;margin-bottom: 24px;color: #ffffff\">\n  <span style=\"background:#facc15;color:#1a1a2e;padding: 3px 10px;border-radius: 4px;font-size: 13px;font-weight: 600\">\u00c9conomie<\/span><br \/>\n  <span style=\"margin-left:10px;font-size: 14px;opacity:0.9\">1er septembre 2026<\/span><\/p>\n<h1 style=\"margin: 12px 0 0;font-size: 26px;line-height:1.3\">Assurance-vie : pourquoi la collecte a marqu\u00e9 le pas en juillet, malgr\u00e9 une ann\u00e9e quasi record<\/h1>\n<\/div>\n<div style=\"background:#f8fafc;border:1px solid #e2e8f0;border-radius:8px;padding:16px 20px;margin-bottom:24px\">\n<p style=\"margin:0 0 8px;font-weight:600;color:#1e3a5f\"><img decoding=\"async\" src=\"https:\/\/s.w.org\/images\/core\/emoji\/17.0.2\/72x72\/1f4cb.png\" alt=\"\ud83d\udccb\" class=\"wp-smiley\" style=\"height: 1em;max-height: 1em\" \/> Sommaire<\/p>\n<ol style=\"margin:0;padding-left:20px;color:#334155\">\n<li><a href=\"#essentiel\" style=\"color:#2563eb;text-decoration:none\">L&rsquo;essentiel en une minute<\/a><\/li>\n<li><a href=\"#juillet\" style=\"color:#2563eb;text-decoration:none\">Juillet 2026 : un mois en trompe-l&rsquo;\u0153il<\/a><\/li>\n<li><a href=\"#pourquoi\" style=\"color:#2563eb;text-decoration:none\">Pourquoi la collecte nette recule alors que les d\u00e9p\u00f4ts explosent<\/a><\/li>\n<li><a href=\"#mecanisme\" style=\"color:#2563eb;text-decoration:none\">Comment fonctionne r\u00e9ellement un contrat d&rsquo;assurance-vie<\/a><\/li>\n<li><a href=\"#rendement\" style=\"color:#2563eb;text-decoration:none\">Fonds euros : \u00e0 quel rendement s&rsquo;attendre en 2026<\/a><\/li>\n<li><a href=\"#fiscalite\" style=\"color:#2563eb;text-decoration:none\">La fiscalit\u00e9 de l&rsquo;assurance-vie, expliqu\u00e9e simplement<\/a><\/li>\n<li><a href=\"#cohabiter\" style=\"color:#2563eb;text-decoration:none\">Assurance-vie, PEA, Livret A : comment les faire cohabiter<\/a><\/li>\n<li><a href=\"#conclusion\" style=\"color:#2563eb;text-decoration:none\">Conclusion<\/a><\/li>\n<li><a href=\"#limites\" style=\"color:#2563eb;text-decoration:none\">Limites de cet article<\/a><\/li>\n<li><a href=\"#faq\" style=\"color:#2563eb;text-decoration:none\">Questions fr\u00e9quentes<\/a><\/li>\n<li><a href=\"#sources\" style=\"color:#2563eb;text-decoration:none\">Sources<\/a><\/li>\n<\/ol>\n<\/div>\n<div style=\"background:#fefce8;border-left:4px solid #facc15;padding:16px 20px;margin-bottom:28px;border-radius:0 6px 6px 0\">\n<p style=\"margin:0;color:#374151\">L&rsquo;enveloppe pr\u00e9f\u00e9r\u00e9e des Fran\u00e7ais a enregistr\u00e9 <strong>18,8 milliards d&rsquo;euros<\/strong> de cotisations en juillet 2026, un record mensuel \u2014 mais la collecte nette, elle, a recul\u00e9 de <strong>400 millions d&rsquo;euros<\/strong> sur un an. Deux chiffres, une seule question pour l&rsquo;\u00e9pargnant : faut-il s&rsquo;inqui\u00e9ter, et comment fonctionne vraiment ce placement que 18 millions de foyers d\u00e9tiennent sans toujours en ma\u00eetriser les rouages ?<\/p>\n<\/div>\n<h2 id=\"essentiel\" style=\"color:#1e3a5f;font-size:22px;margin-top:32px\"><img decoding=\"async\" src=\"https:\/\/s.w.org\/images\/core\/emoji\/17.0.2\/72x72\/1f50e.png\" alt=\"\ud83d\udd0e\" class=\"wp-smiley\" style=\"height: 1em;max-height: 1em\" \/> L&rsquo;essentiel en une minute<\/h2>\n<p>L&rsquo;assurance-vie reste en 2026 le placement financier pr\u00e9f\u00e9r\u00e9 des Fran\u00e7ais, avec une collecte nette cumul\u00e9e de <strong>41,3 milliards d&rsquo;euros<\/strong> sur les sept premiers mois de l&rsquo;ann\u00e9e \u2014 la meilleure performance depuis vingt ans. Mais en juillet, ce rythme s&rsquo;est bri\u00e8vement gripp\u00e9 : les retraits ont progress\u00e9 plus vite que les nouveaux versements nets, dans un contexte de hausse des taux d&rsquo;int\u00e9r\u00eat souverains fran\u00e7ais qui bouscule le rendement des fonds euros. Rien d&rsquo;alarmant \u00e0 ce stade, mais une bonne occasion de comprendre comment fonctionne r\u00e9ellement ce produit avant d&rsquo;y placer, ou d&rsquo;y laisser dormir, son \u00e9pargne.<\/p>\n<hr style=\"border:none;border-top:1px solid #e5e7eb;margin:28px 0\">\n<h2 id=\"juillet\" style=\"color:#1e3a5f;font-size:22px\"><img decoding=\"async\" src=\"https:\/\/s.w.org\/images\/core\/emoji\/17.0.2\/72x72\/1f4b6.png\" alt=\"\ud83d\udcb6\" class=\"wp-smiley\" style=\"height: 1em;max-height: 1em\" \/> Juillet 2026 : un mois en trompe-l&rsquo;\u0153il<\/h2>\n<p>Sur le papier, juillet 2026 a tout d&rsquo;un mois record pour l&rsquo;assurance-vie. Les Fran\u00e7ais y ont vers\u00e9 <strong>18,8 milliards d&rsquo;euros<\/strong> de cotisations, un plus haut mensuel jamais atteint pour ce produit. Mais dans le m\u00eame temps, les retraits \u2014 que les assureurs appellent les \u00ab prestations \u00bb \u2014 ont eux aussi progress\u00e9 de <strong>4 %<\/strong> sur un an, pour atteindre <strong>14,1 milliards d&rsquo;euros<\/strong>.<\/p>\n<p>Une fois les deux flux mis en balance, la <strong>collecte nette<\/strong> \u2014 c&rsquo;est-\u00e0-dire ce qu&rsquo;il reste r\u00e9ellement d&rsquo;argent frais investi une fois les sorties d\u00e9duites \u2014 ressort \u00e0 <strong>4,7 milliards d&rsquo;euros<\/strong> pour le seul mois de juillet, soit <strong>400 millions d&rsquo;euros de moins qu&rsquo;en juillet 2025<\/strong>. C&rsquo;est ce chiffre-l\u00e0, et non celui des cotisations brutes, qui permet de dire que l&rsquo;assurance-vie \u00ab a marqu\u00e9 le pas \u00bb : les Fran\u00e7ais continuent d&rsquo;alimenter massivement leurs contrats, mais ils en retirent aussi davantage qu&rsquo;avant.<\/p>\n<hr style=\"border:none;border-top:1px solid #e5e7eb;margin:28px 0\">\n<h2 id=\"pourquoi\" style=\"color:#1e3a5f;font-size:22px\"><img decoding=\"async\" src=\"https:\/\/s.w.org\/images\/core\/emoji\/17.0.2\/72x72\/1f4c9.png\" alt=\"\ud83d\udcc9\" class=\"wp-smiley\" style=\"height: 1em;max-height: 1em\" \/> Pourquoi la collecte nette recule alors que les d\u00e9p\u00f4ts explosent<\/h2>\n<p>Ce repli mensuel ne doit pas faire oublier le tableau d&rsquo;ensemble : sur les sept premiers mois de 2026, la collecte nette cumul\u00e9e atteint <strong>41,3 milliards d&rsquo;euros<\/strong>, soit <strong>8,7 milliards d&rsquo;euros de plus qu&rsquo;\u00e0 la m\u00eame p\u00e9riode en 2025<\/strong> \u2014 la deuxi\u00e8me meilleure performance de l&rsquo;histoire de l&rsquo;assurance-vie fran\u00e7aise, derri\u00e8re l&rsquo;ann\u00e9e 2006. Le ralentissement de juillet est donc avant tout un accident de calendrier au sein d&rsquo;une ann\u00e9e exceptionnelle, pas un retournement de tendance.<\/p>\n<p>Deux facteurs expliquent la hausse simultan\u00e9e des retraits. D&rsquo;abord, une partie des \u00e9pargnants arbitrent leur \u00e9pargne vers d&rsquo;autres supports \u00e0 mesure que les taux d&rsquo;int\u00e9r\u00eat \u00e9voluent. Ensuite, et surtout, la remont\u00e9e des taux d&rsquo;int\u00e9r\u00eat sur la dette souveraine fran\u00e7aise p\u00e8se directement sur le rendement attendu des fonds euros, dans lesquels l&rsquo;essentiel des nouveaux versements de juillet ont \u00e9t\u00e9 fl\u00e9ch\u00e9s \u2014 une prudence des \u00e9pargnants qui contraste avec l&rsquo;incertitude sur ces m\u00eames obligations d&rsquo;\u00c9tat, comme l&rsquo;a rappel\u00e9 <a href=\"https:\/\/liberta.press\/2026\/08\/31\/fitch-note-dette-france\/\" style=\"color:#2563eb\">l&rsquo;agence Fitch en maintenant la note de la dette fran\u00e7aise tout en alertant sur le d\u00e9ficit<\/a> fin ao\u00fbt.<\/p>\n<hr style=\"border:none;border-top:1px solid #e5e7eb;margin:28px 0\">\n<h2 id=\"mecanisme\" style=\"color:#1e3a5f;font-size:22px\"><img decoding=\"async\" src=\"https:\/\/s.w.org\/images\/core\/emoji\/17.0.2\/72x72\/1f3e6.png\" alt=\"\ud83c\udfe6\" class=\"wp-smiley\" style=\"height: 1em;max-height: 1em\" \/> Comment fonctionne r\u00e9ellement un contrat d&rsquo;assurance-vie<\/h2>\n<p>Contrairement \u00e0 ce que son nom laisse penser, l&rsquo;assurance-vie n&rsquo;a rien d&rsquo;une assurance d\u00e9c\u00e8s classique : c&rsquo;est avant tout une <strong>enveloppe fiscale<\/strong> dans laquelle on peut loger de l&rsquo;\u00e9pargne, avec deux grandes familles de supports.<\/p>\n<h3 style=\"color:#334155;font-size:18px\">Le fonds en euros : la s\u00e9curit\u00e9 avant tout<\/h3>\n<p>Le capital vers\u00e9 sur un fonds euros est <strong>garanti par l&rsquo;assureur<\/strong> : sa valeur ne peut pas baisser d&rsquo;une ann\u00e9e sur l&rsquo;autre (hors frais). En contrepartie, le rendement est modeste, car l&rsquo;assureur investit l&rsquo;essentiel de cet argent dans des <strong>obligations<\/strong> \u2014 des titres de dette publique et priv\u00e9e jug\u00e9s peu risqu\u00e9s \u2014 qui composent <strong>60 \u00e0 95 % des actifs<\/strong> d&rsquo;un fonds euros typique.<\/p>\n<h3 style=\"color:#334155;font-size:18px\">Les unit\u00e9s de compte : plus de potentiel, pas de garantie<\/h3>\n<p>\u00c0 l&rsquo;oppos\u00e9, les <strong>unit\u00e9s de compte<\/strong> (UC) placent l&rsquo;\u00e9pargne sur des supports plus dynamiques \u2014 actions, obligations d&rsquo;entreprises, immobilier \u2014 dont la valeur suit les march\u00e9s financiers. Le potentiel de gain est plus \u00e9lev\u00e9 sur le long terme, mais <strong>le capital n&rsquo;est pas garanti<\/strong> : il peut baisser, y compris fortement en cas de crise boursi\u00e8re.<\/p>\n<p>Un contrat d&rsquo;assurance-vie peut combiner les deux, dans une proportion que l&rsquo;\u00e9pargnant choisit et ajuste dans le temps \u2014 une d\u00e9cision qui d\u00e9pend avant tout de son horizon de placement et de sa tol\u00e9rance au risque, pas d&rsquo;une martingale universelle.<\/p>\n<hr style=\"border:none;border-top:1px solid #e5e7eb;margin:28px 0\">\n<h2 id=\"rendement\" style=\"color:#1e3a5f;font-size:22px\"><img decoding=\"async\" src=\"https:\/\/s.w.org\/images\/core\/emoji\/17.0.2\/72x72\/1f4c8.png\" alt=\"\ud83d\udcc8\" class=\"wp-smiley\" style=\"height: 1em;max-height: 1em\" \/> Fonds euros : \u00e0 quel rendement s&rsquo;attendre en 2026<\/h2>\n<p>Apr\u00e8s une moyenne de <strong>2,65 %<\/strong> en 2025, le cabinet sp\u00e9cialis\u00e9 Good Value for Money anticipe un rendement moyen des fonds euros autour de <strong>2,90 %<\/strong> pour 2026 \u2014 un chiffre qui reste une <strong>pr\u00e9vision de professionnels du secteur, pas une garantie<\/strong>, et qui varie fortement d&rsquo;un assureur \u00e0 l&rsquo;autre.<\/p>\n<div style=\"background:#fff7ed;border:1px solid #fed7aa;border-radius:8px;padding:16px 20px;margin:20px 0\">\n<p style=\"margin:0;color:#9a3412\"><strong><img decoding=\"async\" src=\"https:\/\/s.w.org\/images\/core\/emoji\/17.0.2\/72x72\/26a0.png\" alt=\"\u26a0\" class=\"wp-smiley\" style=\"height: 1em;max-height: 1em\" \/> \u00c0 noter :<\/strong> la dette fran\u00e7aise ne repr\u00e9sente qu&rsquo;un peu moins de <strong>20 % des actifs<\/strong> d\u00e9tenus dans les fonds euros \u2014 largement diversifi\u00e9s sur d&rsquo;autres \u00e9metteurs d&rsquo;obligations. La remont\u00e9e des taux souverains fran\u00e7ais, si elle se poursuit, jouera n\u00e9anmoins un r\u00f4le croissant sur le rendement futur de ces fonds, dans un sens ou dans l&rsquo;autre selon le moment o\u00f9 les obligations sont achet\u00e9es ou renouvel\u00e9es.<\/p>\n<\/div>\n<hr style=\"border:none;border-top:1px solid #e5e7eb;margin:28px 0\">\n<h2 id=\"fiscalite\" style=\"color:#1e3a5f;font-size:22px\"><img decoding=\"async\" src=\"https:\/\/s.w.org\/images\/core\/emoji\/17.0.2\/72x72\/1f9fe.png\" alt=\"\ud83e\uddfe\" class=\"wp-smiley\" style=\"height: 1em;max-height: 1em\" \/> La fiscalit\u00e9 de l&rsquo;assurance-vie, expliqu\u00e9e simplement<\/h2>\n<p>C&rsquo;est souvent la raison pour laquelle l&rsquo;assurance-vie reste si populaire : sa fiscalit\u00e9 devient nettement plus favorable avec le temps.<\/p>\n<ul style=\"padding-left:20px;color:#374151\">\n<li><strong>Avant 8 ans<\/strong> : les gains retir\u00e9s sont soumis au pr\u00e9l\u00e8vement forfaitaire unique (PFU) de <strong>12,8 %<\/strong>, auxquels s&rsquo;ajoutent <strong>17,2 %<\/strong> de pr\u00e9l\u00e8vements sociaux \u2014 soit 30 % au total, comme pour la plupart des autres placements financiers.<\/li>\n<li><strong>Apr\u00e8s 8 ans<\/strong> : un abattement annuel s&rsquo;applique sur les gains retir\u00e9s \u2014 <strong>4 600 \u20ac<\/strong> pour une personne seule, <strong>9 200 \u20ac<\/strong> pour un couple soumis \u00e0 imposition commune \u2014 avant tout imp\u00f4t sur le revenu. Au-del\u00e0 de cet abattement, le taux redescend \u00e0 <strong>7,5 %<\/strong> pour la part de gains issue de versements inf\u00e9rieurs \u00e0 150 000 \u20ac (au-del\u00e0 de ce seuil de versements, le taux remonte \u00e0 12,8 %). Les pr\u00e9l\u00e8vements sociaux de 17,2 % restent dus dans tous les cas.<\/li>\n<li><strong>En cas de d\u00e9c\u00e8s<\/strong> : chaque b\u00e9n\u00e9ficiaire d\u00e9sign\u00e9 profite d&rsquo;un abattement de <strong>152 500 \u20ac<\/strong> sur les sommes vers\u00e9es avant les 70 ans de l&rsquo;assur\u00e9, hors droits de succession classiques.<\/li>\n<\/ul>\n<hr style=\"border:none;border-top:1px solid #e5e7eb;margin:28px 0\">\n<h2 id=\"cohabiter\" style=\"color:#1e3a5f;font-size:22px\"><img decoding=\"async\" src=\"https:\/\/s.w.org\/images\/core\/emoji\/17.0.2\/72x72\/2696.png\" alt=\"\u2696\" class=\"wp-smiley\" style=\"height: 1em;max-height: 1em\" \/> Assurance-vie, PEA, Livret A : comment les faire cohabiter<\/h2>\n<p>Aucun de ces produits ne remplace l&rsquo;autre : ils r\u00e9pondent \u00e0 des besoins diff\u00e9rents. Le <strong>Livret A<\/strong> sert d&rsquo;\u00e9pargne de pr\u00e9caution imm\u00e9diatement disponible. Le <strong>PEA<\/strong> (plan d&rsquo;\u00e9pargne en actions), plafonn\u00e9 \u00e0 <strong>150 000 \u20ac<\/strong> de versements, est r\u00e9serv\u00e9 aux placements en actions europ\u00e9ennes avec un avantage fiscal qui ne s&rsquo;active qu&rsquo;apr\u00e8s 5 ans. L&rsquo;<strong>assurance-vie<\/strong>, elle, cumule souplesse (retraits possibles \u00e0 tout moment, contrairement \u00e0 une id\u00e9e re\u00e7ue) et avantage fiscal croissant apr\u00e8s 8 ans, tout en pouvant accueillir des supports aussi bien prudents (fonds euros) que dynamiques (unit\u00e9s de compte).<\/p>\n<p>Ce choix intervient aussi dans un contexte de finances publiques sous tension : la Cour des comptes a par exemple document\u00e9 <a href=\"https:\/\/liberta.press\/2026\/08\/03\/budget-2025-40-milliards-deconomies-promises-22-milliards-livres-ce-que-dit-la-cour-des-comptes\/\" style=\"color:#2563eb\">l&rsquo;\u00e9cart entre les \u00e9conomies budg\u00e9taires promises et r\u00e9ellement r\u00e9alis\u00e9es sur le budget 2025<\/a>, un climat qui alimente la prudence de certains \u00e9pargnants sur l&rsquo;orientation de leurs versements.<\/p>\n<hr style=\"border:none;border-top:1px solid #e5e7eb;margin:28px 0\">\n<h2 id=\"conclusion\" style=\"color:#1e3a5f;font-size:22px\"><img decoding=\"async\" src=\"https:\/\/s.w.org\/images\/core\/emoji\/17.0.2\/72x72\/2705.png\" alt=\"\u2705\" class=\"wp-smiley\" style=\"height: 1em;max-height: 1em\" \/> Conclusion<\/h2>\n<p>Le ralentissement de la collecte nette en juillet 2026 traduit moins un d\u00e9samour des Fran\u00e7ais pour l&rsquo;assurance-vie qu&rsquo;un ajustement ponctuel, dans une ann\u00e9e qui reste, sur ses sept premiers mois, l&rsquo;une des meilleures depuis vingt ans pour ce placement. Comprendre la m\u00e9canique du produit \u2014 fonds euros contre unit\u00e9s de compte, fiscalit\u00e9 qui r\u00e9compense la patience, abattements apr\u00e8s 8 ans \u2014 reste plus utile \u00e0 l&rsquo;\u00e9pargnant qu&rsquo;une lecture alarmiste d&rsquo;un seul chiffre mensuel.<\/p>\n<div style=\"background:#fef2f2;border:1px solid #fecaca;border-radius:8px;padding:16px 20px;margin:24px 0\" id=\"limites\">\n<p style=\"margin:0;color:#991b1b\"><strong><img decoding=\"async\" src=\"https:\/\/s.w.org\/images\/core\/emoji\/17.0.2\/72x72\/26a0.png\" alt=\"\u26a0\" class=\"wp-smiley\" style=\"height: 1em;max-height: 1em\" \/> Rappel sur les limites de cet article :<\/strong> les chiffres de rendement 2026 des fonds euros (autour de 2,90 % en moyenne) sont des <strong>pr\u00e9visions<\/strong> de professionnels du secteur au 1er septembre 2026, pas des donn\u00e9es d\u00e9finitives \u2014 le rendement r\u00e9el d\u00e9pendra des r\u00e9sultats publi\u00e9s par chaque assureur d\u00e9but 2027. Cet article explique un m\u00e9canisme financier \u00e0 vis\u00e9e p\u00e9dagogique ; il ne constitue ni un conseil en investissement personnalis\u00e9, ni une recommandation d&rsquo;un contrat ou d&rsquo;un assureur pr\u00e9cis. Pour toute d\u00e9cision, un conseiller en gestion de patrimoine ind\u00e9pendant reste le bon interlocuteur.<\/p>\n<\/div>\n<h2 id=\"faq\" style=\"color:#1e3a5f;font-size:22px\"><img decoding=\"async\" src=\"https:\/\/s.w.org\/images\/core\/emoji\/17.0.2\/72x72\/2753.png\" alt=\"\u2753\" class=\"wp-smiley\" style=\"height: 1em;max-height: 1em\" \/> Questions fr\u00e9quentes<\/h2>\n<p><strong>Peut-on retirer son argent d&rsquo;une assurance-vie avant 8 ans ?<\/strong><br \/>Oui, un contrat d&rsquo;assurance-vie n&rsquo;est jamais bloqu\u00e9 : les retraits sont possibles \u00e0 tout moment. Seule la fiscalit\u00e9 applicable aux gains change selon l&rsquo;anciennet\u00e9 du contrat.<\/p>\n<p><strong>Le rendement du fonds euros est-il garanti \u00e0 l&rsquo;avance ?<\/strong><br \/>Non. Seul le capital vers\u00e9 est garanti (hors frais) ; le taux de rendement annuel n&rsquo;est connu qu&rsquo;a posteriori, une fois les r\u00e9sultats de l&rsquo;assureur publi\u00e9s, g\u00e9n\u00e9ralement d\u00e9but d&rsquo;ann\u00e9e suivante.<\/p>\n<p><strong>Faut-il choisir entre PEA et assurance-vie ?<\/strong><br \/>Pas n\u00e9cessairement : les deux enveloppes ont des usages diff\u00e9rents (actions europ\u00e9ennes pour le PEA, mixte prudent\/dynamique pour l&rsquo;assurance-vie) et peuvent \u00eatre d\u00e9tenues simultan\u00e9ment selon les objectifs et l&rsquo;horizon de chacun.<\/p>\n<hr style=\"border:none;border-top:1px solid #e5e7eb;margin:28px 0\">\n<h2 id=\"sources\" style=\"color:#1e3a5f;font-size:22px\"><img decoding=\"async\" src=\"https:\/\/s.w.org\/images\/core\/emoji\/17.0.2\/72x72\/1f4da.png\" alt=\"\ud83d\udcda\" class=\"wp-smiley\" style=\"height: 1em;max-height: 1em\" \/> Sources<\/h2>\n<ol style=\"padding-left:20px;color:#374151\">\n<li><a href=\"https:\/\/www.lemonde.fr\/argent\/article\/2026\/08\/31\/l-assurance-vie-a-marque-le-pas-en-juillet_6762589_1657007.html\" target=\"_blank\" rel=\"noopener noreferrer\" style=\"color:#2563eb\">Le Monde \u2014 \u00ab L&rsquo;assurance-vie a marqu\u00e9 le pas en juillet \u00bb<\/a><\/li>\n<li><a href=\"https:\/\/www.moneyvox.fr\/assurance-vie\/actualites\/110181\/un-nouveau-record-de-depots-sur-les-contrats-assurance-vie-en-juillet\" target=\"_blank\" rel=\"noopener noreferrer\" style=\"color:#2563eb\">MoneyVox \u2014 \u00ab Un nouveau record de d\u00e9p\u00f4ts sur les contrats d&rsquo;assurance-vie en juillet \u00bb<\/a><\/li>\n<li><a href=\"https:\/\/placement.meilleurtaux.com\/assurance-vie\/actualites\/2026-juillet\/assurance-vie-2-90-attendus-en-2026-selon-un-barometre.html\" target=\"_blank\" rel=\"noopener noreferrer\" style=\"color:#2563eb\">Meilleurtaux Placement \u2014 \u00ab Assurance-vie : 2,90 % attendus en 2026, selon un barom\u00e8tre \u00bb<\/a><\/li>\n<li><a href=\"https:\/\/placement.meilleurtaux.com\/assurance-vie\/fiscalite-assurance-vie\/fiscalite-apres-8-ans.html\" target=\"_blank\" rel=\"noopener noreferrer\" style=\"color:#2563eb\">Meilleurtaux Placement \u2014 \u00ab Fiscalit\u00e9 assurance-vie apr\u00e8s 8 ans \u00bb<\/a><\/li>\n<li><a href=\"https:\/\/www.francetransactions.com\/actus\/assurancevie\/taux-souverains-france-hausse-fonds-euros.html\" target=\"_blank\" rel=\"noopener noreferrer\" style=\"color:#2563eb\">FranceTransactions.com \u2014 \u00ab Assurance-vie \/ dette fran\u00e7aise : la d\u00e9gradation des finances publiques fera grimper le rendement des fonds euros \u00bb<\/a><\/li>\n<\/ol>\n<p style=\"margin-top:28px;font-style:italic;color:#64748b;text-align:center\">Comprendre o\u00f9 va son argent reste, en d\u00e9finitive, le meilleur rendement qu&rsquo;un \u00e9pargnant puisse s&rsquo;offrir.<\/p>\n<\/div>\n<p class=\"verinews-source\">Source : <a href=\"https:\/\/liberta.press\/2026\/09\/02\/assurance-vie-collecte-fonds-euros\/\" target=\"_blank\" rel=\"nofollow noopener\">Lire l\u2019article original<\/a><\/p>\n","protected":false},"excerpt":{"rendered":"<p>\u00c9conomie 1er septembre 2026 Assurance-vie : pourquoi la collecte a marqu\u00e9 le pas en juillet, malgr\u00e9 une ann\u00e9e quasi record \ud83d\udccb Sommaire L&#8217;essentiel en une minute Juillet 2026 : un mois en trompe-l&#8217;\u0153il Pourquoi la\u2026<\/p>\n","protected":false},"author":1,"featured_media":31661,"comment_status":"open","ping_status":"open","sticky":false,"template":"","format":"standard","meta":{"footnotes":""},"categories":[1],"tags":[],"class_list":["post-31660","post","type-post","status-publish","format-standard","has-post-thumbnail","hentry","category-non-classe"],"_links":{"self":[{"href":"https:\/\/monde25.info\/index.php\/wp-json\/wp\/v2\/posts\/31660","targetHints":{"allow":["GET"]}}],"collection":[{"href":"https:\/\/monde25.info\/index.php\/wp-json\/wp\/v2\/posts"}],"about":[{"href":"https:\/\/monde25.info\/index.php\/wp-json\/wp\/v2\/types\/post"}],"author":[{"embeddable":true,"href":"https:\/\/monde25.info\/index.php\/wp-json\/wp\/v2\/users\/1"}],"replies":[{"embeddable":true,"href":"https:\/\/monde25.info\/index.php\/wp-json\/wp\/v2\/comments?post=31660"}],"version-history":[{"count":0,"href":"https:\/\/monde25.info\/index.php\/wp-json\/wp\/v2\/posts\/31660\/revisions"}],"wp:featuredmedia":[{"embeddable":true,"href":"https:\/\/monde25.info\/index.php\/wp-json\/wp\/v2\/media\/31661"}],"wp:attachment":[{"href":"https:\/\/monde25.info\/index.php\/wp-json\/wp\/v2\/media?parent=31660"}],"wp:term":[{"taxonomy":"category","embeddable":true,"href":"https:\/\/monde25.info\/index.php\/wp-json\/wp\/v2\/categories?post=31660"},{"taxonomy":"post_tag","embeddable":true,"href":"https:\/\/monde25.info\/index.php\/wp-json\/wp\/v2\/tags?post=31660"}],"curies":[{"name":"wp","href":"https:\/\/api.w.org\/{rel}","templated":true}]}}