{"id":31681,"date":"2026-09-03T06:41:11","date_gmt":"2026-09-03T04:41:11","guid":{"rendered":"https:\/\/monde25.info\/index.php\/2026\/09\/03\/gauche-droite-voter-change-t-il-vraiment-quelque-chose\/"},"modified":"2026-09-03T06:41:11","modified_gmt":"2026-09-03T04:41:11","slug":"gauche-droite-voter-change-t-il-vraiment-quelque-chose","status":"publish","type":"post","link":"https:\/\/monde25.info\/index.php\/2026\/09\/03\/gauche-droite-voter-change-t-il-vraiment-quelque-chose\/","title":{"rendered":"Gauche, droite\u00a0: voter change-t-il vraiment quelque chose\u00a0?"},"content":{"rendered":"<div style=\"margin-top: 0px;margin-bottom: 0px\" class=\"sharethis-inline-share-buttons\"><\/div>\n<h4><b>Aucun gouvernement ne fait dispara\u00eetre \u00e0 lui seul le capitalisme, les rapports de classe ou le pouvoir des grandes fortunes. Mais de l\u00e0 \u00e0 conclure que tous se valent, il y a un gouffre. Salaires, protection sociale, fiscalit\u00e9, droits fondamentaux, immigration, libert\u00e9s publiques ou destruction du vivant : selon qui gouverne, les cons\u00e9quences peuvent \u00eatre radicalement diff\u00e9rentes.<\/b><\/h4>\n<p><span id=\"more-1981809\"><\/span><\/p>\n<p>Dans les deux premiers volets de ce dossier, nous avons vu que <b>l\u2019abstention ne retire aucun pouvoir \u00e0 ceux qui gouvernent<\/b> et qu\u2019elle intervient dans une soci\u00e9t\u00e9 o\u00f9 les moyens d\u2019influence sont d\u00e9j\u00e0 profond\u00e9ment in\u00e9galitaires. Reste l\u2019un des arguments les plus solides en faveur du retrait \u00e9lectoral : \u00e0 quoi bon choisir un gouvernement si tous administrent finalement le m\u00eame syst\u00e8me ?<\/p>\n<p>Effectivement, une victoire \u00e9lectorale de gauche n\u2019abolit ni le capitalisme, ni les rapports de domination qui structurent nos soci\u00e9t\u00e9s. Mais deux propositions peuvent \u00eatre vraies simultan\u00e9ment : <b>une \u00e9lection ne permet pas de changer de syst\u00e8me et son r\u00e9sultat peut bouleverser tr\u00e8s concr\u00e8tement l\u2019existence de millions de personnes.<\/b> Il suffit, pour s\u2019en convaincre, de regarder ce que font r\u00e9ellement les gouvernements lorsqu\u2019ils arrivent au pouvoir.<\/p>\n<h2 class=\"western\"><strong>Le pouvoir \u00e9conomique p\u00e8se lourd mais il ne d\u00e9cide pas de tout<\/strong><\/h2>\n<p>Les politistes am\u00e9ricains <a href=\"https:\/\/www.cambridge.org\/core\/journals\/perspectives-on-politics\/article\/testing-theories-of-american-politics-elites-interest-groups-and-average-citizens\/62327F513959D0A304D4893B382B992B\" target=\"_blank\" rel=\"noopener\">Martin Gilens et Benjamin Page<\/a> ont \u00e9tudi\u00e9 1 779 d\u00e9cisions de politique publique prises aux \u00c9tats-Unis entre 1981 et 2002. Leur conclusion est brutale : les \u00e9lites \u00e9conomiques et les groupes d\u2019int\u00e9r\u00eats repr\u00e9sentant les entreprises disposent d\u2019<b>effets substantiels sur les politiques adopt\u00e9es, <\/b>tandis que les citoyens moyens n\u2019exercent que peu ou pas d\u2019influence ind\u00e9pendante mesurable.<\/p>\n<p>Voil\u00e0 un argument puissant contre <b>l\u2019illusion d\u2019une d\u00e9mocratie parfaitement \u00e9galitaire.<\/b> Mais il serait \u00e9trange d\u2019en d\u00e9duire que les \u00e9lections ne servent \u00e0 rien. M\u00eame \u00e0 l\u2019int\u00e9rieur de ce syst\u00e8me profond\u00e9ment biais\u00e9,<b> les gouvernements disposent encore d\u2019un pouvoir immense <\/b>pour d\u00e9terminer qui paiera davantage d\u2019imp\u00f4ts, qui recevra des aides, quels droits seront prot\u00e9g\u00e9s, quelles industries seront r\u00e9glement\u00e9es, quelles personnes seront expuls\u00e9es ou quelles ressources naturelles pourront \u00eatre exploit\u00e9es.<\/p>\n<div class=\"youtube-embed\" data-video_id=\"X_u9dIsp4as\"><\/div>\n<p>Ils d\u00e9terminent aussi en partie<b> l\u2019espace laiss\u00e9 \u00e0 la contestation et aux luttes plus radicales.<\/b> En France, les mandats d\u2019Emmanuel Macron ont d\u00e9j\u00e0 \u00e9t\u00e9 marqu\u00e9s par un <b>durcissement du maintien de l\u2019ordre<\/b> face aux mouvements sociaux et un recours important aux dissolutions administratives. Autant de leviers qu\u2019<b>un pouvoir d\u2019extr\u00eame droite va pousser bien plus loin encore<\/b> si elle arrive au pouvoir, en criminalisant davantage les organisations et les formes de contestation qui s\u2019opposent \u00e0 lui.<\/p>\n<p>Les contraintes structurelles limitent le champ des possibles. Elles ne rendent pas toutes les possibilit\u00e9s identiques. Et<b> l\u2019Am\u00e9rique de Donald Trump en offre aujourd\u2019hui une d\u00e9monstration<\/b> particuli\u00e8rement violente.<\/p>\n<h2 class=\"western\"><strong>Trump : les cons\u00e9quences bien r\u00e9elles d\u2019une \u00e9lection\u2026 et d\u2019une abstention massive<\/strong><\/h2>\n<p>Depuis le retour de Donald Trump \u00e0 la Maison-Blanche, le gouvernement am\u00e9ricain a engag\u00e9 une transformation politique dont les cons\u00e9quences ne sont absolument pas symboliques. La loi budg\u00e9taire adopt\u00e9e en 2025 en fournit une illustration spectaculaire. Selon le Congressional Budget Office, elle devrait <b>r\u00e9duire les ressources des m\u00e9nages situ\u00e9s en bas de l\u2019\u00e9chelle des revenus tout en augmentant celles des m\u00e9nages du milieu et surtout du sommet.<\/b> Pour les 10 % les plus pauvres, la perte moyenne est estim\u00e9e \u00e0 environ 1 200 dollars ; pour les 10 % les plus riches, le gain atteint 13 600 dollars.<\/p>\n<p>La r\u00e9forme devrait \u00e9galement r\u00e9duire les d\u00e9penses de Medicaid de 1 000 milliards de dollars, et <b>faire perdre leur couverture sant\u00e9 \u00e0 plus de 10 millions de personnes. <\/b>Nous avons par ailleurs document\u00e9 de <a href=\"https:\/\/mrmondialisation.org\/9-atrocites-trump-mandat\/\" target=\"_blank\" rel=\"noopener\">pr\u00e8s de 200 mesures atroces<\/a> mises en place par l\u2019administration Trump depuis le d\u00e9but de son second mandat, avec une derni\u00e8re mise \u00e0 jour au 9 janvier 2026 (Mr Mondialisation \/ Simon Verdi\u00e8re \/ Elena Meilune).<\/p>\n<h2 class=\"western\"><strong>ICE : \u00ab\u00a0tous les gouvernements sont pareils\u00a0\u00bb, vraiment\u00a0?<\/strong><\/h2>\n<p>En juillet 2026 seulement, l\u2019ICE a arr\u00eat\u00e9 et envoy\u00e9 en d\u00e9tention <a href=\"https:\/\/www.americanimmigrationcouncil.org\/blog\/ice-arrest-statistics-americans-noncriminals\/\" target=\"_blank\" rel=\"noopener\">plus de 51 000 personnes<\/a>, un record mensuel depuis le d\u00e9but du second mandat de Trump. <b>Plus de 238 000 personnes avaient \u00e9t\u00e9 plac\u00e9es en d\u00e9tention <\/b>au cours des sept premiers mois de l\u2019ann\u00e9e. Le taux de mortalit\u00e9 annuel en d\u00e9tention <a href=\"https:\/\/www.hrw.org\/report\/2026\/06\/25\/dying-in-detention\/rising-deaths-in-an-expanding-us-immigration-detention-system\" target=\"_blank\" rel=\"noopener\">a bondi d\u2019environ 140 %<\/a> entre janvier 2025 et janvier 2026. Sous Trump, la violence de l\u2019ICE n\u2019a plus aucune limite.<\/p>\n<div class=\"youtube-embed\" data-video_id=\"\"><\/div>\n<p>Et les morts ne se limitent pas aux centres de d\u00e9tention. <b>Onze personnes ont \u00e9galement \u00e9t\u00e9 abattues lors d\u2019op\u00e9rations de la police de l\u2019immigration,<\/b> parmi lesquelles <a href=\"https:\/\/mrmondialisation.org\/usa-meurtre-ice-renee-good\/\" target=\"_blank\" rel=\"noopener\">Renee Good<\/a> et Alex Pretti, deux citoyens am\u00e9ricains qui n\u2019\u00e9taient pas des personnes recherch\u00e9es par les agents lorsqu\u2019ils ont \u00e9t\u00e9 tu\u00e9s \u00e0 Minneapolis en janvier 2026. Leur mort a provoqu\u00e9 une immense indignation et plac\u00e9 brutalement sous les projecteurs <b>une violence <\/b><b>inf\u00e2me<\/b><b> qui frappait d\u00e9j\u00e0, <\/b><b>dans l\u2019ombre<\/b><b>, les populations immigr\u00e9es.<\/b> <span lang=\"fr-FR\">L&rsquo;administration Trump a tent\u00e9 d&rsquo;<a href=\"https:\/\/www.reuters.com\/legal\/government\/trump-officials-turn-over-withheld-evidence-immigration-agents-killings-renee-2026-07-13\/?utm_source=chatgpt.com\" target=\"_blank\" rel=\"noopener\">emp\u00eacher les poursuites<\/a> contre les agents f\u00e9d\u00e9raux <\/span><span lang=\"fr-FR\">coupables de ces crimes. <\/span><\/p>\n<p>Les arrestations men\u00e9es par l\u2019ICE directement au sein des communaut\u00e9s ont <a href=\"https:\/\/www.americanimmigrationcouncil.org\/blog\/ice-expanding-detention-system\/\" target=\"_blank\" rel=\"noopener\">bondi de 600 %<\/a>, entra\u00eenant <b>une hausse de 2 450 % du nombre de personnes sans casier judiciaire d\u00e9tenues chaque jour. <\/b>Pr\u00e8s de<b> <a href=\"https:\/\/www.cato.org\/blog\/5-ice-detainees-have-violent-convictions-73-no-convictions\" target=\"_blank\" rel=\"noopener\">73 % des personnes<\/a> plac\u00e9es en d\u00e9tention par l&rsquo;ICE n&rsquo;ont aucune condamnation p\u00e9nale<\/b> \u00e0 leur actif. A peine 5 % avaient des condamnations p\u00e9nales pour actes violents.<\/p>\n<p>Serait-il alors d\u00e9cent de dire \u00e0 une personne arr\u00eat\u00e9e, enferm\u00e9e ou s\u00e9par\u00e9e de sa famille que \u00ab tous les gouvernements se valent \u00bb ? Que reste-t-il de cet argument face aux enfants d\u2019un parent <b>froidement abattu par l\u2019ICE, avec pour seul tort d\u2019avoir crois\u00e9 sa route ?<\/b><\/p>\n<h2 class=\"western\"><strong>Tous les gouvernements ne laissent pas le m\u00eame espace pour lutter<\/strong><\/h2>\n<p>On peut vouloir <b>d\u00e9passer radicalement <\/b><b>une d\u00e9mocratie profond\u00e9ment imparfaite<\/b><b> sans avoir int\u00e9r\u00eat \u00e0 laisser d\u00e9truire les libert\u00e9s<\/b> qui permettent pr\u00e9cis\u00e9ment de contester le pouvoir. Sous Trump, l\u2019espace civique s\u2019est rapidement d\u00e9grad\u00e9, avec une multiplication des pressions et attaques contre les d\u00e9fenseurs des droits humains, les organisations anticorruption et les voix critiques de l\u2019\u00c9tat. Dans le m\u00eame temps, les m\u00e9canismes de contr\u00f4le internes du minist\u00e8re de la Justice ont \u00e9t\u00e9 affaiblis, tandis que des proc\u00e9dures visant des adversaires de Trump se sont multipli\u00e9es.<\/p>\n<blockquote>\n<p><strong>\u00ab la r\u00e9pression des mouvements sociaux et les tentatives de criminalisation de l\u2019antifascisme montrent d\u00e9j\u00e0 combien cet espace peut se r\u00e9duire\u00a0\u00bb<\/strong><\/p>\n<\/blockquote>\n<p>Cette dimension devrait \u00eatre <b>fondamentale pour toute personne r\u00e9volutionnaire, anarchiste ou simplement contestataire.<\/b> Le droit de manifester, publier, enqu\u00eater, s\u2019organiser, cr\u00e9er un syndicat, d\u00e9fendre des sans-papiers ou contester l\u2019\u00c9tat d\u00e9termine aussi la possibilit\u00e9 de construire une alternative \u00e0 cet \u00c9tat. <b>En France, le durcissement de la r\u00e9pression des mouvements sociaux et les tentatives de <a href=\"https:\/\/mrmondialisation.org\/antifascisme-la-base\/\" target=\"_blank\" rel=\"noopener\">criminalisation d<\/a><\/b><a href=\"https:\/\/mrmondialisation.org\/antifascisme-la-base\/\"><b>e<\/b><b> <\/b><b>l<\/b><b>\u2019antifascisme<\/b><\/a><b> <\/b>montrent d\u00e9j\u00e0 combien cet espace peut se r\u00e9duire.<\/p>\n<p>Un gouvernement de gauche ne suffira \u00e9videmment pas \u00e0 instaurer une d\u00e9mocratie r\u00e9elle ou \u00e0 renverser les rapports de domination. Mais le durcissement autoritaire de la droite, et plus encore l\u2019arriv\u00e9e de l\u2019extr\u00eame droite au pouvoir, peuvent au contraire <b>d\u00e9truire une partie du peu d\u2019espace politique dont disposent encore celles et ceux qui veulent transformer radicalement la soci\u00e9t\u00e9.<\/b><\/p>\n<h2 class=\"western\"><strong>Quand les choix politiques se mesurent en hectares de for\u00eat d\u00e9truite et en esp\u00e8ces extermin\u00e9es<\/strong><\/h2>\n<p>La diff\u00e9rence entre gouvernements <b>se mesure \u00e9galement en tonnes de carbone, en hectares de for\u00eat et en esp\u00e8ces d\u00e9truites.<\/b> L\u2019administration Trump a men\u00e9 une politique particuli\u00e8rement meurtri\u00e8re \u00e0 cet \u00e9gard et a encha\u00een\u00e9 les mesures \u00e9cocidaires. La liste est longue.<\/p>\n<p>Parmi les exemples les plus r\u00e9cents, en juillet 2026, son administration est notamment<b> revenue sur plus de cinquante ans de protection des esp\u00e8ces menac\u00e9es en <a href=\"https:\/\/www.cnn.com\/2026\/07\/10\/climate\/trump-endangered-species-habitats-rule-change\" target=\"_blank\" rel=\"noopener\">affaiblissant l\u2019<\/a><\/b><a href=\"https:\/\/www.cnn.com\/2026\/07\/10\/climate\/trump-endangered-species-habitats-rule-change\" target=\"_blank\" rel=\"noopener\"><i><b>Endangered Species Act<\/b><\/i><\/a><b>. <\/b>La destruction de leur habitat n\u2019\u00e9tant d\u00e9sormais plus consid\u00e9r\u00e9e en elle-m\u00eame comme un dommage caus\u00e9 \u00e0 ces esp\u00e8ces, des territoires essentiels \u00e0 leur survie pourront davantage \u00eatre livr\u00e9s au forage p\u00e9trolier, aux mines, \u00e0 l\u2019agriculture ou aux projets immobiliers.<\/p>\n<p>Pendant ce temps-l\u00e0, au Br\u00e9sil, <b>sous Lula, les alertes de d\u00e9forestation en Amazonie ont atteint <a href=\"https:\/\/www.gov.br\/mma\/pt-br\/noticias-defeso-eleitoral\/dados-do-deter-indicam-reducao-dos-alertas-de-desmatamento-na-amazonia-e-no-cerrado-no-intervalo-de-2025-2026\" target=\"_blank\" rel=\"noopener\">un niveau historiquement bas<\/a>, <\/b>reculant de 36 % entre ao\u00fbt 2025 et juillet 2026 par rapport aux douze mois pr\u00e9c\u00e9dents (2 874 km\u00b2 d\u00e9bois\u00e9s d\u2019ao\u00fbt\u00a02025 \u00e0 juillet\u00a02026). Sous Jair Bolsonaro, en 2022, la d\u00e9forestation avait atteint un pic de 10\u00a0278\u00a0km\u00b2.<\/p>\n<div class=\"youtube-embed\" data-video_id=\"qPM1vKOZ550\"><\/div>\n<p>Des exemples parmi tant d\u2019autres de ce qu\u2019un pouvoir en place peut pr\u00e9server ou, au contraire, d\u00e9truire. <strong>Plus un gouvernement sacrifie le vivant aux int\u00e9r\u00eats industriels, plus les d\u00e9g\u00e2ts s\u2019accumulent, jusqu\u2019\u00e0 devenir irr\u00e9versibles.<\/strong> Une esp\u00e8ce disparue ne reviendra pas au scrutin suivant. Et si voter peut servir \u00e0 emp\u00eacher des destructions qu\u2019aucune alternance future ne pourrait r\u00e9parer, il peut aussi <b>pr\u00e9server davantage d\u2019espace pour les luttes \u00e9cologistes plus radicales que les urnes ne pourront jamais remplacer.<\/b><\/p>\n<h2 class=\"western\"><strong>Espagne : des choix sociaux et diplomatiques qui font la diff\u00e9rence<\/strong><\/h2>\n<p>Depuis 2018, <b>le <a href=\"https:\/\/www.lequotidiendesentreprises.fr\/argent\/espagne-salaire-minimum-en-forte-hausse\/\" target=\"_blank\" rel=\"noopener\">salaire minimum espagnol<\/a> a augment\u00e9 de 66 %.<\/b> En 2026, il atteint 1 221 euros mensuels sur quatorze mois, apr\u00e8s une nouvelle hausse de 3,1 %. Les loyers restent \u00e9crasants dans de nombreuses villes, les in\u00e9galit\u00e9s persistent et les politiques du gouvernement Pedro S\u00e1nchez sont parfaitement critiquables sur bien des sujets. Mais <b>pour les 2,5 millions de travailleurs concern\u00e9s par la hausse de 2026, l<\/b><b>e changement est concret.<\/b><\/p>\n<blockquote>\n<p><b>\u00ab\u00a0Face au gouvernement g\u00e9nocidaire isra\u00e9lien, l\u2019Espagne est all\u00e9e beaucoup plus loin que la plupart des pays europ\u00e9ens\u00a0\u00bb<\/b><\/p>\n<\/blockquote>\n<p>Mais les diff\u00e9rences entre gouvernements d\u00e9passent largement la fiche de paie. Pedro S\u00e1nchez s\u2019est \u00e9galement distingu\u00e9 de nombreux dirigeants europ\u00e9ens par <b>ses positions face \u00e0 Donald Trump et Benyamin Netanyahu. <\/b>Il a notamment <a href=\"https:\/\/www.reuters.com\/world\/europe\/nato-countries-approve-hague-summit-statement-with-5-defence-spending-goal-2025-06-22\/\" target=\"_blank\" rel=\"noopener\">refus\u00e9 l\u2019objectif d\u00e9fendu par Trump<\/a> de porter les d\u00e9penses militaires des pays de l\u2019OTAN \u00e0 5 % du PIB, estimant qu\u2019un tel niveau serait incompatible avec le maintien de l\u2019\u00c9tat social.<\/p>\n<p>Face au gouvernement g\u00e9nocidaire isra\u00e9lien, <b>l\u2019Espagne <\/b><b>est all\u00e9e <a href=\"https:\/\/www.ifri.org\/en\/memos\/escalation-within-continuity-spains-foreign-policy-towards-israel-and-palestine-after-october\" target=\"_blank\" rel=\"noopener\">beaucoup plus loin<\/a> que la plupart des pays europ\u00e9ens\u00a0:<\/b><\/p>\n<ul>\n<li><b>Em<\/b><b>bargo sur les armes<\/b> \u00e0 destination et en provenance d\u2019Isra\u00ebl<\/li>\n<li><b>B<\/b><b>locage de la logistique militaire isra\u00e9lienne <\/b>(refus du transit de combustibles destin\u00e9s \u00e0 un usage militaire en Isra\u00ebl et fermeture de l\u2019espace a\u00e9rien espagnol aux appareils transportant du mat\u00e9riel militaire destin\u00e9 \u00e0 Isra\u00ebl)<\/li>\n<li><b>I<\/b><b>nterdiction des produits issus des colonies <\/b>isra\u00e9liennes ill\u00e9gales<\/li>\n<li>Reconnaissance officielle de <b>l\u2019\u00c9tat de Palestine <\/b><\/li>\n<li>Soutien \u00e0 la <b>proc\u00e9dure <\/b><b>engag\u00e9e par l\u2019Afrique du Sud contre Isra\u00ebl<\/b> devant la CIJ pour g\u00e9nocide<\/li>\n<li><b>Soutien financier accru aux Palestiniens <\/b>(plus de 75 millions d\u2019euros pour Gaza et la Cisjordanie entre octobre 2023 et 2025, davantage de soutien \u00e0 l\u2019UNRWA et 50 millions d\u2019euros suppl\u00e9mentaires \u00e0 l\u2019Autorit\u00e9 palestinienne en 2025)<\/li>\n<\/ul>\n<h2 class=\"western\"><strong>M\u00eame syst\u00e8me, choix oppos\u00e9s<\/strong><\/h2>\n<p>On pourrait multiplier les exemples. Au Mexique, apr\u00e8s plusieurs ann\u00e9es de gouvernements de gauche, <b>le salaire minimum a encore \u00e9t\u00e9 <a href=\"https:\/\/www.gob.mx\/presidencia\/prensa\/presidenta-claudia-sheinbaum-anuncia-incremento-del-13-al-salario-minimo-general-en-2026\" target=\"_blank\" rel=\"noopener\">augment\u00e9 de 13 %<\/a> pour 2026. <\/b>Depuis 2018, sa hausse cumul\u00e9e <a href=\"https:\/\/www.youtube.com\/watch?v=f2ZhPsinDTo\" target=\"_blank\" rel=\"noopener\">atteint environ 150 %<\/a>, tandis que le gouvernement de Claudia Sheinbaum pr\u00e9pare le passage progressif de la semaine maximale <a href=\"https:\/\/www.humanite.fr\/monde\/claudia-sheinbaum\/mexique-la-reforme-pour-la-reduction-du-temps-de-travail-a-40-heures-approuvee-par-le-senat-a-lunanimite\" target=\"_blank\" rel=\"noopener\">de 48 \u00e0 40 heures<\/a>.<\/p>\n<p>\u00c0 l\u2019inverse, les gouvernements d\u2019extr\u00eame droite montrent que les \u00e9lections peuvent \u00e9galement servir \u00e0 retirer des droits. Sous Viktor Orb\u00e1n en Hongrie, <a href=\"https:\/\/www.cbc.ca\/news\/world\/hungar-pride-events-law-1.7486462\" target=\"_blank\" rel=\"noopener\">les droits des personnes LGBT+<\/a> ont \u00e9t\u00e9 attaqu\u00e9s jusqu\u2019\u00e0 <b>l\u2019interdiction des marches des fiert\u00e9s et l\u2019autorisation de technologies de reconnaissance faciale pour identifier leurs participants.<\/b><\/p>\n<h2 class=\"western\"><strong>Et parfois, quelques kilom\u00e8tres suffisent<\/strong><\/h2>\n<p>Il n\u2019est m\u00eame pas n\u00e9cessaire de regarder des \u00c9tats entiers. \u00c0 New York,<b> l\u2019\u00e9lection de Zohran Mamdani a d\u00e9j\u00e0 produit <a href=\"https:\/\/mrmondialisation.org\/new-york-criminalite-bas-depuis-arrivee-zohran-mamdani\/\" target=\"_blank\" rel=\"noopener\">des choix politiques <\/a><\/b><a href=\"https:\/\/mrmondialisation.org\/new-york-criminalite-bas-depuis-arrivee-zohran-mamdani\/\" target=\"_blank\" rel=\"noopener\"><b>concrets<\/b><\/a><b> :<\/b> gel des loyers lors des renouvellements de bail pour environ un million de logements stabilis\u00e9s, investissement massif dans la garde d\u2019enfants et lancement d\u2019un r\u00e9seau d\u2019\u00e9piceries municipales destin\u00e9 \u00e0 proposer des produits essentiels \u00e0 des prix inf\u00e9rieurs \u00e0 ceux du march\u00e9.<\/p>\n<div class=\"youtube-embed\" data-video_id=\"t8LQJiTzQt0\"><\/div>\n<p>En France aussi, l\u2019\u00e9chelle municipale permet de mesurer ce que peut changer une \u00e9lection. \u00c0 Saint-Denis-Pierrefitte, l\u2019\u00e9lection en mars 2026 de Bally Bagayoko (LFI) s\u2019est faite sur <b>un programme de rupture m\u00ealant mesures sociales, <a href=\"https:\/\/www.ballybagayoko.com\/programme\/\" target=\"_blank\" rel=\"noopener\">\u00e9cologie populaire et d\u00e9mocratie directe<\/a> : <\/b>ma\u00eetrise des loyers et des charges du parc public, fournitures scolaires prises en charge, mutuelle communale, nouvelles places en cr\u00e8che publique, d\u00e9veloppement du logement social, soutien \u00e0 une s\u00e9curit\u00e9 sociale de l\u2019alimentation ou encore cr\u00e9ation d\u2019un r\u00e9f\u00e9rendum d\u2019initiative citoyenne local ouvert d\u00e8s 16 ans et aux r\u00e9sidents \u00e9trangers.<\/p>\n<p>Quelques mois \u00e0 peine apr\u00e8s son \u00e9lection, <b>plusieurs engagements ont d\u00e9j\u00e0 commenc\u00e9 \u00e0 se concr\u00e9tiser.<\/b> Quelques exemples\u00a0: <a href=\"https:\/\/www.saintdenis.fr\/actualites\/dit-fait-antenne-jeunesse-peri-rouvert-portes\" target=\"_blank\" rel=\"noopener\">r\u00e9ouverture de l\u2019antenne jeunesse<\/a>, <a href=\"https:\/\/www.saintdenis.fr\/presse\/rentree-kit-fournitures-scolaires\" target=\"_blank\" rel=\"noopener\">gratuit\u00e9 des fournitures scolaires<\/a> pour les \u00e9l\u00e8ves des \u00e9coles \u00e9l\u00e9mentaires, remboursement du forfait transport des enfants de 4 \u00e0 11 ans, inauguration de <a href=\"https:\/\/www.saintdenis.fr\/actualites\/inauguration-epicerie-sociale-solidaire-universite-paris-8-lutte-contre-precarite-ne\" target=\"_blank\" rel=\"noopener\">l\u2019\u00e9picerie sociale et solidaire<\/a> \u00e0 l&rsquo;universit\u00e9 Paris-8\u202f ou encore suppression des p\u00e9nalit\u00e9s et de r\u00e9servation pour la <a href=\"https:\/\/www.leparisien.fr\/seine-saint-denis-93\/saint-denis-la-nouvelle-municipalite-met-fin-au-systeme-de-penalites-et-de-reservation-pour-la-cantine-gratuite-31-05-2026-A4D6UTGPJNHATCZVGXGC3FPTEQ.php\" target=\"_blank\" rel=\"noopener\">cantine gratuite<\/a>.<\/p>\n<h2 class=\"western\"><strong>Un peu de recul historique<\/strong><\/h2>\n<p>En 1936, la victoire \u00e9lectorale du Front populaire <strong>n\u2019a \u00e9videmment pas aboli le capitalisme.<\/strong> Elle a pourtant ouvert la voie \u00e0 certaines des conqu\u00eates sociales les plus importantes de l\u2019histoire fran\u00e7aise.<\/p>\n<p>Sous la pression d\u00e9cisive des gr\u00e8ves massives qui ont suivi l\u2019\u00e9lection pour pousser le gouvernement \u00e0 agir rapidement, les accords de Matignon puis les <b>lois adopt\u00e9es par le gouvernement de L\u00e9on Blum ont notamment instaur\u00e9 les premiers cong\u00e9s pay\u00e9s<\/b> et la semaine de 40 heures, tout en permettant d\u2019importantes augmentations de salaires et en renfor\u00e7ant les droits syndicaux.<\/p>\n<blockquote>\n<p>\u00ab\u00a0<b> <\/b><b>L<\/b><b>es urnes et la lutte sociale ne s\u2019opposent pas\u00a0\u00bb<\/b><\/p>\n<\/blockquote>\n<p>L\u2019exemple rappelle aussi que<b> les urnes et la lutte sociale ne s\u2019opposent pas :<\/b> les \u00e9lections ont modifi\u00e9 le rapport de force institutionnel, tandis que les gr\u00e8ves ont impos\u00e9 dans la rue et les entreprises des avanc\u00e9es que seul le bulletin n\u2019aurait probablement pas suffi \u00e0 obtenir.<\/p>\n<h2 class=\"western\"><strong>\u00ab Tous pareils \u00bb : une phrase confortable, une r\u00e9alit\u00e9 qui en est loin<\/strong><\/h2>\n<p><b>Aucune de ces politiques ne constitue l\u2019\u00e9mancipation finale<\/b> mais entre une soci\u00e9t\u00e9 imparfaite dans laquelle il reste davantage de droits, de protections et d\u2019espace pour lutter, et une soci\u00e9t\u00e9 o\u00f9 ces espaces se referment progressivement, <strong>la diff\u00e9rence peut devenir immense.<\/strong><\/p>\n<p>Reste alors le cas de celles et ceux qui ne veulent pas seulement obtenir des r\u00e9formes, mais transformer radicalement la soci\u00e9t\u00e9. <b>Dans quelles conditions vaut-il mieux mener cette lutte ?<\/b> C\u2019est ce que nous examinerons dans le quatri\u00e8me volet de ce dossier.<\/p>\n<p align=\"right\"><i>\u2013<b> Elena Meilune<\/b><\/i><\/p>\n<div data-turn-id-container=\"ca04dc24-eda1-43a6-9ab9-8bb30e03b138\" data-is-intersecting=\"true\">\n<hr \/>\n<p>Photo de couverture : Donald Trump, <a href=\"https:\/\/www.flickr.com\/photos\/gageskidmore\/8566717881\" target=\"_blank\" rel=\"noopener\">Flickr<\/a> \/ Pedro S<span dir=\"ltr\" lang=\"en\"><span class=\"mw-page-title-main\">\u00e1<\/span><\/span>nchez, <a href=\"https:\/\/commons.wikimedia.org\/wiki\/File:Pedro_S%C3%A1nchez_2015i_%28cropped%29.jpg\" target=\"_blank\" rel=\"noopener\">Wikimedia Commons<\/a><\/p>\n<\/div>\n<p>The post <a href=\"https:\/\/mrmondialisation.org\/gauche-droite-voter-change-t-il-vraiment-quelque-chose\/\">Gauche, droite\u00a0: voter change-t-il vraiment quelque chose\u00a0?<\/a> first appeared on <a href=\"https:\/\/mrmondialisation.org\">Mr Mondialisation<\/a>.<\/p>\n<p class=\"verinews-source\">Source : <a href=\"https:\/\/mrmondialisation.org\/gauche-droite-voter-change-t-il-vraiment-quelque-chose\/\" target=\"_blank\" rel=\"nofollow noopener\">Lire l\u2019article original<\/a><\/p>\n","protected":false},"excerpt":{"rendered":"<p>Aucun gouvernement ne fait dispara\u00eetre \u00e0 lui seul le capitalisme, les rapports de classe ou le pouvoir des grandes fortunes. Mais de l\u00e0 \u00e0 conclure que tous se valent, il y a un gouffre. Salaires,\u2026<\/p>\n","protected":false},"author":1,"featured_media":27996,"comment_status":"open","ping_status":"open","sticky":false,"template":"","format":"standard","meta":{"footnotes":""},"categories":[1],"tags":[],"class_list":["post-31681","post","type-post","status-publish","format-standard","has-post-thumbnail","hentry","category-non-classe"],"_links":{"self":[{"href":"https:\/\/monde25.info\/index.php\/wp-json\/wp\/v2\/posts\/31681","targetHints":{"allow":["GET"]}}],"collection":[{"href":"https:\/\/monde25.info\/index.php\/wp-json\/wp\/v2\/posts"}],"about":[{"href":"https:\/\/monde25.info\/index.php\/wp-json\/wp\/v2\/types\/post"}],"author":[{"embeddable":true,"href":"https:\/\/monde25.info\/index.php\/wp-json\/wp\/v2\/users\/1"}],"replies":[{"embeddable":true,"href":"https:\/\/monde25.info\/index.php\/wp-json\/wp\/v2\/comments?post=31681"}],"version-history":[{"count":0,"href":"https:\/\/monde25.info\/index.php\/wp-json\/wp\/v2\/posts\/31681\/revisions"}],"wp:featuredmedia":[{"embeddable":true,"href":"https:\/\/monde25.info\/index.php\/wp-json\/wp\/v2\/media\/27996"}],"wp:attachment":[{"href":"https:\/\/monde25.info\/index.php\/wp-json\/wp\/v2\/media?parent=31681"}],"wp:term":[{"taxonomy":"category","embeddable":true,"href":"https:\/\/monde25.info\/index.php\/wp-json\/wp\/v2\/categories?post=31681"},{"taxonomy":"post_tag","embeddable":true,"href":"https:\/\/monde25.info\/index.php\/wp-json\/wp\/v2\/tags?post=31681"}],"curies":[{"name":"wp","href":"https:\/\/api.w.org\/{rel}","templated":true}]}}