{"id":31682,"date":"2026-09-03T07:21:02","date_gmt":"2026-09-03T05:21:02","guid":{"rendered":"https:\/\/monde25.info\/index.php\/2026\/09\/03\/perspectives-queer-et-feministes-depuis-les-chorales-militantes\/"},"modified":"2026-09-03T07:21:02","modified_gmt":"2026-09-03T05:21:02","slug":"perspectives-queer-et-feministes-depuis-les-chorales-militantes","status":"publish","type":"post","link":"https:\/\/monde25.info\/index.php\/2026\/09\/03\/perspectives-queer-et-feministes-depuis-les-chorales-militantes\/","title":{"rendered":"Perspectives queer et f\u00e9ministes depuis les chorales militantes"},"content":{"rendered":"<div style=\"margin-top: 0px;margin-bottom: 0px\" class=\"sharethis-inline-share-buttons\"><\/div>\n<h4><strong>Cent cinquante voix r\u00e9unies au bord de la Dr\u00f4me. Des chants de lutte, des polyphonies, des goguettes f\u00e9ministes, des bals : dans les chorales militantes, chanter est une mani\u00e8re de se retrouver, de transmettre et de faire collectif. Depuis plusieurs ann\u00e9es, les chorales militantes essaiment sur l&rsquo;Hexagone. Entre r\u00e9pertoires populaires, luttes f\u00e9ministes et queer, langues r\u00e9gionales et pratiques d\u2019autogestion, elles construisent des espaces o\u00f9 la musique devient un outil politique autant qu\u2019un lieu de rencontre. Mais ces communaut\u00e9s ne sont pas exemptes des rapports de domination qui traversent le reste de la soci\u00e9t\u00e9. Comment ces espaces peuvent faire soin sans reproduire les oppressions syst\u00e9miques qu\u2019ils cherchent \u00e0 combattre ?<\/strong><span id=\"more-1981864\"><\/span><\/h4>\n<p><i>Die, 21 juin, pic de canicule dans la Dr\u00f4me. <\/i><\/p>\n<p align=\"JUSTIFY\">\u00c0 l\u2019occasion de l\u2019anniversaire des 15 ans d\u2019une chorale du coin, <strong>150 choristes de toute la France se sont r\u00e9unies pour chanter dans un camping autog\u00e9r\u00e9,<\/strong> que borde la Dr\u00f4me. Au programme, <strong>des transmissions de chants populaires,<\/strong> des <em>blind test<\/em>, des r\u00e9pertoires communs qui ne cessent de grossir, et pour \u00e9chapper \u00e0 la chaleur, des vir\u00e9es \u00e0 la rivi\u00e8re. <strong>Des hardes de chanteur\u00b7ses entonnent joyeusement sans jamais se lasser <em>\u00ab de l\u2019eau jaillit le feu \u00bb<\/em>, un hymne bien connu de <a href=\"https:\/\/mrmondialisation.org\/dans-le-marais-poitevin-la-guerre-de-leau-fait-rage\/\">la lutte victorieuse contre les m\u00e9gabassines,<\/a><\/strong> tandis que les kayakistes qui descendent la rivi\u00e8re les observent d\u2019un air amus\u00e9.<\/p>\n<p align=\"JUSTIFY\">Aux flots de l\u2019eau qui coule et au roulement des galets r\u00e9pondent <strong>les voix de femmes et de personnes queer de tous \u00e2ges.<\/strong> Il r\u00e8gne un climat d\u2019adelphit\u00e9 et <strong>les groupes se font et se d\u00e9font au fil des chants lanc\u00e9s :<\/strong> certain.es se d\u00e9lectent <strong>de chants occitans polyphoniques ;<\/strong> d\u2019autres r\u00e9pondent par <strong>des goguettes satiriques sur le r\u00e9gime h\u00e9t\u00e9ro-patriarcal ;<\/strong> et tous\u00b7tes ensembles reprennent en c\u0153ur les hits des derni\u00e8res rencontres estivales autog\u00e9r\u00e9es de chants.<\/p>\n<h2 align=\"JUSTIFY\"><strong>Se trouver et se retrouver<\/strong><\/h2>\n<p align=\"JUSTIFY\">Certaines viennent pour la premi\u00e8re fois. <strong>Ces espaces peuvent sembler difficiles d\u2019acc\u00e8s pour qui n\u2019a pas l\u2019oreille musicale, ne conna\u00eet pas par c\u0153ur les 500 chansons<\/strong> du carnet rouge embl\u00e9matique \u00e9dit\u00e9 par une chorale chamb\u00e9roise, et n\u2019a pas encore l\u2019usage courant de l\u2019occitan. D\u2019autres sont des habitu\u00e9es de ces espaces, et retrouvent \u00e0 intervalle r\u00e9gulier depuis plus de dix ans parfois des camarades devenu\u00b7es ami\u00b7es d\u2019autres chorales, et ne quittent gu\u00e8re <strong>la piste de b\u0153uf avant des heures avanc\u00e9es de la nuit.<\/strong><\/p>\n<\/p>\n<p align=\"JUSTIFY\">Pour autant, <strong>les rencontres de chorale sont des endroits d\u2019exp\u00e9rimentation, de partages et de transmissions musicales, o\u00f9 toute personne m\u00eame nouvelle peut trouver sa voix.<\/strong> Au del\u00e0 de la culture militante et des pratiques d\u2019autogestion, ce sont aussi <strong>des communaut\u00e9s de liens forts qui se cr\u00e9ent, la musique reliant les c\u0153urs, les luttes et les voix.<\/strong> Ce sont des espaces dans lesquels on revient, car <strong>les liens affectifs transcend\u00e9s par la musique reproduisent des exp\u00e9riences uniques, intimes, engendrant un sentiment fort d\u2019appartenance.<\/strong><\/p>\n<h2 align=\"JUSTIFY\"><strong>L\u2019histoire des chorales de lutte<\/strong><\/h2>\n<p align=\"JUSTIFY\">Si les chorales de lutte ne sont pas r\u00e9centes, <strong>elles ont connu un tournant queer et f\u00e9ministes dans les ann\u00e9es 2010, notamment avec l\u2019arriv\u00e9e de personnes queer, globalement plus jeunes que les anciennes choristes.<\/strong> Quand les chorales ne sont pas en mixit\u00e9 choisie, <strong>la majorit\u00e9 des choristes restent des femmes et des personnes queer, ce qui n\u2019exclue pas la pr\u00e9sence d\u2019hommes pour autant.<\/strong><\/p>\n<p align=\"JUSTIFY\"><a href=\"https:\/\/mrmondialisation.org\/feminisme-lutte-classes\/\">Les chants anarchistes d\u2019antan relatant <strong>les luttes ouvri\u00e8res du si\u00e8cle dernier<\/strong> continuent \u00e0 \u00eatre chant\u00e9s,<\/a> mais un nouveau r\u00e9pertoire donnant la voix aux luttes queer et f\u00e9ministes a su trouver son pupitre. Les chanteuses contemporaines reconnues comme Clara Ys\u00e9, Suzanne, Mathilde, Pomme y ont trouv\u00e9 <strong>un public qui s\u2019empare de leurs chants de deuil, de maternit\u00e9, de f\u00e9minisme en les arrangeant, c\u2019est \u00e0 dire, en cr\u00e9ant de nouvelles polyphonies.<\/strong> Les chorales, \u00e0 la cr\u00e9ativit\u00e9 d\u00e9bordante et \u00e0 l\u2019oreille d\u00e9licate, inventent \u00e9galement des nouveaux arrangements aux chansons d\u2019Anne Sylvestre et de Louise Bernard, qui gardent tout leur mordant.<\/p>\n<\/p>\n<p align=\"JUSTIFY\">En parall\u00e8le, des choristes militant\u00b7es inventent de toute pi\u00e8ce de nouveaux chants, pour parler avec leurs mots de leurs v\u00e9cus sp\u00e9cifiques. Les auteur\u00b7ices de <a href=\"https:\/\/lechoraleureuse.fr\/chansons\/cette-colere\/\">la chanson <i>Cette col\u00e8re,<\/i><\/a> par exemple, \u00e9crivent :<\/p>\n<blockquote>\n<p style=\"text-align: center\" align=\"JUSTIFY\"><strong>\u00ab\u00a0<em>L\u2019envie \u00e9tait d\u2019avoir un chant pour parler de d\u00e9couragement, de d\u00e9pression face \u00e0 la violence du monde capitaliste et la mont\u00e9e du fascisme. Un chant pour exprimer la peine et la peur, mais aussi l\u2019espoir de la force du collectif et de l\u2019amiti\u00e9 pour rester en mouvement et dans l\u2019action.\u00a0\u00bb<\/em><\/strong><\/p>\n<\/blockquote>\n<h2 align=\"JUSTIFY\"><strong>Cr\u00e9er du commun, perdurer dans les luttes<\/strong><\/h2>\n<p align=\"JUSTIFY\">Les chants anti-autoritaires, anti-fascistes, queer et f\u00e9ministes diffusent <strong>une culture commune de lutte,<\/strong> par les messages qu\u2019ils font passer, et <strong>par leur expression vocale dans les lieux publics et de lutte.<\/strong> Tout un chacun aura eu cette exp\u00e9rience d\u2019avoir chant\u00e9 une fois <i>L\u2019Estaca<\/i> (<i>Le pieu<\/i> en fran\u00e7ais) en manifestation, et les plus chanceux\u00b7ses accompagn\u00e9\u00b7es d\u2019une fanfare militante. <strong>Cette union des voix renforce un sentiment d\u2019appartenance, de faire corps ensemble, et donne du courage et une envie de r\u00e9sister dans les moments houleux des manifestations.<\/strong> On peut ainsi se sentir prot\u00e9g\u00e9\u00b7e lorsqu\u2019un tuba continue de r\u00e9sonner de fa\u00e7on tonitruante, repris en c\u0153ur par des dizaines de manifestant\u00b7es.<\/p>\n<p align=\"JUSTIFY\"><strong>Les chorales de lutte s\u2019engagent physiquement en pr\u00eatant leurs voix aux personnes opprim\u00e9es, donnent des concerts de soutien pour aider financi\u00e8rement, et organisent des manifestations festives<\/strong> lors de rencontres annuelles en appui \u00e0 des luttes locales (comme c\u2019\u00e9tait le cas sur l\u2019A69 et en Maurienne avec le NoTAV les ann\u00e9es pr\u00e9c\u00e9dentes). Passeuses d\u2019histoire \u00e0 se r\u00e9approprier, v\u00e9hicule d\u2019affects et d\u2019\u00e9motions partag\u00e9s, espaces d\u2019apprentissage horizontaux, <a href=\"https:\/\/spectremedia.org\/podcast\/rencontre-de-chorales-militantes-les-ronchonnades-2024\/?episode=1876\"><strong>les chorales aident v\u00e9ritablement \u00e0 faire tenir la lutte dans la dur\u00e9e.<\/strong><\/a><\/p>\n<figure id=\"attachment_1981939\" aria-describedby=\"caption-attachment-1981939\" style=\"width: 1024px\" class=\"wp-caption alignnone\"><img decoding=\"async\" loading=\"lazy\" class=\"size-medium wp-image-1981939\" src=\"https:\/\/mrmondialisation.org\/wp-content\/uploads\/2026\/08\/msv2026-les-jacqueline-3-1024x768.jpeg\" alt=\"\" width=\"1024\" height=\"768\" \/><figcaption id=\"caption-attachment-1981939\" class=\"wp-caption-text\">La chorale Les Jacqueline. <a href=\"https:\/\/www.montreuilsousvoix.fr\/index.php\/100-2\/msv-photos-2026\/\">Montreuil sous voix 2026.<\/a><\/figcaption><\/figure>\n<h2 align=\"JUSTIFY\"><strong>R\u00e9sistance culturelle et renouvellement des traditions<\/strong><\/h2>\n<p align=\"JUSTIFY\"><strong>Les chants, t\u00e9moins des luttes pass\u00e9es, en cours et \u00e0 venir, ne cessent de s\u2019actualiser, portant les revendications sociales et culturelles du moment.<\/strong> Pour contrer l\u2019h\u00e9g\u00e9monie de la langue fran\u00e7aise impos\u00e9e au si\u00e8cle dernier par coercition dans un d\u00e9ni des identit\u00e9s culturelles r\u00e9gionales et sp\u00e9cifiques, <strong>les chorales n\u2019h\u00e9sitent pas \u00e0 excaver du pass\u00e9 des chants en breton, basque et occitan.<\/strong><\/p>\n<p align=\"JUSTIFY\">\u00c0 l\u2019instar des nombreux groupes r\u00e9cents qui font la joie des choristes adeptes de polyphonie (Barrut, la Mal coiff\u00e9e, Les M\u00e9canos etc.), chanter en langue occitane permet de faire vivre un h\u00e9ritage qui est loin d\u2019avoir disparu et de red\u00e9couvrir<strong> les subtilit\u00e9s d\u2019une langue changeante au gr\u00e8s des vall\u00e9es et des montagnes.<\/strong> Un engouement autour des bals folks explose \u00e0 nouveau, r\u00e9inventant des mani\u00e8res de faire la f\u00eate et de se rencontrer. <strong>Les choristes ajoutent leur touche personnelle avec des bals \u00e0 la voix,<\/strong> o\u00f9 chaque musique entra\u00eenante au rythme d\u2019une mazurka (<i>La vesina<\/i>), valse (<i>Su fratelli<\/i>), d\u2019un an dro (<i>Penn Sardin<\/i>) ou d\u2019une bourr\u00e9e \u00e0 trois temps (<i>Gallo negro, gallo rojo<\/i>) permet de <strong>tournoyer sur la piste de danse dans une ivresse collective.<\/strong><\/p>\n<\/p>\n<h2 align=\"JUSTIFY\"><strong>\u00c9mancipation queer<\/strong><\/h2>\n<p align=\"JUSTIFY\"><i> <\/i>Dans le sillage \u00e9tats-unien, <strong>de plus en plus de chorales queers en mixit\u00e9 choisie voient le jour.<\/strong> \u00c0 l\u2019envie de partager des chants et des outils, s\u2019ajoute celle de <em>\u00ab c\u00e9l\u00e9brer [les] voix trans, hormon\u00e9es et non hormon\u00e9es, mu\u00e9es ou en cours de mue \u00bb<\/em>, souvent jug\u00e9es <em>\u00ab non conformes, graves, dissidentes \u00bb<\/em>, comme le rapporte l\u2019\u00e9quipe organisatrice de rencontres de voix queers. L\u2019approche queer permet de plus de <strong>faire \u00e9clater la nomenclature fig\u00e9e des quatre pupitres soprano, alto, t\u00e9nor et basse qui r\u00e9serve traditionnellement les voix aigu\u00ebs aux femmes et les voix graves aux hommes.<\/strong><\/p>\n<p align=\"JUSTIFY\">Ann-Lise t\u00e9moigne ainsi pour <em>La D\u00e9ferlante<\/em> : <em>\u00ab Ton pupitre, c\u2019est l\u2019endroit o\u00f9 ta voix va sonner, sans se fatiguer ni se faire mal \u00bb<\/em>, aux antipodes des normes cish\u00e9t\u00e9ronormatives. L\u00e0 o\u00f9 le langage parl\u00e9 est plus genr\u00e9, <strong>le chant permet de se r\u00e9-empouvoirer et de se r\u00e9approprier son corps et sa voix,<\/strong> r\u00e9duisant ainsi la dysphorie de genre. Mariette t\u00e9moigne \u00e9galement pour <em>La D\u00e9ferlante<\/em> apr\u00e8s un an sous testost\u00e9rone :<\/p>\n<blockquote>\n<p style=\"text-align: center\" align=\"JUSTIFY\"><strong>\u00ab c\u2019est hyper euphorisant d\u2019entendre comment ma voix grave r\u00e9sonne, j\u2019atteins des notes que je n\u2019aurais jamais imagin\u00e9 atteindre. \u00bb<\/strong><\/p>\n<\/blockquote>\n<h2 align=\"JUSTIFY\"><strong>Une difficile conciliation g\u00e9n\u00e9rationnelle<\/strong><\/h2>\n<p align=\"JUSTIFY\">Le changement g\u00e9n\u00e9rationnel n\u2019est pas sans difficult\u00e9s, et la question se pose de r\u00e9concilier des mani\u00e8res d\u2019agir et de lutter antagonistes. Un point clivant se situe dans <strong>le rapport \u00e0 la consommation de produits animaux, les antisp\u00e9cistes souvent plus jeunes s\u2019opposant aux omnivores souvent plus \u00e2g\u00e9s.<\/strong> Ces derniers vont jusqu\u2019\u00e0 quitter les espaces de rencontres de chorale, brisant la transmission g\u00e9n\u00e9rationnelle. Le d\u00e9bat reste ouvert sur<strong> comment r\u00e9ussir \u00e0 cr\u00e9er des espaces de lutte accueillant o\u00f9 chacun\u00b7e puisse se sentir entendu\u00b7e dans ses revendications sans g\u00eaner d\u2019autres personnes dans des pratiques incommodantes voire douloureuses.<\/strong><\/p>\n<p align=\"JUSTIFY\">Un autre point de <strong>clivage se situe sur des questions d\u2019appropriation culturelle et d\u2019anticolonialisme.<\/strong> Des consid\u00e9rations plus r\u00e9centes sur <strong>la l\u00e9gitimit\u00e9 de personnes blanches \u00e0 reprendre des chansons issues de communaut\u00e9s opprim\u00e9es,<\/strong> ou simplement de chanter l\u00e9g\u00e8rement des chansons d\u2019autres cultures sans se questionner sur leur origine et la fa\u00e7on de leur rendre hommage trouvent peu d\u2019\u00e9chos chez les militant.es de la premi\u00e8re heure.<\/p>\n<p align=\"JUSTIFY\">Un exemple embl\u00e9matique en est l\u2019<em>Hymne des femmes,<\/em> cr\u00e9\u00e9 en 1971, dont le refrain entonne <em>\u00ab debout femmes esclaves \u00bb<\/em>, alors que <strong>les femmes blanches occidentales, bien qu\u2019opprim\u00e9es depuis des si\u00e8cles, n\u2019ont jamais subi une exploitation similaire \u00e0 celle des personnes noires esclavagis\u00e9es, et surtout, elles y ont pour certaines particip\u00e9, et toutes b\u00e9n\u00e9fici\u00e9.<\/strong> <a href=\"https:\/\/revueladeferlante.fr\/hymne-des-femmes-heritage-blanc-rupture-noire\/\">Dans un article pour La D\u00e9ferlante,<\/a> la journaliste Pauline Baron expose que si <em>\u00ab certain\u00b7es militant\u00b7es modifient le texte pour en expurger le racisme, d\u00e9nonc\u00e9 par les afrof\u00e9ministes, d\u2019autres pr\u00e9f\u00e8rent ne plus le chanter \u00bb.<\/em><\/p>\n<figure id=\"attachment_1981935\" aria-describedby=\"caption-attachment-1981935\" style=\"width: 698px\" class=\"wp-caption alignnone\"><img decoding=\"async\" loading=\"lazy\" class=\"size-medium wp-image-1981935\" src=\"https:\/\/mrmondialisation.org\/wp-content\/uploads\/2026\/08\/signal-2026-08-31-15-12-07-169-002-e1788182078815-698x1024.jpg\" alt=\"\" width=\"698\" height=\"1024\" \/><figcaption id=\"caption-attachment-1981935\" class=\"wp-caption-text\"><a href=\"https:\/\/revueladeferlante.fr\/hymne-des-femmes-heritage-blanc-rupture-noire\/\">Un article de La D\u00e9ferlante,<\/a> \u00e9crit par Pauline Baron, d\u00e9di\u00e9 \u00e0 une critique antiraciste de l&rsquo;Hymne des femmes.<\/figcaption><\/figure>\n<h2 align=\"JUSTIFY\"><strong>Le soin au c\u0153ur des rencontres<\/strong><\/h2>\n<p align=\"JUSTIFY\"><a href=\"https:\/\/mrmondialisation.org\/burn-out-militant-activistes-epuiser-silence\/\">Les questions de soin sont de plus en pr\u00e9sentes au sein des espaces militants et alternatifs,<\/a> et les pratiques des rencontres de chorales illustrent cette \u00e9volution. Sont pens\u00e9s conjointement <strong>l\u2019accueil et la prise en charge collective des enfants <\/strong>dans une logique de commun pour d\u00e9lester les parent\u00b7es de la charge \u00e9ducative, <strong>les questions d\u00e9validistes<\/strong> pour permettre aux personnes handi de chanter,<strong> des espaces de d\u00e9tente et d\u2019isolation sensorielle<\/strong> pour permettre aux personnes, \u00e0 diff\u00e9rents degr\u00e9s de neurodivergence, de trouver des endroits ressources etc.<\/p>\n<p>Malgr\u00e9 ces bonnes volont\u00e9s, <strong>ces pratiques ne sont pas toujours suffisantes, notamment parce qu\u2019elles restent contraintes par les moyens disponibles dans les milieux militants et alternatifs.<\/strong> Les rencontres ont souvent lieu dans des fermes, des squats ou des lieux associatifs disposant de ressources limit\u00e9es, qui ne permettent pas toujours de garantir des conditions d\u2019accueil pleinement accessibles. Face \u00e0 cette n\u00e9cessit\u00e9 d\u2019am\u00e9lioration, <strong>le p\u00f4le d\u00e9validiste d\u2019une rencontre de chorales a ainsi d\u00e9cid\u00e9 de ne plus participer<\/strong> apr\u00e8s une d\u00e9cision collective de l\u2019organisation de changer de lieu d\u2019accueil. <strong>Le nouvel espace ne permettait plus de garantir des conditions d\u2019accueil dignes et adapt\u00e9es aux personnes \u00e0 mobilit\u00e9 r\u00e9duite.<\/strong><\/p>\n<\/p>\n<p align=\"JUSTIFY\">Par ailleurs, bien que majoritairement queers et f\u00e9ministes,<strong> ces espaces ne sont pas exempts de violences validistes, racistes, de genre, de classe&#8230; <\/strong><strong>Car les espaces militants et alternatifs ne sont pas imperm\u00e9ables <\/strong>aux m\u00e9canismes li\u00e9s aux oppressions syst\u00e9miques : on peut y retrouver <a href=\"https:\/\/mrmondialisation.org\/violences-sexistes-sexuelles-gauche\/\">les m\u00eames ph\u00e9nom\u00e8nes de minimisation, de d\u00e9ni, de lenteur, de complaisance ou d\u2019inaction qu\u2019ailleurs.<\/a>\u00a0<strong>Heureusement, des chorales se forment et se dotent peu \u00e0 peu de protocoles pour pr\u00e9venir ces violences et y r\u00e9agir avec soin et responsabilisation lorsqu\u2019elles surviennent.\u00a0<\/strong><\/p>\n<p style=\"text-align: right\" align=\"JUSTIFY\">&#8211; <em><strong>Tiphaine Guillet<\/strong><\/em><\/p>\n<hr \/>\n<p align=\"JUSTIFY\">Photo de couverture : Le choeur f\u00e9ministe et militant <a href=\"https:\/\/www.instagram.com\/nos_levres_revoltees\/\">Nos L\u00e8vres R\u00e9volt\u00e9es<\/a> qui chante pour lutter contre les formes d&rsquo;oppressions li\u00e9es au genre et aux sexualit\u00e9s et pour cr\u00e9er l&rsquo;adelphit\u00e9, avec un r\u00e9pertoire constitu\u00e9 de chants de luttes pass\u00e9es et actuelles, d&rsquo;histoire d&rsquo;oppressions ou d&rsquo;adelphit\u00e9 \u00a9 <a href=\"https:\/\/www.instagram.com\/remy.reports\/\"><span class=\"x193iq5w xeuugli x13faqbe x1vvkbs xlh3980 xvmahel x1n0sxbx x1lliihq x1s928wv xhkezso x1gmr53x x1cpjm7i x1fgarty x1943h6x xudqn12 x3x7a5m x6prxxf xvq8zen xo1l8bm xzsf02u\" dir=\"auto\">Remy El Siba\u00efe<\/span><\/a><\/p>\n<p>The post <a href=\"https:\/\/mrmondialisation.org\/queer-feministes-chorales-militantes\/\">Perspectives queer et f\u00e9ministes depuis les chorales militantes<\/a> first appeared on <a href=\"https:\/\/mrmondialisation.org\">Mr Mondialisation<\/a>.<\/p>\n<p class=\"verinews-source\">Source : <a href=\"https:\/\/mrmondialisation.org\/queer-feministes-chorales-militantes\/\" target=\"_blank\" rel=\"nofollow noopener\">Lire l\u2019article original<\/a><\/p>\n","protected":false},"excerpt":{"rendered":"<p>Cent cinquante voix r\u00e9unies au bord de la Dr\u00f4me. Des chants de lutte, des polyphonies, des goguettes f\u00e9ministes, des bals : dans les chorales militantes, chanter est une mani\u00e8re de se retrouver, de transmettre et\u2026<\/p>\n","protected":false},"author":1,"featured_media":31683,"comment_status":"open","ping_status":"open","sticky":false,"template":"","format":"standard","meta":{"footnotes":""},"categories":[1],"tags":[],"class_list":["post-31682","post","type-post","status-publish","format-standard","has-post-thumbnail","hentry","category-non-classe"],"_links":{"self":[{"href":"https:\/\/monde25.info\/index.php\/wp-json\/wp\/v2\/posts\/31682","targetHints":{"allow":["GET"]}}],"collection":[{"href":"https:\/\/monde25.info\/index.php\/wp-json\/wp\/v2\/posts"}],"about":[{"href":"https:\/\/monde25.info\/index.php\/wp-json\/wp\/v2\/types\/post"}],"author":[{"embeddable":true,"href":"https:\/\/monde25.info\/index.php\/wp-json\/wp\/v2\/users\/1"}],"replies":[{"embeddable":true,"href":"https:\/\/monde25.info\/index.php\/wp-json\/wp\/v2\/comments?post=31682"}],"version-history":[{"count":0,"href":"https:\/\/monde25.info\/index.php\/wp-json\/wp\/v2\/posts\/31682\/revisions"}],"wp:featuredmedia":[{"embeddable":true,"href":"https:\/\/monde25.info\/index.php\/wp-json\/wp\/v2\/media\/31683"}],"wp:attachment":[{"href":"https:\/\/monde25.info\/index.php\/wp-json\/wp\/v2\/media?parent=31682"}],"wp:term":[{"taxonomy":"category","embeddable":true,"href":"https:\/\/monde25.info\/index.php\/wp-json\/wp\/v2\/categories?post=31682"},{"taxonomy":"post_tag","embeddable":true,"href":"https:\/\/monde25.info\/index.php\/wp-json\/wp\/v2\/tags?post=31682"}],"curies":[{"name":"wp","href":"https:\/\/api.w.org\/{rel}","templated":true}]}}