{"id":31703,"date":"2026-09-03T19:21:09","date_gmt":"2026-09-03T17:21:09","guid":{"rendered":"https:\/\/monde25.info\/index.php\/2026\/09\/03\/la-politique-agricole-commune-epinglee-par-la-cour-des-comptes\/"},"modified":"2026-09-03T19:21:09","modified_gmt":"2026-09-03T17:21:09","slug":"la-politique-agricole-commune-epinglee-par-la-cour-des-comptes","status":"publish","type":"post","link":"https:\/\/monde25.info\/index.php\/2026\/09\/03\/la-politique-agricole-commune-epinglee-par-la-cour-des-comptes\/","title":{"rendered":"La Politique agricole commune \u00e9pingl\u00e9e par la Cour des comptes"},"content":{"rendered":"<p><img loading=\"lazy\" decoding=\"async\" src=\"https:\/\/reporterre.net\/local\/cache-vignettes\/L700xH467\/afp__20260708__b9fz8tt__v1__highres__franceagricultureanimalheatwave_1_-1b210.jpg?1788443123\" class=\"spip_logo\" width=\"700\" height=\"467\" alt=\"\" \/><\/p>\n<p>La d\u00e9clinaison fran\u00e7aise de la Politique agricole commune (<span class=\"caps\">PAC<\/span>) ne permet pas d&rsquo;atteindre les objectifs climatiques europ\u00e9ens, d\u00e9nonce la Cour des comptes dans un rapport publi\u00e9 le 3\u00a0septembre. <br class=\"autobr\" \/><br \/>\nL&rsquo;institution d\u00e9plore, entre autres dysfonctionnements, la faiblesse des moyens allou\u00e9s aux mesures agroenvironnementales. Elle regrette par exemple \u00ab<small class=\"fine d-inline\">\u00a0<\/small>la suppression de l&rsquo;aide au maintien de l&rsquo;agriculture biologique<small class=\"fine d-inline\">\u00a0<\/small>\u00bb. <br class=\"autobr\" \/><br \/>\nLa <span class=\"caps\">PAC<\/span> repr\u00e9sente 9 milliards d&rsquo;euros annuels pour la France, soit 56<small class=\"fine d-inline\">\u00a0<\/small>% des\u00a0(\u2026)<\/p>\n<p>                    <a href=\"https:\/\/reporterre.net\/La-Politique-agricole-commune-epinglee-par-la-Cour-des-comptes?utm_source=RSS&amp;utm_medium=RSS\">Lire la suite<\/a><\/p>\n<p>                    &#8211;<br \/>\n                        <a href=\"https:\/\/reporterre.net\/Breves-20\" rel=\"directory\">En bref<\/a><\/p>\n<p>                    \/<br \/>\n                        <a href=\"https:\/\/reporterre.net\/Agriculture\" rel=\"tag\">Agriculture<\/a><\/p>\n<p class=\"verinews-source\">Source : <a href=\"https:\/\/reporterre.net\/La-Politique-agricole-commune-epinglee-par-la-Cour-des-comptes\" target=\"_blank\" rel=\"nofollow noopener\">Lire l\u2019article original<\/a><\/p>\n","protected":false},"excerpt":{"rendered":"<p>La d\u00e9clinaison fran\u00e7aise de la Politique agricole commune (PAC) ne permet pas d&rsquo;atteindre les objectifs climatiques europ\u00e9ens, d\u00e9nonce la Cour des comptes dans un rapport publi\u00e9 le 3\u00a0septembre. L&rsquo;institution d\u00e9plore, entre autres dysfonctionnements, la faiblesse\u2026<\/p>\n","protected":false},"author":1,"featured_media":27996,"comment_status":"open","ping_status":"open","sticky":false,"template":"","format":"standard","meta":{"footnotes":""},"categories":[1],"tags":[],"class_list":["post-31703","post","type-post","status-publish","format-standard","has-post-thumbnail","hentry","category-non-classe"],"_links":{"self":[{"href":"https:\/\/monde25.info\/index.php\/wp-json\/wp\/v2\/posts\/31703","targetHints":{"allow":["GET"]}}],"collection":[{"href":"https:\/\/monde25.info\/index.php\/wp-json\/wp\/v2\/posts"}],"about":[{"href":"https:\/\/monde25.info\/index.php\/wp-json\/wp\/v2\/types\/post"}],"author":[{"embeddable":true,"href":"https:\/\/monde25.info\/index.php\/wp-json\/wp\/v2\/users\/1"}],"replies":[{"embeddable":true,"href":"https:\/\/monde25.info\/index.php\/wp-json\/wp\/v2\/comments?post=31703"}],"version-history":[{"count":0,"href":"https:\/\/monde25.info\/index.php\/wp-json\/wp\/v2\/posts\/31703\/revisions"}],"wp:featuredmedia":[{"embeddable":true,"href":"https:\/\/monde25.info\/index.php\/wp-json\/wp\/v2\/media\/27996"}],"wp:attachment":[{"href":"https:\/\/monde25.info\/index.php\/wp-json\/wp\/v2\/media?parent=31703"}],"wp:term":[{"taxonomy":"category","embeddable":true,"href":"https:\/\/monde25.info\/index.php\/wp-json\/wp\/v2\/categories?post=31703"},{"taxonomy":"post_tag","embeddable":true,"href":"https:\/\/monde25.info\/index.php\/wp-json\/wp\/v2\/tags?post=31703"}],"curies":[{"name":"wp","href":"https:\/\/api.w.org\/{rel}","templated":true}]}}