{"id":31724,"date":"2026-09-04T10:01:09","date_gmt":"2026-09-04T08:01:09","guid":{"rendered":"https:\/\/monde25.info\/index.php\/2026\/09\/04\/algerie-le-francais-butin-de-guerre-mais-pour-qui\/"},"modified":"2026-09-04T10:01:09","modified_gmt":"2026-09-04T08:01:09","slug":"algerie-le-francais-butin-de-guerre-mais-pour-qui","status":"publish","type":"post","link":"https:\/\/monde25.info\/index.php\/2026\/09\/04\/algerie-le-francais-butin-de-guerre-mais-pour-qui\/","title":{"rendered":"Alg\u00e9rie &quot;Le fran\u00e7ais, butin de guerre&quot;, mais pour qui ?"},"content":{"rendered":"<p>Il a suffi que le fran\u00e7ais soit r\u00e9trograd\u00e9, \u00e0 l&rsquo;Ecole alg\u00e9rienne, d&rsquo;une place, d&rsquo;une ann\u00e9e au profit de l&rsquo;anglais pour que le parti du fran\u00e7ais se d\u00e9chaine. On a eu droit \u00e0 ce sujet, r\u00e9cemment, \u00e0 toutes les inepties, vite baptis\u00e9es arguments techniques et p\u00e9dagogiques, dans ce qu&rsquo;on pourrait consid\u00e9rer comme une pouss\u00e9e aigue de francopholie. <br class=\"autobr\" \/> Permettez-moi de vous citer quelques perles en la mati\u00e8re. Et d&rsquo;abord, la plus succulente probablement, celle de ceux qui (\u2026)<\/p>\n<p>&#8211;<br \/>\n<a href=\"https:\/\/www.legrandsoir.info\/-articles-voir-aussi-.html\" rel=\"directory\">ARTICLES &#8211; Voir Aussi<\/a><\/p>\n<p>\/<br \/>\n<a href=\"https:\/\/www.legrandsoir.info\/+-algerie-+.html\" rel=\"tag\">Alg\u00e9rie<\/a>,<br \/>\n<a href=\"https:\/\/www.legrandsoir.info\/+-education-recherche-+.html\" rel=\"tag\">Education\/Recherche<\/a><\/p>\n<p class=\"verinews-source\">Source : <a href=\"https:\/\/www.legrandsoir.info\/algerie-le-francais-butin-de-guerre-mais-pour-qui.html\" target=\"_blank\" rel=\"nofollow noopener\">Lire l\u2019article original<\/a><\/p>\n","protected":false},"excerpt":{"rendered":"<p>Il a suffi que le fran\u00e7ais soit r\u00e9trograd\u00e9, \u00e0 l&rsquo;Ecole alg\u00e9rienne, d&rsquo;une place, d&rsquo;une ann\u00e9e au profit de l&rsquo;anglais pour que le parti du fran\u00e7ais se d\u00e9chaine. On a eu droit \u00e0 ce sujet, r\u00e9cemment,\u2026<\/p>\n","protected":false},"author":1,"featured_media":27996,"comment_status":"open","ping_status":"open","sticky":false,"template":"","format":"standard","meta":{"footnotes":""},"categories":[1],"tags":[],"class_list":["post-31724","post","type-post","status-publish","format-standard","has-post-thumbnail","hentry","category-non-classe"],"_links":{"self":[{"href":"https:\/\/monde25.info\/index.php\/wp-json\/wp\/v2\/posts\/31724","targetHints":{"allow":["GET"]}}],"collection":[{"href":"https:\/\/monde25.info\/index.php\/wp-json\/wp\/v2\/posts"}],"about":[{"href":"https:\/\/monde25.info\/index.php\/wp-json\/wp\/v2\/types\/post"}],"author":[{"embeddable":true,"href":"https:\/\/monde25.info\/index.php\/wp-json\/wp\/v2\/users\/1"}],"replies":[{"embeddable":true,"href":"https:\/\/monde25.info\/index.php\/wp-json\/wp\/v2\/comments?post=31724"}],"version-history":[{"count":0,"href":"https:\/\/monde25.info\/index.php\/wp-json\/wp\/v2\/posts\/31724\/revisions"}],"wp:featuredmedia":[{"embeddable":true,"href":"https:\/\/monde25.info\/index.php\/wp-json\/wp\/v2\/media\/27996"}],"wp:attachment":[{"href":"https:\/\/monde25.info\/index.php\/wp-json\/wp\/v2\/media?parent=31724"}],"wp:term":[{"taxonomy":"category","embeddable":true,"href":"https:\/\/monde25.info\/index.php\/wp-json\/wp\/v2\/categories?post=31724"},{"taxonomy":"post_tag","embeddable":true,"href":"https:\/\/monde25.info\/index.php\/wp-json\/wp\/v2\/tags?post=31724"}],"curies":[{"name":"wp","href":"https:\/\/api.w.org\/{rel}","templated":true}]}}