{"id":31735,"date":"2026-09-04T16:01:02","date_gmt":"2026-09-04T14:01:02","guid":{"rendered":"https:\/\/monde25.info\/index.php\/2026\/09\/04\/incendies-canicules-inondations-lespagne-veut-taxer-les-jets-prives-et-les-acteurs-du-secteur-petrolier-et-gazier\/"},"modified":"2026-09-04T16:01:02","modified_gmt":"2026-09-04T14:01:02","slug":"incendies-canicules-inondations-lespagne-veut-taxer-les-jets-prives-et-les-acteurs-du-secteur-petrolier-et-gazier","status":"publish","type":"post","link":"https:\/\/monde25.info\/index.php\/2026\/09\/04\/incendies-canicules-inondations-lespagne-veut-taxer-les-jets-prives-et-les-acteurs-du-secteur-petrolier-et-gazier\/","title":{"rendered":"Incendies, canicules, inondations : l&#039;Espagne veut taxer les jets priv\u00e9s et les acteurs du secteur p\u00e9trolier et gazier"},"content":{"rendered":"<p>L&rsquo;Espagne veut faire de l&rsquo;adaptation au changement climatique un chantier commun &agrave; l&rsquo;&eacute;chelle de l&rsquo;Union europ&eacute;enne, <a href=\"https:\/\/elpais.com\/clima-y-medio-ambiente\/2026-09-04\/espana-pide-una-fuerza-europea-de-reaccion-rapida-ante-emergencias-climaticas-financiada-con-tasas-a-petroleras-y-jets-privados.html\" target=\"_blank\" rel=\"noopener noreferrer\">rapporte ce 4 septembre <em>El Pa&iacute;s<\/em><\/a>. Dans une proposition adress&eacute;e au commissaire europ&eacute;en au Climat, Wopke Hoekstra, Madrid demande la cr&eacute;ation d&rsquo;un dispositif permanent capable d&rsquo;intervenir rapidement lors de catastrophes li&eacute;es au climat.<\/p>\n<p>Le projet pr&eacute;voit de renforcer et de coordonner les moyens d&eacute;j&agrave; disponibles dans l&rsquo;UE, avec des ressources partag&eacute;es pouvant &ecirc;tre d&eacute;ploy&eacute;es d&rsquo;un pays &agrave; l&rsquo;autre. Parmi les pistes avanc&eacute;es figure notamment une flotte a&eacute;rienne europ&eacute;enne consacr&eacute;e &agrave; la lutte contre les incendies.<\/p>\n<p>Le gouvernement espagnol souhaite toutefois aller au-del&agrave; de la seule gestion des feux de for&ecirc;t. Il propose la cr&eacute;ation d&rsquo;un fonds europ&eacute;en consacr&eacute; &agrave; l&rsquo;adaptation climatique, destin&eacute; &agrave; financer la pr&eacute;vention, la protection des populations et la pr&eacute;paration aux &eacute;v&eacute;nements extr&ecirc;mes. Pour l&rsquo;alimenter, Madrid avance plusieurs sources de recettes, dont une taxe sur les vols de luxe et un pr&eacute;l&egrave;vement europ&eacute;en sur les b&eacute;n&eacute;fices du secteur p&eacute;trolier et gazier. Ce dernier serait con&ccedil;u comme un m&eacute;canisme permanent, et non comme une contribution exceptionnelle li&eacute;e &agrave; une envol&eacute;e ponctuelle des profits.<\/p>\n<p>En ao&ucirc;t, l&rsquo;Allemagne, l&rsquo;Italie, l&rsquo;Autriche, la Pologne, le Portugal et l&rsquo;Espagne avaient d&eacute;j&agrave; soutenu l&rsquo;id&eacute;e d&rsquo;un nouvel outil fiscal visant les combustibles fossiles.<\/p>\n<p>L&rsquo;Espagne sugg&egrave;re &eacute;galement d&rsquo;&eacute;tudier le recours &agrave; des instruments de dette commune europ&eacute;enne afin de combler le manque de financements.<\/p>\n<p>Autre volet de la proposition : la couverture des pertes provoqu&eacute;es par les incendies, les inondations et d&rsquo;autres ph&eacute;nom&egrave;nes extr&ecirc;mes. Madrid souhaite que l&rsquo;UE envisage un syst&egrave;me europ&eacute;en de r&eacute;assurance associant secteur public et assureurs priv&eacute;s. Les risques seraient mutualis&eacute;s entre les &Eacute;tats membres, avec la possibilit&eacute; de recourir &agrave; des obligations li&eacute;es au risque climatique en cas de catastrophe majeure.<\/p>\n<p>L&rsquo;Espagne plaide parall&egrave;lement pour des objectifs d&rsquo;adaptation contraignants &agrave; court, moyen et long terme. Ils concerneraient d&rsquo;abord les domaines les plus expos&eacute;s, notamment l&rsquo;eau, la sant&eacute;, les infrastructures, les for&ecirc;ts, la biodiversit&eacute;, le tourisme, l&rsquo;agriculture et la p&ecirc;che, avant d&rsquo;&ecirc;tre progressivement &eacute;tendus au reste de l&rsquo;&eacute;conomie.<\/p>\n<p>Par ailleurs, Madrid veut que le risque climatique soit syst&eacute;matiquement pris en compte dans les infrastructures, les investissements publics, l&rsquo;am&eacute;nagement du territoire et les politiques sectorielles. L&rsquo;objectif est d&rsquo;&eacute;viter que les d&eacute;cisions prises aujourd&rsquo;hui ne cr&eacute;ent de nouvelles vuln&eacute;rabilit&eacute;s dans les prochaines d&eacute;cennies.<\/p>\n<p>Selon les chiffres cit&eacute;s par le minist&egrave;re espagnol de la Transition &eacute;cologique, les &Eacute;tats membres ont subi 822&nbsp;milliards&nbsp;d&rsquo;euros de pertes li&eacute;es aux ph&eacute;nom&egrave;nes m&eacute;t&eacute;orologiques extr&ecirc;mes depuis 1980, dont environ 208&nbsp;milliards entre 2021 et 2024.<\/p>\n<p class=\"verinews-source\">Source : <a href=\"https:\/\/francais.rt.com\/international\/137714-incendies-canicules-inondations-espagne-veut-taxer-jets-prives-et-acteurs-secteur-petrol\" target=\"_blank\" rel=\"nofollow noopener\">Lire l\u2019article original<\/a><\/p>\n","protected":false},"excerpt":{"rendered":"<p>Apr\u00e8s un \u00e9t\u00e9 marqu\u00e9 par des vagues de chaleur et des incendies, l&rsquo;Espagne veut pousser l&rsquo;Union europ\u00e9enne \u00e0 renforcer sa r\u00e9ponse aux catastrophes climatiques. Madrid propose une force d&rsquo;intervention rapide, un fonds d\u00e9di\u00e9 \u00e0 l&rsquo;adaptation\u2026<\/p>\n","protected":false},"author":1,"featured_media":31736,"comment_status":"open","ping_status":"open","sticky":false,"template":"","format":"standard","meta":{"footnotes":""},"categories":[1],"tags":[],"class_list":["post-31735","post","type-post","status-publish","format-standard","has-post-thumbnail","hentry","category-non-classe"],"_links":{"self":[{"href":"https:\/\/monde25.info\/index.php\/wp-json\/wp\/v2\/posts\/31735","targetHints":{"allow":["GET"]}}],"collection":[{"href":"https:\/\/monde25.info\/index.php\/wp-json\/wp\/v2\/posts"}],"about":[{"href":"https:\/\/monde25.info\/index.php\/wp-json\/wp\/v2\/types\/post"}],"author":[{"embeddable":true,"href":"https:\/\/monde25.info\/index.php\/wp-json\/wp\/v2\/users\/1"}],"replies":[{"embeddable":true,"href":"https:\/\/monde25.info\/index.php\/wp-json\/wp\/v2\/comments?post=31735"}],"version-history":[{"count":0,"href":"https:\/\/monde25.info\/index.php\/wp-json\/wp\/v2\/posts\/31735\/revisions"}],"wp:featuredmedia":[{"embeddable":true,"href":"https:\/\/monde25.info\/index.php\/wp-json\/wp\/v2\/media\/31736"}],"wp:attachment":[{"href":"https:\/\/monde25.info\/index.php\/wp-json\/wp\/v2\/media?parent=31735"}],"wp:term":[{"taxonomy":"category","embeddable":true,"href":"https:\/\/monde25.info\/index.php\/wp-json\/wp\/v2\/categories?post=31735"},{"taxonomy":"post_tag","embeddable":true,"href":"https:\/\/monde25.info\/index.php\/wp-json\/wp\/v2\/tags?post=31735"}],"curies":[{"name":"wp","href":"https:\/\/api.w.org\/{rel}","templated":true}]}}