{"id":31737,"date":"2026-09-04T16:41:08","date_gmt":"2026-09-04T14:41:08","guid":{"rendered":"https:\/\/monde25.info\/index.php\/2026\/09\/04\/15-millions-de-francais-pieges-comment-les-medias-fabriquent-leco-anxiete\/"},"modified":"2026-09-04T16:41:08","modified_gmt":"2026-09-04T14:41:08","slug":"15-millions-de-francais-pieges-comment-les-medias-fabriquent-leco-anxiete","status":"publish","type":"post","link":"https:\/\/monde25.info\/index.php\/2026\/09\/04\/15-millions-de-francais-pieges-comment-les-medias-fabriquent-leco-anxiete\/","title":{"rendered":"15 millions de Fran\u00e7ais pi\u00e9g\u00e9s : comment les m\u00e9dias fabriquent l\u2019\u00c9co-Anxi\u00e9t\u00e9"},"content":{"rendered":"<p><img loading=\"lazy\" decoding=\"async\" width=\"768\" height=\"608\" src=\"https:\/\/i0.wp.com\/www.lelibrepenseur.org\/wp-content\/uploads\/2026\/09\/Capture-decran-2026-09-04-125733.png?fit=768%2C608&amp;ssl=1\" class=\"webfeedsFeaturedVisual wp-post-image\" alt=\"15 millions de Fran\u00e7ais pi\u00e9g\u00e9s : comment les m\u00e9dias fabriquent l&apos;\u00c9co-Anxi\u00e9t\u00e9\" style=\"display: block;margin-bottom: 5px;clear:both;max-width: 100%\" data-attachment-id=\"6068809\" data-permalink=\"https:\/\/www.lelibrepenseur.org\/eco-anxiete-climatisme-propagande-medias\/capture-decran-2026-09-04-125733\/\" data-orig-file=\"https:\/\/i0.wp.com\/www.lelibrepenseur.org\/wp-content\/uploads\/2026\/09\/Capture-decran-2026-09-04-125733.png?fit=1198%2C949&amp;ssl=1\" data-orig-size=\"1198,949\" data-comments-opened=\"1\" data-image-meta=\"{&quot;aperture&quot;:&quot;0&quot;,&quot;credit&quot;:&quot;&quot;,&quot;camera&quot;:&quot;&quot;,&quot;caption&quot;:&quot;&quot;,&quot;created_timestamp&quot;:&quot;0&quot;,&quot;copyright&quot;:&quot;&quot;,&quot;focal_length&quot;:&quot;0&quot;,&quot;iso&quot;:&quot;0&quot;,&quot;shutter_speed&quot;:&quot;0&quot;,&quot;title&quot;:&quot;&quot;,&quot;orientation&quot;:&quot;0&quot;,&quot;alt&quot;:&quot;&quot;}\" data-image-title=\"15 millions de Fran\u00e7ais pi\u00e9g\u00e9s : comment les m\u00e9dias fabriquent l&amp;rsquo;\u00c9co-Anxi\u00e9t\u00e9\" data-image-description=\"\" data-image-caption=\"&lt;p&gt;15 millions de Fran\u00e7ais pi\u00e9g\u00e9s : comment les m\u00e9dias fabriquent l&amp;rsquo;\u00c9co-Anxi\u00e9t\u00e9&lt;\/p&gt;\n\" data-medium-file=\"https:\/\/i0.wp.com\/www.lelibrepenseur.org\/wp-content\/uploads\/2026\/09\/Capture-decran-2026-09-04-125733.png?fit=300%2C238&amp;ssl=1\" data-large-file=\"https:\/\/i0.wp.com\/www.lelibrepenseur.org\/wp-content\/uploads\/2026\/09\/Capture-decran-2026-09-04-125733.png?fit=1024%2C811&amp;ssl=1\" \/><\/p>\n<div class=\"intro-text\">\n<p dir=\"ltr\" data-rm-block-id=\"block-1\"><span class=\"dropcap \" style=\"background-color: #ffffff;color: #000000;border-color: #ffffff\"><strong>L&rsquo;<\/strong><\/span>Observatoire de l&rsquo;\u00e9co-anxi\u00e9t\u00e9 vient de publier un chiffre qui donne le vertige : 15,6 millions de Fran\u00e7ais seraient d\u00e9sormais touch\u00e9s par ce mal !!! 25% de la population !!! Une hausse de 20% en seulement deux ans, nous dit-on. Pourtant, derri\u00e8re cette statistique choc se cache une m\u00e9canique bien huil\u00e9e. Car l&rsquo;enqu\u00eate a \u00e9t\u00e9 men\u00e9e en pleine vague de chaleur, juste apr\u00e8s des incendies spectaculaires. Un timing qui n&rsquo;a \u00e9videmment rien d&rsquo;anodin et de tr\u00e8s scientifique !<\/p>\n<p dir=\"ltr\" data-rm-block-id=\"block-1\">Mais ce qui est curieux c&rsquo;est que l\u2019Observatoire de l\u2019Eco-anxi\u00e9t\u00e9 (OBSECA) &#8211; en partenariat avec l\u2019ADEME &#8211; a <a href=\"https:\/\/www.lelibrepenseur.org\/eco-anxiete-quand-letat-et-les-medias-detruisent-la-sante-mentale-de-millions-de-francais-a-force-de-propagande\/\">publi\u00e9 une \u00e9tude<\/a> sur l\u2019impact de l\u2019<strong>\u00e9co-anxi\u00e9t\u00e9<\/strong> sur la sant\u00e9 mentale en France fin septembre 2024 (il y a 2 ans). Bas\u00e9e sur un \u00e9chantillon de 998 personnes \u00e2g\u00e9es de 15 \u00e0 64 ans, ils avaient annonc\u00e9 4.2 millions d&rsquo;\u00e9co-anxieux ! On est pass\u00e9s \u00e0 15 millions aujourd&rsquo;hui ! Personne ne peut croire un tel chiffre multipli\u00e9 par 3 en si peu de temps ! C&rsquo;est du grand n&rsquo;importe quoi.<\/p>\n<p dir=\"ltr\" data-rm-block-id=\"block-2\">D&rsquo;ailleurs, le psychologue \u00e0 l&rsquo;origine du barom\u00e8tre reconna\u00eet lui-m\u00eame un \u00ab effet conjoncturel \u00bb ind\u00e9niable. Autrement dit, sonder les Fran\u00e7ais en plein feu de for\u00eat revient \u00e0 mesurer leur peur du feu au moment pr\u00e9cis o\u00f9 ils regardent les flammes \u00e0 la t\u00e9l\u00e9vision. Le r\u00e9sultat ne surprend donc personne. Il faut dire que les r\u00e9dactions ont un int\u00e9r\u00eat \u00e9vident \u00e0 ce type de couverture. Les images de canicule et de s\u00e9cheresse g\u00e9n\u00e8rent du clic, de l&rsquo;engagement, de l&rsquo;audience. L&rsquo;urgence climatique, martel\u00e9e en boucle, devient ainsi un produit \u00e9ditorial \u00e0 part enti\u00e8re. Les <a href=\"https:\/\/www.lelibrepenseur.org\/le-terrorisme-climatiste-et-leco-anxiete-saturent-les-gens-qui-nen-peuvent-plus-et-le-font-savoir\/\">gens n&rsquo;en peuvent plus et le crient<\/a> !<\/p>\n<p dir=\"ltr\" data-rm-block-id=\"block-3\">Mais alors, cette angoisse est-elle vraiment le reflet fid\u00e8le de la r\u00e9alit\u00e9 m\u00e9t\u00e9orologique fran\u00e7aise ? Pas si s\u00fbr. L&rsquo;hiver 2025-2026 a par exemple \u00e9t\u00e9 l&rsquo;un des plus pluvieux jamais enregistr\u00e9s depuis 1959, avec un exc\u00e9dent de 70% sur janvier-f\u00e9vrier. Des <a href=\"https:\/\/www.google.com\/url?sa=t&amp;rct=j&amp;q=&amp;esrc=s&amp;source=web&amp;cd=&amp;cad=rja&amp;uact=8&amp;ved=2ahUKEwi4pcy-4NSWAxXS8bsIHdWhGe0QFnoECDEQAQ&amp;url=%2Fgoto%3Furl%3DCAESowEB6zswFd6A4-NBST_WKmN3S64xZkr8sHY0PfsNroaAD1VIsorJgQrV-Z165Ptgi9G00f9YkHMJ1Pk-sftdJlO7LnhdWkWwJzHVEeeXRHkH1ri2i8AyuA3NW8KOs00CbRIfLIpERG-fVLKD4s4-kXWpqD0aT5Wqr_4ZTUGXpxGeXnySJ0XEdi7L4jCH-cXuwN9cDjd-NcSdtFU1Gc5j3aI9Jo-x&amp;usg=AOvVaw0oks0rVdUD6x3-tncYGEiP&amp;opi=89978449\" target=\"_blank\" rel=\"noopener\">inondations<\/a> majeures ont m\u00eame touch\u00e9 la fa\u00e7ade atlantique. \u00c9trangement, cet \u00e9pisode a re\u00e7u bien moins d&rsquo;\u00e9cho que les canicules estivales suivantes. Comme si seule la chaleur m\u00e9ritait le statut d&rsquo;alerte, jamais l&rsquo;eau en exc\u00e8s qui recharge les barrages et les nappes phr\u00e9atiques.<\/p>\n<p dir=\"ltr\" data-rm-block-id=\"block-4\">Cette asym\u00e9trie de traitement n&rsquo;est pas nouvelle. Rappelons-nous 1976, une s\u00e9cheresse d&rsquo;une s\u00e9v\u00e9rit\u00e9 comparable, voire sup\u00e9rieure sur certains indices, \u00e0 celle que nous connaissons aujourd&rsquo;hui. \u00c0 l&rsquo;\u00e9poque, aucun observatoire d\u00e9di\u00e9, aucun barom\u00e8tre mensuel, aucune psychologue interview\u00e9e en continu sur les plateaux. Le ph\u00e9nom\u00e8ne existait, sans pour autant g\u00e9n\u00e9rer une industrie du commentaire anxiog\u00e8ne. Ce qui a chang\u00e9 depuis, ce n&rsquo;est donc pas tant le climat que la fa\u00e7on dont on en parle. Il suffit de voir l\u00e0 une apocalyptique de <em>Lib\u00e9ration<\/em> pour s&rsquo;en rendre compte.<\/p>\n<p dir=\"ltr\" data-rm-block-id=\"block-4\">La\u00a0<a href=\"https:\/\/fr.wikipedia.org\/wiki\/S%C3%A9cheresse_de_1540_en_Europe\" target=\"_blank\" rel=\"noopener\"><b id=\"mwCA\">s\u00e9cheresse qui a touch\u00e9 l&rsquo;Europe en 1540 <\/b><\/a>a \u00e9t\u00e9 tr\u00e8s violente et a dur\u00e9&#8230; 11 mois ! Il n&rsquo;y avait pas le d\u00e9but d&rsquo;un atome de moteur \u00e0 explosion ou m\u00eame \u00e0 vapeur !<\/p>\n<p dir=\"ltr\" data-rm-block-id=\"block-5\">Les chercheuses interrog\u00e9es par la presse assurent, chiffres \u00e0 l&rsquo;appui, qu&rsquo;il ne faut \u00ab pas pathologiser mais politiser \u00bb l&rsquo;\u00e9co-anxi\u00e9t\u00e9. Une formule habile, mais qui m\u00e9rite d&rsquo;\u00eatre questionn\u00e9e. Car politiser une \u00e9motion collective, c&rsquo;est aussi lui donner un poids qu&rsquo;elle n&rsquo;aurait peut-\u00eatre pas eu naturellement. Les cadres sup\u00e9rieurs, particuli\u00e8rement bien brainwash\u00e9s, seraient les plus touch\u00e9s selon l&rsquo;\u00e9tude. Une corr\u00e9lation qui interroge : et si l&rsquo;anxi\u00e9t\u00e9 grandissait avec l&rsquo;exposition m\u00e9diatique plut\u00f4t qu&rsquo;avec le danger r\u00e9el encouru ?<\/p>\n<h3 dir=\"ltr\" data-rm-block-id=\"block-5\"><strong>Qui a int\u00e9r\u00eat \u00e0 m\u00e9diatis\u00e9 l&rsquo;\u00e9co-anxi\u00e9t\u00e9 ?<\/strong><\/h3>\n<p dir=\"ltr\" data-rm-block-id=\"block-6\">Reste une question de fond, rarement pos\u00e9e frontalement. Qui a int\u00e9r\u00eat \u00e0 ce que cette angoisse perdure et s&rsquo;amplifie chaque ann\u00e9e ? Les instituts de sondage sp\u00e9cialis\u00e9s vivent de la reconduction de leurs propres barom\u00e8tres. Les m\u00e9dias vivent de l&rsquo;audience g\u00e9n\u00e9r\u00e9e par l&rsquo;urgence permanente. Quant aux responsables politiques, ils trouvent dans cette anxi\u00e9t\u00e9 collective un formidable levier pour justifier de nouvelles mesures fiscales et r\u00e9glementaires. De nouvelles restrictions et interdictions&#8230;<\/p>\n<p dir=\"ltr\" data-rm-block-id=\"block-7\">Alors, ph\u00e9nom\u00e8ne r\u00e9el ou construction sociale amplifi\u00e9e ? Avant de crier \u00e0 la catastrophe collective, peut-\u00eatre vaudrait-il mieux interroger nos propres sources d&rsquo;information.<\/p>\n<p dir=\"ltr\" data-rm-block-id=\"block-7\">Une chose est certaine, il y a des millions d&rsquo;\u00e9chos anxieux en France qui souffre r\u00e9ellement de cette propagande et dont la vie a \u00e9t\u00e9 d\u00e9truite par ce climatisme d\u00e9lirant totalement irresponsable.<\/p>\n<hr \/>\n<p dir=\"ltr\" data-rm-block-id=\"block-7\"><img loading=\"lazy\" decoding=\"async\" data-recalc-dims=\"1\" data-attachment-id=\"6068808\" data-permalink=\"https:\/\/www.lelibrepenseur.org\/eco-anxiete-climatisme-propagande-medias\/image_2026-09-04_125223191\/\" data-orig-file=\"https:\/\/i0.wp.com\/www.lelibrepenseur.org\/wp-content\/uploads\/2026\/09\/image_2026-09-04_125223191.png?fit=908%2C690&amp;ssl=1\" data-orig-size=\"908,690\" data-comments-opened=\"1\" data-image-meta=\"{&quot;aperture&quot;:&quot;0&quot;,&quot;credit&quot;:&quot;&quot;,&quot;camera&quot;:&quot;&quot;,&quot;caption&quot;:&quot;&quot;,&quot;created_timestamp&quot;:&quot;0&quot;,&quot;copyright&quot;:&quot;&quot;,&quot;focal_length&quot;:&quot;0&quot;,&quot;iso&quot;:&quot;0&quot;,&quot;shutter_speed&quot;:&quot;0&quot;,&quot;title&quot;:&quot;&quot;,&quot;orientation&quot;:&quot;0&quot;,&quot;alt&quot;:&quot;&quot;}\" data-image-title=\"image_2026-09-04_125223191\" data-image-description=\"\" data-image-caption=\"\" data-medium-file=\"https:\/\/i0.wp.com\/www.lelibrepenseur.org\/wp-content\/uploads\/2026\/09\/image_2026-09-04_125223191.png?fit=300%2C228&amp;ssl=1\" data-large-file=\"https:\/\/i0.wp.com\/www.lelibrepenseur.org\/wp-content\/uploads\/2026\/09\/image_2026-09-04_125223191.png?fit=908%2C690&amp;ssl=1\" class=\"alignnone size-full wp-image-6068808\" src=\"https:\/\/i0.wp.com\/www.lelibrepenseur.org\/wp-content\/uploads\/2026\/09\/image_2026-09-04_125223191.png?resize=908%2C690&amp;ssl=1\" alt=\"\" width=\"908\" height=\"690\" \/><\/p>\n<hr \/>\n<figure id=\"attachment_6043151\" aria-describedby=\"caption-attachment-6043151\" style=\"width: 852px\" class=\"wp-caption alignnone\"><img loading=\"lazy\" decoding=\"async\" data-recalc-dims=\"1\" data-attachment-id=\"6043151\" data-permalink=\"https:\/\/www.lelibrepenseur.org\/semaine-tres-froide-en-france-cette-mi-septembre-2024\/couve-3d-climate-terror\/\" data-orig-file=\"https:\/\/i0.wp.com\/www.lelibrepenseur.org\/wp-content\/uploads\/2024\/09\/Couve-3D-Climate-Terror.png?fit=852%2C1024&amp;ssl=1\" data-orig-size=\"852,1024\" data-comments-opened=\"1\" data-image-meta=\"{&quot;aperture&quot;:&quot;0&quot;,&quot;credit&quot;:&quot;&quot;,&quot;camera&quot;:&quot;&quot;,&quot;caption&quot;:&quot;&quot;,&quot;created_timestamp&quot;:&quot;0&quot;,&quot;copyright&quot;:&quot;&quot;,&quot;focal_length&quot;:&quot;0&quot;,&quot;iso&quot;:&quot;0&quot;,&quot;shutter_speed&quot;:&quot;0&quot;,&quot;title&quot;:&quot;&quot;,&quot;orientation&quot;:&quot;0&quot;}\" data-image-title=\"\u201cClimate Terror\u201d, de Salim La\u00efbi\" data-image-description=\"&lt;p&gt;\u201cClimate Terror\u201d, de Salim La\u00efbi&lt;\/p&gt;\n\" data-image-caption=\"&lt;p&gt;\u201cClimate Terror\u201d, de Salim La\u00efbi&lt;\/p&gt;\n\" data-medium-file=\"https:\/\/i0.wp.com\/www.lelibrepenseur.org\/wp-content\/uploads\/2024\/09\/Couve-3D-Climate-Terror.png?fit=250%2C300&amp;ssl=1\" data-large-file=\"https:\/\/i0.wp.com\/www.lelibrepenseur.org\/wp-content\/uploads\/2024\/09\/Couve-3D-Climate-Terror.png?fit=852%2C1024&amp;ssl=1\" class=\"size-full wp-image-6043151\" src=\"https:\/\/i0.wp.com\/www.lelibrepenseur.org\/wp-content\/uploads\/2024\/09\/Couve-3D-Climate-Terror.png?resize=852%2C1024&amp;ssl=1\" alt=\"\u201cClimate Terror\u201d, de Salim La\u00efbi\" width=\"852\" height=\"1024\" \/><figcaption id=\"caption-attachment-6043151\" class=\"wp-caption-text\">\u201cClimate Terror\u201d, de Salim La\u00efbi<\/figcaption><\/figure>\n<\/div>\n<p>L\u2019article <a rel=\"nofollow\" href=\"https:\/\/www.lelibrepenseur.org\/eco-anxiete-climatisme-propagande-medias\/\">15 millions de Fran\u00e7ais pi\u00e9g\u00e9s : comment les m\u00e9dias fabriquent l&rsquo;\u00c9co-Anxi\u00e9t\u00e9<\/a> est apparu en premier sur <a rel=\"nofollow\" href=\"https:\/\/www.lelibrepenseur.org\">Le Libre Penseur<\/a>.<\/p>\n<p class=\"verinews-source\">Source : <a href=\"https:\/\/www.lelibrepenseur.org\/eco-anxiete-climatisme-propagande-medias\/\" target=\"_blank\" rel=\"nofollow noopener\">Lire l\u2019article original<\/a><\/p>\n","protected":false},"excerpt":{"rendered":"<p>L&#8217;Observatoire de l&#8217;\u00e9co-anxi\u00e9t\u00e9 vient de publier un chiffre qui donne le vertige : 15,6 millions de Fran\u00e7ais seraient d\u00e9sormais touch\u00e9s par ce mal !!! 25% de la population !!! Une hausse de 20% en seulement\u2026<\/p>\n","protected":false},"author":1,"featured_media":31738,"comment_status":"open","ping_status":"open","sticky":false,"template":"","format":"standard","meta":{"footnotes":""},"categories":[1],"tags":[],"class_list":["post-31737","post","type-post","status-publish","format-standard","has-post-thumbnail","hentry","category-non-classe"],"_links":{"self":[{"href":"https:\/\/monde25.info\/index.php\/wp-json\/wp\/v2\/posts\/31737","targetHints":{"allow":["GET"]}}],"collection":[{"href":"https:\/\/monde25.info\/index.php\/wp-json\/wp\/v2\/posts"}],"about":[{"href":"https:\/\/monde25.info\/index.php\/wp-json\/wp\/v2\/types\/post"}],"author":[{"embeddable":true,"href":"https:\/\/monde25.info\/index.php\/wp-json\/wp\/v2\/users\/1"}],"replies":[{"embeddable":true,"href":"https:\/\/monde25.info\/index.php\/wp-json\/wp\/v2\/comments?post=31737"}],"version-history":[{"count":0,"href":"https:\/\/monde25.info\/index.php\/wp-json\/wp\/v2\/posts\/31737\/revisions"}],"wp:featuredmedia":[{"embeddable":true,"href":"https:\/\/monde25.info\/index.php\/wp-json\/wp\/v2\/media\/31738"}],"wp:attachment":[{"href":"https:\/\/monde25.info\/index.php\/wp-json\/wp\/v2\/media?parent=31737"}],"wp:term":[{"taxonomy":"category","embeddable":true,"href":"https:\/\/monde25.info\/index.php\/wp-json\/wp\/v2\/categories?post=31737"},{"taxonomy":"post_tag","embeddable":true,"href":"https:\/\/monde25.info\/index.php\/wp-json\/wp\/v2\/tags?post=31737"}],"curies":[{"name":"wp","href":"https:\/\/api.w.org\/{rel}","templated":true}]}}