{"id":31739,"date":"2026-09-04T17:21:02","date_gmt":"2026-09-04T15:21:02","guid":{"rendered":"https:\/\/monde25.info\/index.php\/2026\/09\/04\/sahel-laes-prepare-un-systeme-unique-de-decorations-confederales-pour-affirmer-sa-souverainete\/"},"modified":"2026-09-04T17:21:02","modified_gmt":"2026-09-04T15:21:02","slug":"sahel-laes-prepare-un-systeme-unique-de-decorations-confederales-pour-affirmer-sa-souverainete","status":"publish","type":"post","link":"https:\/\/monde25.info\/index.php\/2026\/09\/04\/sahel-laes-prepare-un-systeme-unique-de-decorations-confederales-pour-affirmer-sa-souverainete\/","title":{"rendered":"Sahel : l&#039;AES pr\u00e9pare un syst\u00e8me unique de d\u00e9corations conf\u00e9d\u00e9rales pour affirmer sa souverainet\u00e9"},"content":{"rendered":"<p>Les pays de l&rsquo;Alliance des &Eacute;tats du Sahel (AES), dont font partie le Burkina Faso, le Mali et le Niger, envisagent de mettre en place un syst&egrave;me unique de distinctions honorifiques, <a href=\"https:\/\/www.facebook.com\/sigbf226\/posts\/pfbid02kbppXzsor4s9jrhviAMWhTQkgpu99EdFYKiHgrmMunygg62X8E1zWgRnxhWf1C8zl\" target=\"_blank\" rel=\"noopener noreferrer\">a indiqu&eacute; <\/a>le service de presse du gouvernement burkinab&egrave; &agrave; l&rsquo;issue d&rsquo;une r&eacute;union technique des secr&eacute;taires g&eacute;n&eacute;raux des Grandes Chancelleries des Ordres nationaux des trois pays, qui s&rsquo;est tenue &agrave; Ouagadougou le 2 septembre. La r&eacute;union &eacute;tait pr&eacute;sid&eacute;e par le Grand Chancelier des Ordres burkinab&egrave;, le g&eacute;n&eacute;ral de brigade Pingrenoma Zagr&eacute;.<\/p>\n<p>&laquo;Pr&eacute;parer de mani&egrave;re approfondie et consensuelle les fondements juridiques, institutionnels, symboliques et op&eacute;rationnels d&rsquo;un syst&egrave;me de distinctions honorifiques conf&eacute;d&eacute;rales, en vue d&rsquo;&eacute;clairer et d&rsquo;encadrer les travaux de la Conf&eacute;rence des Grands Chanceliers de la Conf&eacute;d&eacute;ration des &Eacute;tats du Sahel, c&rsquo;est l&rsquo;objectif de cette rencontre technique entre les Secr&eacute;taires g&eacute;n&eacute;raux des Grandes Chancelleries du Burkina Faso, du Mali et du Niger. Cette rencontre intervient dans un contexte o&ugrave; les trois pays cherchent &agrave; concr&eacute;tiser leur volont&eacute; d&rsquo;int&eacute;gration conf&eacute;d&eacute;rale&raquo;, a indiqu&eacute; le communiqu&eacute;. Pingrenoma Zagr&eacute; a ajout&eacute; que les parties examineraient &eacute;galement la question de la cr&eacute;ation de distinctions refl&eacute;tant l&rsquo;identit&eacute; conf&eacute;d&eacute;rale.<\/p>\n<h2><strong>&laquo; N&rsquo;ayons pas peur d&rsquo;&ecirc;tre diff&eacute;rents &raquo;, appelle le Premier ministre burkinab&egrave;<\/strong><\/h2>\n<p>Par ailleurs, les d&eacute;l&eacute;gations des trois pays <a href=\"https:\/\/www.facebook.com\/sigbf226\/posts\/pfbid02nuHDktoW9kHxWZmVauTEB72xPpdbkG5o1cQq1rV7sXpM7w8DYBeFntzJCjwA5Qdal\" target=\"_blank\" rel=\"noopener noreferrer\">ont rencontr&eacute;<\/a> le Premier ministre du Burkina Faso, Rimtalba Jean Emmanuel Ou&eacute;draogo. Ce dernier a quant &agrave; lui soulign&eacute; que la cr&eacute;ation d&rsquo;un syst&egrave;me unique de distinctions honorifiques contribuerait &agrave; affirmer la souverainet&eacute; des pays de l&rsquo;Alliance, ainsi qu&rsquo;&agrave; se lib&eacute;rer de l&rsquo;influence de l&rsquo;h&eacute;ritage colonial dans ce domaine et &agrave; prendre en compte l&rsquo;identit&eacute; culturelle et les valeurs des peuples des pays de l&rsquo;AES.<\/p>\n<p>Il a appel&eacute; ses interlocuteurs &agrave; s&rsquo;inspirer des traditions et des r&eacute;alit&eacute;s socioculturelles des trois pays afin de repenser les formes et les symboles de la reconnaissance des m&eacute;rites. &laquo; N&rsquo;ayons pas peur d&rsquo;&ecirc;tre diff&eacute;rents. Dans nos discours et dans les symboles, nous devons c&eacute;l&eacute;brer notre identit&eacute; &raquo;, a d&eacute;clar&eacute; le Premier ministre burkinab&egrave;.<\/p>\n<p>Le 30 ao&ucirc;t, les pays de l&rsquo;Alliance des &Eacute;tats du Sahel <a href=\"https:\/\/francais.rt.com\/news\/137579-pays-alliance-etats-sahel-signent-deux-accords-encadrant-mobilite-et-deploiement-volontaires\">ont sign&eacute;<\/a>, dans le cadre du Forum de la jeunesse et du volontariat de la Conf&eacute;d&eacute;ration, une convention-cadre et un protocole op&eacute;rationnel d&eacute;finissant les conditions de mise en &oelig;uvre du programme &laquo; volontariat de r&eacute;ciprocit&eacute; &raquo;. Ces documents ont &eacute;t&eacute; adopt&eacute;s afin de fournir des orientations en mati&egrave;re de mobilisation, de recrutement, de d&eacute;ploiement et de gestion des volontaires dans les &Eacute;tats membres de l&rsquo;Alliance des &Eacute;tats du Sahel.<\/p>\n<\/p>\n<p class=\"verinews-source\">Source : <a href=\"https:\/\/francais.rt.com\/afrique\/137721-sahel-aes-prepare-systeme-unique-decorations-nationales-affirmer-identite-confederale\" target=\"_blank\" rel=\"nofollow noopener\">Lire l\u2019article original<\/a><\/p>\n","protected":false},"excerpt":{"rendered":"<p>Le Burkina Faso, le Mali et le Niger ont engag\u00e9 des travaux \u00e0 Ouagadougou pour cr\u00e9er des distinctions honorifiques conf\u00e9d\u00e9rales propres \u00e0 l&rsquo;Alliance des \u00c9tats du Sahel. Ce projet vise \u00e0 affirmer la souverainet\u00e9 des\u2026<\/p>\n","protected":false},"author":1,"featured_media":31740,"comment_status":"open","ping_status":"open","sticky":false,"template":"","format":"standard","meta":{"footnotes":""},"categories":[1],"tags":[],"class_list":["post-31739","post","type-post","status-publish","format-standard","has-post-thumbnail","hentry","category-non-classe"],"_links":{"self":[{"href":"https:\/\/monde25.info\/index.php\/wp-json\/wp\/v2\/posts\/31739","targetHints":{"allow":["GET"]}}],"collection":[{"href":"https:\/\/monde25.info\/index.php\/wp-json\/wp\/v2\/posts"}],"about":[{"href":"https:\/\/monde25.info\/index.php\/wp-json\/wp\/v2\/types\/post"}],"author":[{"embeddable":true,"href":"https:\/\/monde25.info\/index.php\/wp-json\/wp\/v2\/users\/1"}],"replies":[{"embeddable":true,"href":"https:\/\/monde25.info\/index.php\/wp-json\/wp\/v2\/comments?post=31739"}],"version-history":[{"count":0,"href":"https:\/\/monde25.info\/index.php\/wp-json\/wp\/v2\/posts\/31739\/revisions"}],"wp:featuredmedia":[{"embeddable":true,"href":"https:\/\/monde25.info\/index.php\/wp-json\/wp\/v2\/media\/31740"}],"wp:attachment":[{"href":"https:\/\/monde25.info\/index.php\/wp-json\/wp\/v2\/media?parent=31739"}],"wp:term":[{"taxonomy":"category","embeddable":true,"href":"https:\/\/monde25.info\/index.php\/wp-json\/wp\/v2\/categories?post=31739"},{"taxonomy":"post_tag","embeddable":true,"href":"https:\/\/monde25.info\/index.php\/wp-json\/wp\/v2\/tags?post=31739"}],"curies":[{"name":"wp","href":"https:\/\/api.w.org\/{rel}","templated":true}]}}