{"id":31741,"date":"2026-09-04T18:01:01","date_gmt":"2026-09-04T16:01:01","guid":{"rendered":"https:\/\/monde25.info\/index.php\/2026\/09\/04\/volkswagen-le-choc-brutal-des-100-000-emplois-sacrifies-lindustrie-allemande-au-bord-du-gouffre\/"},"modified":"2026-09-04T18:01:01","modified_gmt":"2026-09-04T16:01:01","slug":"volkswagen-le-choc-brutal-des-100-000-emplois-sacrifies-lindustrie-allemande-au-bord-du-gouffre","status":"publish","type":"post","link":"https:\/\/monde25.info\/index.php\/2026\/09\/04\/volkswagen-le-choc-brutal-des-100-000-emplois-sacrifies-lindustrie-allemande-au-bord-du-gouffre\/","title":{"rendered":"Volkswagen : le choc brutal des 100 000 emplois sacrifi\u00e9s, l\u2019industrie allemande au bord du gouffre"},"content":{"rendered":"<p><img loading=\"lazy\" decoding=\"async\" width=\"768\" height=\"432\" src=\"https:\/\/i0.wp.com\/www.lelibrepenseur.org\/wp-content\/uploads\/2026\/09\/ad549d68-bd6f-4c12-b5f3-8adb7dc7e48d.png?fit=768%2C432&amp;ssl=1\" class=\"webfeedsFeaturedVisual wp-post-image\" alt=\"Volkswagen : le choc brutal des 100 000 emplois sacrifi\u00e9s, l\u2019industrie allemande au bord du gouffre\" style=\"display: block;margin-bottom: 5px;clear:both;max-width: 100%\" data-attachment-id=\"6068803\" data-permalink=\"https:\/\/www.lelibrepenseur.org\/volkswagen-allemagne-faillite-guerre\/ad549d68-bd6f-4c12-b5f3-8adb7dc7e48d\/\" data-orig-file=\"https:\/\/i0.wp.com\/www.lelibrepenseur.org\/wp-content\/uploads\/2026\/09\/ad549d68-bd6f-4c12-b5f3-8adb7dc7e48d.png?fit=1672%2C940&amp;ssl=1\" data-orig-size=\"1672,940\" data-comments-opened=\"1\" data-image-meta=\"{&quot;aperture&quot;:&quot;0&quot;,&quot;credit&quot;:&quot;&quot;,&quot;camera&quot;:&quot;&quot;,&quot;caption&quot;:&quot;&quot;,&quot;created_timestamp&quot;:&quot;0&quot;,&quot;copyright&quot;:&quot;&quot;,&quot;focal_length&quot;:&quot;0&quot;,&quot;iso&quot;:&quot;0&quot;,&quot;shutter_speed&quot;:&quot;0&quot;,&quot;title&quot;:&quot;&quot;,&quot;orientation&quot;:&quot;0&quot;,&quot;alt&quot;:&quot;&quot;}\" data-image-title=\"Volkswagen : le choc brutal des 100 000 emplois sacrifi\u00e9s, l\u2019industrie allemande au bord du gouffre\" data-image-description=\"&lt;p&gt;Volkswagen : le choc brutal des 100 000 emplois sacrifi\u00e9s, l\u2019industrie allemande au bord du gouffre&lt;\/p&gt;\n\" data-image-caption=\"&lt;p&gt;Volkswagen : le choc brutal des 100 000 emplois sacrifi\u00e9s, l\u2019industrie allemande au bord du gouffre&lt;\/p&gt;\n\" data-medium-file=\"https:\/\/i0.wp.com\/www.lelibrepenseur.org\/wp-content\/uploads\/2026\/09\/ad549d68-bd6f-4c12-b5f3-8adb7dc7e48d.png?fit=300%2C169&amp;ssl=1\" data-large-file=\"https:\/\/i0.wp.com\/www.lelibrepenseur.org\/wp-content\/uploads\/2026\/09\/ad549d68-bd6f-4c12-b5f3-8adb7dc7e48d.png?fit=1024%2C576&amp;ssl=1\" \/><\/p>\n<div class=\"intro-text\">\n<p class=\"isSelectedEnd\"><span class=\"dropcap \" style=\"background-color: #ffffff;color: #000000;border-color: #ffffff\"><strong>V<\/strong><\/span>olkswagen vient de franchir une ligne rouge qui devrait inqui\u00e9ter toute l\u2019Europe industrielle. Le g\u00e9ant allemand pr\u00e9voit d\u00e9sormais jusqu\u2019\u00e0 <a href=\"https:\/\/www.bfmtv.com\/economie\/entreprises\/100-000-emplois-vont-etre-supprimes-volkswagen-s-accorde-sur-une-restructuration-historique-et-se-separe-de-15-de-ses-effectifs-quatre-usines-sont-en-danger-de-fermeture_AD-202609040103.html?at_brand=BFMTV&amp;at_compte=BFMTV&amp;at_plateforme=twitter\" target=\"_blank\" rel=\"noopener\"><strong>100 000 suppressions d\u2019emplois d\u2019ici 2030<\/strong><\/a>, soit environ 15 % de ses effectifs mondiaux. Cinquante mille postes suppl\u00e9mentaires viennent s\u2019ajouter aux r\u00e9ductions d\u00e9j\u00e0 programm\u00e9es. Cette restructuration devient ainsi la plus importante jamais annonc\u00e9e dans l\u2019industrie automobile mondiale.<\/p>\n<p class=\"isSelectedEnd\">Le plus inqui\u00e9tant concerne pourtant les usines allemandes. Volkswagen reconna\u00eet que l\u2019avenir de quatre sites, \u00e0 Hanovre, Emden, Zwickau et Neckarsulm, ne peut plus \u00eatre garanti. Une fermeture compl\u00e8te de ces usines constituerait un \u00e9v\u00e9nement historique pour le constructeur. Jusqu\u2019ici, Volkswagen avait pr\u00e9cis\u00e9ment fait de son implantation industrielle allemande un symbole de puissance \u00e9conomique. D\u00e9sormais, cette force ressemble de plus en plus \u00e0 un <a href=\"https:\/\/www.lelibrepenseur.org\/climatisme-allemagne-la-ministre-de-lenergie-avoue-que-les-energies-renouvelables-ruinent-le-pays\/\">poids financier difficile \u00e0 supporter<\/a>. Ce temps est r\u00e9volu.<\/p>\n<h3><strong>Volkswagen pris dans une temp\u00eate industrielle mondiale<\/strong><\/h3>\n<p class=\"isSelectedEnd\">Il serait toutefois trop simple d\u2019accuser une seule d\u00e9cision politique ou un seul conflit. Volkswagen affronte simultan\u00e9ment plusieurs probl\u00e8mes particuli\u00e8rement violents. La concurrence chinoise s&rsquo;est intensifi\u00e9e, notamment sur les v\u00e9hicules \u00e9lectriques et les technologies embarqu\u00e9es. En Chine, march\u00e9 essentiel du groupe, les constructeurs locaux gagnent rapidement du terrain. Les voitures chinoises sont mieux \u00e9quip\u00e9es et 15-20.000 \u20ac moins ch\u00e8res que leurs \u00e9quivalentes allemandes !<\/p>\n<p class=\"isSelectedEnd\">Mais l\u2019histoire ne s\u2019arr\u00eate malheureusement pas \u00e0 l\u2019Ukraine. <strong>La crise iranienne et le d\u00e9troit d\u2019Ormuz <\/strong>ajoutent d\u00e9sormais un nouveau choc \u00e9nerg\u00e9tique. La fermeture de facto du d\u00e9troit depuis le d\u00e9but du conflit a profond\u00e9ment perturb\u00e9 les march\u00e9s mondiaux du gaz naturel liqu\u00e9fi\u00e9 et du p\u00e9trole. Selon l\u2019Agence internationale de l\u2019\u00e9nergie, les flux de GNL passant normalement par Ormuz repr\u00e9sentaient pr\u00e8s de 20 % de l\u2019offre mondiale. Les prix europ\u00e9ens ont donc \u00e9t\u00e9 directement expos\u00e9s \u00e0 cette nouvelle crise g\u00e9opolitique.<\/p>\n<h3><strong>Ormuz arrive au pire moment pour l\u2019Europe<\/strong><\/h3>\n<p class=\"isSelectedEnd\">Le timing est particuli\u00e8rement mauvais pour l\u2019industrie allemande, merci Trump. Apr\u00e8s le choc \u00e9nerg\u00e9tique provoqu\u00e9 par la guerre en Ukraine, les entreprises europ\u00e9ennes doivent maintenant absorber une nouvelle flamb\u00e9e li\u00e9e aux tensions au Moyen-Orient. D\u00e9but septembre, les prix europ\u00e9ens du gaz ont retrouv\u00e9 des niveaux extr\u00eamement \u00e9lev\u00e9s, tandis que les inqui\u00e9tudes concernant les approvisionnements via Ormuz se renforcent.<\/p>\n<p class=\"isSelectedEnd\">C\u2019est pr\u00e9cis\u00e9ment ici que le dossier Volkswagen devient beaucoup plus vaste qu\u2019une simple restructuration automobile. Chaque choc pris s\u00e9par\u00e9ment pourrait \u00eatre absorb\u00e9. Leur accumulation devient beaucoup plus dangereuse. \u00c9nergie ch\u00e8re, concurrence chinoise, droits de douane am\u00e9ricains, surcapacit\u00e9s industrielles, transition technologique et demande h\u00e9sitante forment d\u00e9sormais un cocktail explosif. Volkswagen poss\u00e8de encore des ressources consid\u00e9rables, mais son mod\u00e8le historique doit \u00eatre profond\u00e9ment r\u00e9organis\u00e9.<\/p>\n<p class=\"isSelectedEnd\">La transition \u00e9lectrique constitue d\u2019ailleurs une partie particuli\u00e8rement d\u00e9licate de cette \u00e9quation. Le probl\u00e8me n\u2019est pas simplement de passer du moteur thermique \u00e0 la batterie. Il faut financer de nouvelles plateformes, d\u00e9velopper les logiciels, transformer les usines et former les salari\u00e9s. Dans le m\u00eame temps, les constructeurs chinois arrivent avec des v\u00e9hicules souvent moins chers et une vitesse d\u2019innovation redoutable, in\u00e9galable. Volkswagen doit donc investir massivement tout en r\u00e9duisant simultan\u00e9ment ses co\u00fbts.<\/p>\n<h3><strong>Le v\u00e9ritable scandale est peut-\u00eatre ailleurs<\/strong><\/h3>\n<p class=\"isSelectedEnd\">Le chiffre des <strong>100 000 emplois<\/strong> impressionne, mais il raconte surtout une histoire plus profonde. Pendant des d\u00e9cennies, l\u2019Allemagne a construit une partie de sa prosp\u00e9rit\u00e9 autour d\u2019une industrie automobile extr\u00eamement puissante. Aujourd\u2019hui, ce mod\u00e8le est attaqu\u00e9 simultan\u00e9ment par les co\u00fbts \u00e9nerg\u00e9tiques, la concurrence mondiale et les bouleversements technologiques.<\/p>\n<p class=\"isSelectedEnd\">Volkswagen ne dispara\u00eet \u00e9videmment pas. Le groupe pr\u00e9voit au contraire d\u2019investir massivement dans la recherche, de simplifier son organisation et de rechercher davantage de comp\u00e9titivit\u00e9. Mais le symbole est terrible : le constructeur qui incarnait la puissance industrielle allemande doit maintenant supprimer jusqu\u2019\u00e0 un emploi sur sept, et ce n&rsquo;est que le d\u00e9but.<\/p>\n<p>Le vrai danger serait donc de consid\u00e9rer cette affaire comme un simple probl\u00e8me Volkswagen. Elle ressemble davantage \u00e0 un avertissement adress\u00e9 \u00e0 toute l\u2019Europe. Si l\u2019\u00e9nergie reste ch\u00e8re, si l\u2019industrie supporte toujours davantage de contraintes et si ses concurrents produisent moins cher, le risque d\u00e9passe largement l\u2019automobile. La question devient alors brutale : <strong>combien d\u2019autres fleurons industriels devront r\u00e9duire leurs capacit\u00e9s avant que l\u2019Europe ne d\u00e9cide r\u00e9ellement de d\u00e9fendre sa comp\u00e9titivit\u00e9 ?<\/strong><\/p>\n<p class=\"jeg_post_title\">Sans oublier que l\u2019Allemagne a perdu son si\u00e8ge au <a href=\"https:\/\/www.lelibrepenseur.org\/lallemagne-perd-siege-conseil-securite-onu\/\">Conseil de s\u00e9curit\u00e9 de l\u2019ONU <\/a>pour la premi\u00e8re fois de son histoire moderne. Autre choc historique qui acc\u00e9l\u00e8re l&rsquo;effondrement. On imagine que les milliards d&rsquo;aides \u00e0 l&rsquo;entit\u00e9 sioniste vont \u00e9galement petit \u00e0 petit s&rsquo;effondrer&#8230;<\/p>\n<p>Mais pas d&rsquo;inqui\u00e9tude, le parc \u00e0 th\u00e8me fant\u00f4me DBZ arrive en France et r\u00e8glera tous nos probl\u00e8mes \u00e9conomiques&#8230;<\/p>\n<\/div>\n<p>L\u2019article <a rel=\"nofollow\" href=\"https:\/\/www.lelibrepenseur.org\/volkswagen-allemagne-faillite-guerre\/\">Volkswagen : le choc brutal des 100 000 emplois sacrifi\u00e9s, l\u2019industrie allemande au bord du gouffre<\/a> est apparu en premier sur <a rel=\"nofollow\" href=\"https:\/\/www.lelibrepenseur.org\">Le Libre Penseur<\/a>.<\/p>\n<p class=\"verinews-source\">Source : <a href=\"https:\/\/www.lelibrepenseur.org\/volkswagen-allemagne-faillite-guerre\/\" target=\"_blank\" rel=\"nofollow noopener\">Lire l\u2019article original<\/a><\/p>\n","protected":false},"excerpt":{"rendered":"<p>Volkswagen vient de franchir une ligne rouge qui devrait inqui\u00e9ter toute l\u2019Europe industrielle. Le g\u00e9ant allemand pr\u00e9voit d\u00e9sormais jusqu\u2019\u00e0 100 000 suppressions d\u2019emplois d\u2019ici 2030, soit environ 15 % de ses effectifs mondiaux. Cinquante mille\u2026<\/p>\n","protected":false},"author":1,"featured_media":31742,"comment_status":"open","ping_status":"open","sticky":false,"template":"","format":"standard","meta":{"footnotes":""},"categories":[1],"tags":[],"class_list":["post-31741","post","type-post","status-publish","format-standard","has-post-thumbnail","hentry","category-non-classe"],"_links":{"self":[{"href":"https:\/\/monde25.info\/index.php\/wp-json\/wp\/v2\/posts\/31741","targetHints":{"allow":["GET"]}}],"collection":[{"href":"https:\/\/monde25.info\/index.php\/wp-json\/wp\/v2\/posts"}],"about":[{"href":"https:\/\/monde25.info\/index.php\/wp-json\/wp\/v2\/types\/post"}],"author":[{"embeddable":true,"href":"https:\/\/monde25.info\/index.php\/wp-json\/wp\/v2\/users\/1"}],"replies":[{"embeddable":true,"href":"https:\/\/monde25.info\/index.php\/wp-json\/wp\/v2\/comments?post=31741"}],"version-history":[{"count":0,"href":"https:\/\/monde25.info\/index.php\/wp-json\/wp\/v2\/posts\/31741\/revisions"}],"wp:featuredmedia":[{"embeddable":true,"href":"https:\/\/monde25.info\/index.php\/wp-json\/wp\/v2\/media\/31742"}],"wp:attachment":[{"href":"https:\/\/monde25.info\/index.php\/wp-json\/wp\/v2\/media?parent=31741"}],"wp:term":[{"taxonomy":"category","embeddable":true,"href":"https:\/\/monde25.info\/index.php\/wp-json\/wp\/v2\/categories?post=31741"},{"taxonomy":"post_tag","embeddable":true,"href":"https:\/\/monde25.info\/index.php\/wp-json\/wp\/v2\/tags?post=31741"}],"curies":[{"name":"wp","href":"https:\/\/api.w.org\/{rel}","templated":true}]}}