{"id":31744,"date":"2026-09-04T20:01:03","date_gmt":"2026-09-04T18:01:03","guid":{"rendered":"https:\/\/monde25.info\/index.php\/2026\/09\/04\/on-nous-reveille-pour-nous-dire-de-partir-ces-saisonniers-des-vignes-chasses-des-villes\/"},"modified":"2026-09-04T20:01:03","modified_gmt":"2026-09-04T18:01:03","slug":"on-nous-reveille-pour-nous-dire-de-partir-ces-saisonniers-des-vignes-chasses-des-villes","status":"publish","type":"post","link":"https:\/\/monde25.info\/index.php\/2026\/09\/04\/on-nous-reveille-pour-nous-dire-de-partir-ces-saisonniers-des-vignes-chasses-des-villes\/","title":{"rendered":"\u00ab\u00a0On nous r\u00e9veille pour nous dire de partir\u00a0\u00bb\u00a0: ces saisonniers des vignes chass\u00e9s des villes"},"content":{"rendered":"<p><img loading=\"lazy\" decoding=\"async\" src=\"https:\/\/reporterre.net\/local\/cache-vignettes\/L700xH467\/vignes_v3-4cb7b.jpg?1788528829\" class=\"spip_logo\" width=\"700\" height=\"467\" alt=\"\" \/><\/p>\n<p>Les vendangeurs de Banyuls, dans les Pyr\u00e9n\u00e9es-Orientales, pour la plupart \u00e9trangers, n&rsquo;arrivent plus \u00e0 se loger dans la commune pour travailler. La faute \u00e0 l&rsquo;urgence climatique, aux incendies notamment, mais aussi \u00e0 une mairie peu conciliante. <br class=\"autobr\" \/><br \/>\nBanyuls-sur-Mer (Pyr\u00e9n\u00e9es-Orientales), reportage <br class=\"autobr\" \/><br \/>\nLa r\u00e9colte vient de se terminer, le 28\u00a0ao\u00fbt, et une vingtaine de saisonniers reprennent des forces \u00e0 l&rsquo;ombre, \u00e0 deux pas du centre-ville touristique de Banyuls-sur-Mer, dans les Pyr\u00e9n\u00e9es-Orientales.\u00a0(\u2026)<\/p>\n<p>                    <a href=\"https:\/\/reporterre.net\/Chasses-de-partout-les-saisonniers-des-vignes-du-Banyuls-n-arrivent-plus-a-se-loger?utm_source=RSS&amp;utm_medium=RSS\">Lire la suite<\/a><\/p>\n<p>                    &#8211;<br \/>\n                        <a href=\"https:\/\/reporterre.net\/Reportage\" rel=\"directory\">Reportage<\/a><\/p>\n<p>                    \/<br \/>\n                        <a href=\"https:\/\/reporterre.net\/Agriculture\" rel=\"tag\">Agriculture<\/a><br \/>\n                    ,<br \/>\n                        <a href=\"https:\/\/reporterre.net\/Social\" rel=\"tag\">Social<\/a><\/p>\n<p class=\"verinews-source\">Source : <a href=\"https:\/\/reporterre.net\/Chasses-de-partout-les-saisonniers-des-vignes-du-Banyuls-n-arrivent-plus-a-se-loger\" target=\"_blank\" rel=\"nofollow noopener\">Lire l\u2019article original<\/a><\/p>\n","protected":false},"excerpt":{"rendered":"<p>Les vendangeurs de Banyuls, dans les Pyr\u00e9n\u00e9es-Orientales, pour la plupart \u00e9trangers, n&rsquo;arrivent plus \u00e0 se loger dans la commune pour travailler. La faute \u00e0 l&rsquo;urgence climatique, aux incendies notamment, mais aussi \u00e0 une mairie peu\u2026<\/p>\n","protected":false},"author":1,"featured_media":27996,"comment_status":"open","ping_status":"open","sticky":false,"template":"","format":"standard","meta":{"footnotes":""},"categories":[1],"tags":[],"class_list":["post-31744","post","type-post","status-publish","format-standard","has-post-thumbnail","hentry","category-non-classe"],"_links":{"self":[{"href":"https:\/\/monde25.info\/index.php\/wp-json\/wp\/v2\/posts\/31744","targetHints":{"allow":["GET"]}}],"collection":[{"href":"https:\/\/monde25.info\/index.php\/wp-json\/wp\/v2\/posts"}],"about":[{"href":"https:\/\/monde25.info\/index.php\/wp-json\/wp\/v2\/types\/post"}],"author":[{"embeddable":true,"href":"https:\/\/monde25.info\/index.php\/wp-json\/wp\/v2\/users\/1"}],"replies":[{"embeddable":true,"href":"https:\/\/monde25.info\/index.php\/wp-json\/wp\/v2\/comments?post=31744"}],"version-history":[{"count":0,"href":"https:\/\/monde25.info\/index.php\/wp-json\/wp\/v2\/posts\/31744\/revisions"}],"wp:featuredmedia":[{"embeddable":true,"href":"https:\/\/monde25.info\/index.php\/wp-json\/wp\/v2\/media\/27996"}],"wp:attachment":[{"href":"https:\/\/monde25.info\/index.php\/wp-json\/wp\/v2\/media?parent=31744"}],"wp:term":[{"taxonomy":"category","embeddable":true,"href":"https:\/\/monde25.info\/index.php\/wp-json\/wp\/v2\/categories?post=31744"},{"taxonomy":"post_tag","embeddable":true,"href":"https:\/\/monde25.info\/index.php\/wp-json\/wp\/v2\/tags?post=31744"}],"curies":[{"name":"wp","href":"https:\/\/api.w.org\/{rel}","templated":true}]}}