{"id":31745,"date":"2026-09-04T20:41:09","date_gmt":"2026-09-04T18:41:09","guid":{"rendered":"https:\/\/monde25.info\/index.php\/2026\/09\/04\/un-patron-alsacien-condamne-pour-avoir-pollue-leau-avec-30-000-tonnes-de-plastique\/"},"modified":"2026-09-04T20:41:09","modified_gmt":"2026-09-04T18:41:09","slug":"un-patron-alsacien-condamne-pour-avoir-pollue-leau-avec-30-000-tonnes-de-plastique","status":"publish","type":"post","link":"https:\/\/monde25.info\/index.php\/2026\/09\/04\/un-patron-alsacien-condamne-pour-avoir-pollue-leau-avec-30-000-tonnes-de-plastique\/","title":{"rendered":"Un patron alsacien condamn\u00e9 pour avoir pollu\u00e9 l&#039;eau avec 30 000 tonnes de plastique"},"content":{"rendered":"<p><img loading=\"lazy\" decoding=\"async\" src=\"https:\/\/reporterre.net\/local\/cache-vignettes\/L700xH467\/tengyart-alrcdq-ui_q-unsplash_1_-61dbb.jpg?1788528012\" class=\"spip_logo\" width=\"700\" height=\"467\" alt=\"\" \/><\/p>\n<p>Le g\u00e9rant de l&rsquo;entreprise de traitement de d\u00e9chets Locacil, \u00e0 Feldkirch (Haut-Rhin), a \u00e9t\u00e9 condamn\u00e9 le 2\u00a0septembre \u00e0 dix-huit mois de prison avec sursis pour avoir pollu\u00e9 deux plans d&rsquo;eau et un cours d&rsquo;eau. La soci\u00e9t\u00e9 devra, elle, payer 50\u00a0000 euros d&rsquo;amende, auxquels s&rsquo;ajoutent 1\u00a0050 euros de contravention. Le parquet avait initialement poursuivi l&rsquo;entreprise et son dirigeant pour \u00e9cocide, une premi\u00e8re en France, mais le tribunal correctionnel de Strasbourg a finalement requalifi\u00e9 les faits\u00a0(\u2026)<\/p>\n<p>                    <a href=\"https:\/\/reporterre.net\/Un-patron-alsacien-condamne-pour-avoir-pollue-l-eau-avec-30-000-tonnes-de-plastique?utm_source=RSS&amp;utm_medium=RSS\">Lire la suite<\/a><\/p>\n<p>                    &#8211;<br \/>\n                        <a href=\"https:\/\/reporterre.net\/Breves-20\" rel=\"directory\">En bref<\/a><\/p>\n<p>                    \/<br \/>\n                        <a href=\"https:\/\/reporterre.net\/Pollutions\" rel=\"tag\">Pollutions<\/a><br \/>\n                    ,<br \/>\n                        <a href=\"https:\/\/reporterre.net\/Eau-rivieres-oceans\" rel=\"tag\">Eau<\/a><br \/>\n                    ,<br \/>\n                        <a href=\"https:\/\/reporterre.net\/Justice\" rel=\"tag\">Justice<\/a><\/p>\n<p class=\"verinews-source\">Source : <a href=\"https:\/\/reporterre.net\/Un-patron-alsacien-condamne-pour-avoir-pollue-l-eau-avec-30-000-tonnes-de-plastique\" target=\"_blank\" rel=\"nofollow noopener\">Lire l\u2019article original<\/a><\/p>\n","protected":false},"excerpt":{"rendered":"<p>Le g\u00e9rant de l&rsquo;entreprise de traitement de d\u00e9chets Locacil, \u00e0 Feldkirch (Haut-Rhin), a \u00e9t\u00e9 condamn\u00e9 le 2\u00a0septembre \u00e0 dix-huit mois de prison avec sursis pour avoir pollu\u00e9 deux plans d&rsquo;eau et un cours d&rsquo;eau. La\u2026<\/p>\n","protected":false},"author":1,"featured_media":27996,"comment_status":"open","ping_status":"open","sticky":false,"template":"","format":"standard","meta":{"footnotes":""},"categories":[1],"tags":[],"class_list":["post-31745","post","type-post","status-publish","format-standard","has-post-thumbnail","hentry","category-non-classe"],"_links":{"self":[{"href":"https:\/\/monde25.info\/index.php\/wp-json\/wp\/v2\/posts\/31745","targetHints":{"allow":["GET"]}}],"collection":[{"href":"https:\/\/monde25.info\/index.php\/wp-json\/wp\/v2\/posts"}],"about":[{"href":"https:\/\/monde25.info\/index.php\/wp-json\/wp\/v2\/types\/post"}],"author":[{"embeddable":true,"href":"https:\/\/monde25.info\/index.php\/wp-json\/wp\/v2\/users\/1"}],"replies":[{"embeddable":true,"href":"https:\/\/monde25.info\/index.php\/wp-json\/wp\/v2\/comments?post=31745"}],"version-history":[{"count":0,"href":"https:\/\/monde25.info\/index.php\/wp-json\/wp\/v2\/posts\/31745\/revisions"}],"wp:featuredmedia":[{"embeddable":true,"href":"https:\/\/monde25.info\/index.php\/wp-json\/wp\/v2\/media\/27996"}],"wp:attachment":[{"href":"https:\/\/monde25.info\/index.php\/wp-json\/wp\/v2\/media?parent=31745"}],"wp:term":[{"taxonomy":"category","embeddable":true,"href":"https:\/\/monde25.info\/index.php\/wp-json\/wp\/v2\/categories?post=31745"},{"taxonomy":"post_tag","embeddable":true,"href":"https:\/\/monde25.info\/index.php\/wp-json\/wp\/v2\/tags?post=31745"}],"curies":[{"name":"wp","href":"https:\/\/api.w.org\/{rel}","templated":true}]}}