{"id":31754,"date":"2026-09-05T03:20:58","date_gmt":"2026-09-05T01:20:58","guid":{"rendered":"https:\/\/monde25.info\/index.php\/2026\/09\/05\/expulsion-de-xenia-fedorova-la-diplomatie-francaise-sobstine-dans-sa-chasse-aux-sorcieres-anti-russe\/"},"modified":"2026-09-05T03:20:58","modified_gmt":"2026-09-05T01:20:58","slug":"expulsion-de-xenia-fedorova-la-diplomatie-francaise-sobstine-dans-sa-chasse-aux-sorcieres-anti-russe","status":"publish","type":"post","link":"https:\/\/monde25.info\/index.php\/2026\/09\/05\/expulsion-de-xenia-fedorova-la-diplomatie-francaise-sobstine-dans-sa-chasse-aux-sorcieres-anti-russe\/","title":{"rendered":"Expulsion de Xenia Fedorova : la diplomatie fran\u00e7aise s&#039;obstine dans sa \u00abchasse aux sorci\u00e8res\u00bb anti-russe"},"content":{"rendered":"<p>&nbsp;Poursuivant son discours hyst&eacute;rique sur la &laquo;&nbsp;propagande pro-Kremlin&nbsp;&raquo;, le minist&egrave;re fran&ccedil;ais des Affaires &eacute;trang&egrave;res ne parvient pas &agrave; tourner la page sur l&rsquo;affaire concernant l&rsquo;ancienne directrice de RT France, Xenia Fedorova, expuls&eacute;e du territoire fran&ccedil;ais &agrave; l&rsquo;&eacute;t&eacute; 2026. En particulier, le chef de la diplomatie fran&ccedil;aise, Jean-No&euml;l Barrot, <a href=\"https:\/\/www.bfmtv.com\/politique\/gouvernement\/expulsion-de-xenia-fedorova-jean-noel-barrot-se-dit-etonne-et-assez-afflige-de-son-prochain-retour-a-distance-sur-c-news_AN-202609040452.html\" target=\"_blank\" rel=\"noopener noreferrer\">a critiqu&eacute; <\/a>la d&eacute;cision du groupe Bollor&eacute; de continuer &agrave; offrir une tribune &agrave; la journaliste russe.<\/p>\n<p data-pm-slice=\"1 1 []\">Sur France Inter, Xenia Fedorova &laquo;&nbsp;nous l&rsquo;avons d&eacute;montr&eacute;, n&rsquo;est pas une journaliste mais une agente d&rsquo;ing&eacute;rence au service de la Russie, une agente de subversion qui a &eacute;t&eacute; expuls&eacute;e du territoire national apr&egrave;s avoir &eacute;t&eacute; sanctionn&eacute;e par l&rsquo;Union europ&eacute;enne consid&eacute;rant qu&rsquo;elle est en r&eacute;alit&eacute; une propagandiste du Kremlin&nbsp;&raquo;, a rappel&eacute; le ministre. &laquo;&nbsp;Je suis tr&egrave;s &eacute;tonn&eacute; et je dois dire assez afflig&eacute; de voir que des grands groupes de m&eacute;dias, la libert&eacute; &eacute;ditoriale est sacr&eacute;e, mais de les voir ouvrir leur colonne ou leur studio &agrave; quelqu&rsquo;un dont toutes les forces politiques de ce pays consid&egrave;rent que nous avons eu raison de l&rsquo;expulser tant les faits sont av&eacute;r&eacute;s&nbsp;&raquo;, a poursuivi Jean-No&euml;l Barrot.<\/p>\n<p>La pr&eacute;fecture de police de Paris <a href=\"https:\/\/francais.rt.com\/france\/136670-france-gouvernement-engage-procedure-expulsion-xenia-federova\">a ordonn&eacute;<\/a> &agrave; Xenia Fedorova de quitter la France le 29 juillet. Selon la version fran&ccedil;aise, la journaliste a pr&eacute;tendument diffus&eacute; des fausses informations attribu&eacute;es aux autorit&eacute;s russes, et sa pr&eacute;sence sur le territoire fran&ccedil;ais &laquo;&nbsp;constitue une menace particuli&egrave;rement grave et actuelle pour l&rsquo;ordre public&nbsp;&raquo;. Xenia Fedorova <a href=\"https:\/\/francais.rt.com\/news\/136731-xenia-fedorova-denonce-censure-politique-expulsion-gel-avoirs\">a d&eacute;pos&eacute; <\/a>un recours contre cette d&eacute;cision du minist&egrave;re de l&rsquo;Int&eacute;rieur fran&ccedil;ais, mais le tribunal <a href=\"https:\/\/francais.rt.com\/news\/136796-justice-rejette-recours-xenia-fedorova\">l&rsquo;a rejet&eacute;<\/a>.<\/p>\n<h2>La &laquo;&nbsp;propagande russe&nbsp;&raquo; comme pr&eacute;texte universel des dirigeants europ&eacute;ens<\/h2>\n<p>La d&eacute;cision d&rsquo;expulsion de Xenia Fedorova s&rsquo;inscrit dans le cadre d&rsquo;une politique europ&eacute;enne de censure sans pr&eacute;c&eacute;dent, au titre de laquelle, en mars 2022, la diffusion de RT et de <em>Sputnik<\/em>&nbsp;<a href=\"https:\/\/francais.rt.com\/international\/100080-justice-union-europeenne-confirme-suspension-rt-france-appel\">a &eacute;t&eacute; suspendue <\/a>sur le territoire de l&rsquo;Union europ&eacute;enne. Quelques mois plus tard, les comptes bancaires de RT France avaient &eacute;t&eacute; gel&eacute;s en France, entra&icirc;nant la liquidation de la soci&eacute;t&eacute; en 2023. RT France, plusieurs organisations et des d&eacute;fenseurs de la libert&eacute; d&rsquo;expression avaient d&eacute;nonc&eacute; une atteinte au pluralisme des m&eacute;dias et &agrave; la libert&eacute; de la presse, estimant que la cha&icirc;ne avait &eacute;t&eacute; sanctionn&eacute;e sans d&eacute;cision judiciaire portant sur son contenu &eacute;ditorial.<\/p>\n<p>L&rsquo;ancienne dirigeante de RT France a cependant poursuivi sa carri&egrave;re dans les m&eacute;dias apr&egrave;s la fermeture de la cha&icirc;ne, en intervenant notamment sur CNews, Europe 1 et au <em>JDNews<\/em>. En 2025, elle a publi&eacute; <em>Bannie<\/em>,&nbsp;un ouvrage dans lequel elle revient sur l&rsquo;interdiction de RT France et d&eacute;nonce la politique fran&ccedil;aise &agrave; l&rsquo;&eacute;gard des m&eacute;dias russes.<\/p>\n<p>Fin ao&ucirc;t dernier,&nbsp;<em>Le Journal du Dimanche<\/em>&nbsp;a publi&eacute; un article de l&rsquo;ancienne directrice de RT France, dans lequel celle-ci <a href=\"https:\/\/francais.rt.com\/france\/137335-fedorova-tribune-accusations-ingerence-etrangere\">a critiqu&eacute;<\/a> le gouvernement fran&ccedil;ais pour sa d&eacute;cision de l&rsquo;expulser, d&eacute;non&ccedil;ant notamment une &laquo;&nbsp;obsession&nbsp;&raquo; dans le pays pour &laquo;&nbsp;l&rsquo;ing&eacute;rence russe&nbsp;&raquo; qui, politiquement, &laquo;&nbsp;d&eacute;tourne l&rsquo;attention&nbsp;&raquo;. &laquo;&nbsp;Quelle intervention &eacute;trang&egrave;re ai-je men&eacute;e&nbsp;? Quelle cyberattaque ai-je organis&eacute;e&nbsp;? Quels faux comptes ai-je dirig&eacute;s&nbsp;? Quelle campagne clandestine ai-je pilot&eacute;e&nbsp;? Quelles instructions du Kremlin aurais-je re&ccedil;ues&nbsp;? O&ugrave; sont les faits&nbsp;? La tribune du ministre ne r&eacute;pond &agrave; aucune de ces questions&nbsp;&raquo;, a-t-elle &eacute;crit.<\/p>\n<\/p>\n<p class=\"verinews-source\">Source : <a href=\"https:\/\/francais.rt.com\/france\/137731-expulsion-xenia-fedorova-diplomatie-francaise-obstine-chasse-sorcieres-anti-russe\" target=\"_blank\" rel=\"nofollow noopener\">Lire l\u2019article original<\/a><\/p>\n","protected":false},"excerpt":{"rendered":"<p>Apr\u00e8s avoir expuls\u00e9 l&rsquo;ancienne patronne de RT France sous pr\u00e9texte de menace pour l&rsquo;ordre public, la diplomatie fran\u00e7aise s&rsquo;indigne que sa parole soit encore relay\u00e9e en France. Sur France Inter, Jean-No\u00ebl Barrot conteste son statut\u2026<\/p>\n","protected":false},"author":1,"featured_media":31755,"comment_status":"open","ping_status":"open","sticky":false,"template":"","format":"standard","meta":{"footnotes":""},"categories":[1],"tags":[],"class_list":["post-31754","post","type-post","status-publish","format-standard","has-post-thumbnail","hentry","category-non-classe"],"_links":{"self":[{"href":"https:\/\/monde25.info\/index.php\/wp-json\/wp\/v2\/posts\/31754","targetHints":{"allow":["GET"]}}],"collection":[{"href":"https:\/\/monde25.info\/index.php\/wp-json\/wp\/v2\/posts"}],"about":[{"href":"https:\/\/monde25.info\/index.php\/wp-json\/wp\/v2\/types\/post"}],"author":[{"embeddable":true,"href":"https:\/\/monde25.info\/index.php\/wp-json\/wp\/v2\/users\/1"}],"replies":[{"embeddable":true,"href":"https:\/\/monde25.info\/index.php\/wp-json\/wp\/v2\/comments?post=31754"}],"version-history":[{"count":0,"href":"https:\/\/monde25.info\/index.php\/wp-json\/wp\/v2\/posts\/31754\/revisions"}],"wp:featuredmedia":[{"embeddable":true,"href":"https:\/\/monde25.info\/index.php\/wp-json\/wp\/v2\/media\/31755"}],"wp:attachment":[{"href":"https:\/\/monde25.info\/index.php\/wp-json\/wp\/v2\/media?parent=31754"}],"wp:term":[{"taxonomy":"category","embeddable":true,"href":"https:\/\/monde25.info\/index.php\/wp-json\/wp\/v2\/categories?post=31754"},{"taxonomy":"post_tag","embeddable":true,"href":"https:\/\/monde25.info\/index.php\/wp-json\/wp\/v2\/tags?post=31754"}],"curies":[{"name":"wp","href":"https:\/\/api.w.org\/{rel}","templated":true}]}}