{"id":31756,"date":"2026-09-05T04:00:57","date_gmt":"2026-09-05T02:00:57","guid":{"rendered":"https:\/\/monde25.info\/index.php\/2026\/09\/05\/islamophobie-maladive-si-cetait-jerusalem-cnews-naurait-jamais-allume-le-micro\/"},"modified":"2026-09-05T04:00:57","modified_gmt":"2026-09-05T02:00:57","slug":"islamophobie-maladive-si-cetait-jerusalem-cnews-naurait-jamais-allume-le-micro","status":"publish","type":"post","link":"https:\/\/monde25.info\/index.php\/2026\/09\/05\/islamophobie-maladive-si-cetait-jerusalem-cnews-naurait-jamais-allume-le-micro\/","title":{"rendered":"Islamophobie maladive : si c\u2019\u00e9tait J\u00e9rusalem, CNEWS n\u2019aurait jamais allum\u00e9 le micro"},"content":{"rendered":"<p><img loading=\"lazy\" decoding=\"async\" width=\"768\" height=\"469\" src=\"https:\/\/i0.wp.com\/www.lelibrepenseur.org\/wp-content\/uploads\/2026\/09\/image_2026-09-04_195039032.png?fit=768%2C469&amp;ssl=1\" class=\"webfeedsFeaturedVisual wp-post-image\" alt=\"Islamophobie maladive : si c\u2019\u00e9tait J\u00e9rusalem, CNEWS n\u2019aurait jamais allum\u00e9 le micro\" style=\"display: block;margin-bottom: 5px;clear:both;max-width: 100%\" data-attachment-id=\"6068833\" data-permalink=\"https:\/\/www.lelibrepenseur.org\/islamophobie-cnews-odon-lafontaine\/image_2026-09-04_195039032\/\" data-orig-file=\"https:\/\/i0.wp.com\/www.lelibrepenseur.org\/wp-content\/uploads\/2026\/09\/image_2026-09-04_195039032.png?fit=1433%2C876&amp;ssl=1\" data-orig-size=\"1433,876\" data-comments-opened=\"1\" data-image-meta=\"{&quot;aperture&quot;:&quot;0&quot;,&quot;credit&quot;:&quot;&quot;,&quot;camera&quot;:&quot;&quot;,&quot;caption&quot;:&quot;&quot;,&quot;created_timestamp&quot;:&quot;0&quot;,&quot;copyright&quot;:&quot;&quot;,&quot;focal_length&quot;:&quot;0&quot;,&quot;iso&quot;:&quot;0&quot;,&quot;shutter_speed&quot;:&quot;0&quot;,&quot;title&quot;:&quot;&quot;,&quot;orientation&quot;:&quot;0&quot;,&quot;alt&quot;:&quot;&quot;}\" data-image-title=\"Islamophobie maladive : si c\u2019\u00e9tait J\u00e9rusalem, CNEWS n\u2019aurait jamais allum\u00e9 le micro\" data-image-description=\"&lt;p&gt;Islamomanie maladive : si c\u2019\u00e9tait J\u00e9rusalem, CNEWS n\u2019aurait jamais allum\u00e9 le micro&lt;\/p&gt;\n\" data-image-caption=\"&lt;p&gt;Islamomanie maladive : si c\u2019\u00e9tait J\u00e9rusalem, CNEWS n\u2019aurait jamais allum\u00e9 le micro&lt;\/p&gt;\n\" data-medium-file=\"https:\/\/i0.wp.com\/www.lelibrepenseur.org\/wp-content\/uploads\/2026\/09\/image_2026-09-04_195039032.png?fit=300%2C183&amp;ssl=1\" data-large-file=\"https:\/\/i0.wp.com\/www.lelibrepenseur.org\/wp-content\/uploads\/2026\/09\/image_2026-09-04_195039032.png?fit=1024%2C626&amp;ssl=1\" \/><\/p>\n<div class=\"intro-text\">\n<p data-rm-block-id=\"block-1\"><span class=\"css-1jxf684 r-bcqeeo r-1ttztb7 r-qvutc0 r-poiln3 r-1adg3ll r-1g7jtus r-1x3r274\"><span class=\"css-1jxf684 r-bcqeeo r-1ttztb7 r-qvutc0 r-poiln3\"><span class=\"css-1jxf684 r-bcqeeo r-1ttztb7 r-qvutc0 r-poiln3 r-1x3r274\"><span class=\"dropcap \" style=\"background-color: #ffffff;color: #000000;border-color: #ffffff\"><strong>C<\/strong><\/span>&lsquo;est tout de m\u00eame extraordinaire de voir ce d\u00e9but de rentr\u00e9e sur Cniouzes concernant l&rsquo;islam et les musulmans ! C&rsquo;est un v\u00e9ritable rouleau compresseur d&rsquo;attaques islamophobes au quotidien, renfor\u00e7ant ainsi la perception d&rsquo;une mont\u00e9e de l&rsquo;Islamophobie ! <\/span><\/span><\/span><\/p>\n<p data-rm-block-id=\"block-1\"><span class=\"css-1jxf684 r-bcqeeo r-1ttztb7 r-qvutc0 r-poiln3 r-1adg3ll r-1g7jtus r-1x3r274\"><span class=\"css-1jxf684 r-bcqeeo r-1ttztb7 r-qvutc0 r-poiln3\"><span class=\"css-1jxf684 r-bcqeeo r-1ttztb7 r-qvutc0 r-poiln3 r-1x3r274\">O<\/span><\/span><\/span><span class=\"css-1jxf684 r-bcqeeo r-1ttztb7 r-qvutc0 r-poiln3 r-1adg3ll r-1g7jtus r-1x3r274\"><span class=\"css-1jxf684 r-bcqeeo r-1ttztb7 r-qvutc0 r-poiln3\"><span class=\"css-1jxf684 r-bcqeeo r-1ttztb7 r-qvutc0 r-poiln3 r-1x3r274\">don Lafontaine n\u2019est pas un historien universitaire neutre. C\u2019est un essayiste et vulgarisateur catholique, ancien consultant, membre fondateur de Mission Ism\u00e9rie (accompagnement de musulmans convertis au christianisme) et actif dans des cercles comme EEChO et le Forum J\u00e9sus le Messie. Son travail s\u2019appuie sur des chercheurs r\u00e9visionnistes, mais le cadre est clairement engag\u00e9 : montrer que le r\u00e9cit traditionnel des origines de l\u2019islam est une construction tardive des califes, et que l\u2019islam est autant un syst\u00e8me politico-messianique qu\u2019une religion. Ce n\u2019est pas de l\u2019\u00e9rudition d\u00e9tach\u00e9e gratuite et honn\u00eate. ohhh que non !<\/span><\/span><\/span><\/p>\n<p data-rm-block-id=\"block-2\"><span class=\"css-1jxf684 r-bcqeeo r-1ttztb7 r-qvutc0 r-poiln3 r-1adg3ll r-1g7jtus r-1x3r274\"><span class=\"css-1jxf684 r-bcqeeo r-1ttztb7 r-qvutc0 r-poiln3\"><span class=\"css-1jxf684 r-bcqeeo r-1ttztb7 r-qvutc0 r-poiln3 r-1x3r274\">Le titre <\/span><em><span class=\"css-1jxf684 r-bcqeeo r-1ttztb7 r-qvutc0 r-poiln3 r-1x3r274 r-36ujnk\"><span class=\"css-1jxf684 r-bcqeeo r-1ttztb7 r-qvutc0 r-poiln3 r-1x3r274\">La Mecque, ville imaginaire : comment les califes ont invent\u00e9 l\u2019islam<\/span><\/span><\/em><span class=\"css-1jxf684 r-bcqeeo r-1ttztb7 r-qvutc0 r-poiln3 r-1x3r274\"> et le fait de le d\u00e9fendre sur CNEWS le confirment. C\u2019est une remise en cause frontale d\u2019un pilier de la foi (La Mecque, la Kaaba, le hajj). Pour un croyant, \u00e7a n\u2019est pas une simple hypoth\u00e8se historique : \u00e7a touche le c\u0153ur du r\u00e9cit. Les musulmans qui le vivent comme une attaque ne se trompent pas sur le ressenti.<\/span><\/span><\/span><\/p>\n<p data-rm-block-id=\"block-3\">On en est \u00e0 ce jour au 178.367e d\u00e9rapage islamomaniaque sur CNEWS. On a eu droit \u00e0 toutes les cochonneries possibles et imaginable sans honte ni regrets : <a href=\"https:\/\/www.lelibrepenseur.org\/quand-le-corrupteur-de-mineurs-morandini-expose-son-islamophobie-oklm-sur-cnews\/\">ici<\/a>, <a href=\"https:\/\/www.lelibrepenseur.org\/le-probleme-cest-lislam-dixit-boualem-sansal-sur-cnews\/\">l\u00e0<\/a>, <a href=\"https:\/\/www.lelibrepenseur.org\/islamophobie-zemmour-encore-condamne-a-10-000-euros-damende\/\">ici<\/a> encore, <a href=\"https:\/\/www.lelibrepenseur.org\/cnews-desinformation-migrants-ceuta-algerie\/\">l\u00e0<\/a> aussi, par <a href=\"https:\/\/www.lelibrepenseur.org\/arno-klarsfeld-est-sanctionne-par-le-conseil-detat-apres-son-appel-sur-cnews-a-la-mise-ne-place-de-rafles-pour-les-oqtf\/\">l\u00e0<\/a>&#8230; ! Souvenez-vous d&rsquo;Arno Klarsfeld sanctionn\u00e9 par le Conseil d\u2019Etat apr\u00e8s son appel sur CNEWS \u00e0 la mise en place de rafles pour les OQTF !!!<\/p>\n<h3 data-rm-block-id=\"block-4\"><strong>Explosion de l&rsquo;Islamophobie en France<\/strong><\/h3>\n<p data-rm-block-id=\"block-5\"><span class=\"css-1jxf684 r-bcqeeo r-1ttztb7 r-qvutc0 r-poiln3 r-1adg3ll r-1g7jtus r-1x3r274\"><span class=\"css-1jxf684 r-bcqeeo r-1ttztb7 r-qvutc0 r-poiln3\"><span class=\"css-1jxf684 r-bcqeeo r-1ttztb7 r-qvutc0 r-poiln3 r-1x3r274\">D&rsquo;autant que l\u2019islamophobie explose, les chiffres officiels et les sondages montrent une hausse r\u00e9elle des actes recens\u00e9s et du sentiment de discrimination. En 2025, les actes antimusulmans enregistr\u00e9s par le minist\u00e8re de l\u2019Int\u00e9rieur ont fortement augment\u00e9 (environ +88 % sur l\u2019ann\u00e9e, avec des agressions physiques majoritaires et des homicides). Un <a href=\"https:\/\/www.ifopgroup.com\/article\/observatoire-des-discriminations-envers-les-musulmans-de-france\/\" target=\"_blank\" rel=\"noopener\">sondage Ifop<\/a> de 2025 indique que 66 % des musulmans d\u00e9clarent avoir subi des comportements racistes sur cinq ans, souvent li\u00e9s \u00e0 la religion selon eux, avec une surexposition \u00e0 l\u2019emploi, au logement et aux contr\u00f4les.\u00a0<\/span><\/span><\/span><\/p>\n<p data-rm-block-id=\"block-6\"><span class=\"css-1jxf684 r-bcqeeo r-1ttztb7 r-qvutc0 r-poiln3 r-1adg3ll r-1g7jtus r-1x3r274\"><span class=\"css-1jxf684 r-bcqeeo r-1ttztb7 r-qvutc0 r-poiln3\"><span class=\"css-1jxf684 r-bcqeeo r-1ttztb7 r-qvutc0 r-poiln3 r-1x3r274\">\u00c7a n\u2019efface pas l\u2019autre versant : en France, le d\u00e9bat public est aussi marqu\u00e9 par l\u2019inqui\u00e9tude face \u00e0 l\u2019islamisme, aux Fr\u00e8res musulmans, \u00e0 la visibilit\u00e9 religieuse et aux questions d\u2019int\u00e9gration. Les deux dynamiques s\u2019alimentent. Un livre qui nie l\u2019historicit\u00e9 de La Mecque, promu sur une cha\u00eene d\u00e9j\u00e0 tr\u00e8s focalis\u00e9e sur l\u2019islam, s\u2019inscrit dans ce climat de confrontation plus que dans un effort de compr\u00e9hension.<\/span><\/span><\/span><\/p>\n<p data-rm-block-id=\"block-7\"><span class=\"css-1jxf684 r-bcqeeo r-1ttztb7 r-qvutc0 r-poiln3 r-1adg3ll r-1g7jtus r-1x3r274\"><span class=\"css-1jxf684 r-bcqeeo r-1ttztb7 r-qvutc0 r-poiln3\"><span class=\"css-1jxf684 r-bcqeeo r-1ttztb7 r-qvutc0 r-poiln3 r-1x3r274\">Est-ce que \u00e7a \u00ab attaque les musulmans \u00bb en tant que personnes ? L&rsquo;hypocrite Lafontaine et ses proches distinguent la critique de la doctrine et du r\u00e9cit historique d\u2019une part, et la haine des individus d\u2019autre part. Dans les faits, pour beaucoup de musulmans, cette distinction est th\u00e9orique. Quand on s\u2019attaque aux fondements m\u00eames de la foi \u00e0 un moment o\u00f9 les agressions et le sentiment d\u2019hostilit\u00e9 montent, l\u2019effet est celui d\u2019une attaque, m\u00eame si l\u2019auteur invoque la recherche historique. On constate que l&rsquo;islamophobie est carr\u00e9ment devenu un programme politique pour la pr\u00e9sidentielle de 2027 !<\/span><\/span><\/span><\/p>\n<p data-rm-block-id=\"block-8\"><span class=\"css-1jxf684 r-bcqeeo r-1ttztb7 r-qvutc0 r-poiln3 r-1adg3ll r-1x3r274 r-p1pxzi\"><span class=\"css-1jxf684 r-bcqeeo r-1ttztb7 r-qvutc0 r-poiln3\"><span class=\"css-1jxf684 r-bcqeeo r-1ttztb7 r-qvutc0 r-poiln3 r-1x3r274\">Le pire dans toute cette mascarade m\u00e9diatique c&rsquo;est que \u00e7a ne va pas \u00ab changer les musulmans \u00bb au sens d\u2019une remise en question massive. \u00c7a va surtout durcir les camps : ceux qui y voient une v\u00e9rit\u00e9 enfin dite, et ceux qui y voient une nouvelle preuve d\u2019acharnement. C\u2019est le sch\u00e9ma classique de l&rsquo;alimentation de la haine par la cha\u00eene de d\u00e9sinformation ultra sioniste de Bollor\u00e9 !<\/span><\/span><\/span><\/p>\n<h3 data-rm-block-id=\"block-8\"><strong>Qu&rsquo;en est-il du juda\u00efsme ?<\/strong><\/h3>\n<p data-rm-block-id=\"block-9\"><span class=\"css-1jxf684 r-bcqeeo r-1ttztb7 r-qvutc0 r-poiln3 r-1adg3ll r-1g7jtus r-1x3r274\"><span class=\"css-1jxf684 r-bcqeeo r-1ttztb7 r-qvutc0 r-poiln3\"><span class=\"css-1jxf684 r-bcqeeo r-1ttztb7 r-qvutc0 r-poiln3 r-1x3r274\">Si un auteur venait sur CNEWS expliquer que J\u00e9rusalem a \u00e9t\u00e9 \u00ab invent\u00e9e \u00bb et que les origines du juda\u00efsme ont \u00e9t\u00e9 r\u00e9\u00e9crites par des \u00e9lites plus tardives pour fabriquer un r\u00e9cit national et religieux, la s\u00e9quence n\u2019aurait presque certainement <\/span><span class=\"css-1jxf684 r-bcqeeo r-1ttztb7 r-qvutc0 r-poiln3 r-b88u0q r-1x3r274\"><span class=\"css-1jxf684 r-bcqeeo r-1ttztb7 r-qvutc0 r-poiln3 r-1x3r274\">pas<\/span><\/span><span class=\"css-1jxf684 r-bcqeeo r-1ttztb7 r-qvutc0 r-poiln3 r-1x3r274\"> le m\u00eame traitement. Elle ne serait jamais diffus\u00e9e, c&rsquo;est un fait.\u00a0<\/span><\/span><\/span><\/p>\n<p data-rm-block-id=\"block-10\"><span class=\"css-1jxf684 r-bcqeeo r-1ttztb7 r-qvutc0 r-poiln3 r-1adg3ll r-1g7jtus r-1x3r274\"><span class=\"css-1jxf684 r-bcqeeo r-1ttztb7 r-qvutc0 r-poiln3\"><span class=\"css-1jxf684 r-bcqeeo r-1ttztb7 r-qvutc0 r-poiln3 r-1x3r274\">Pas parce que la critique historique du juda\u00efsme n\u2019existe pas. Elle existe, et depuis longtemps. L\u2019arch\u00e9ologie biblique d\u00e9bat depuis des d\u00e9cennies de la taille r\u00e9elle de J\u00e9rusalem au Xe si\u00e8cle, de l\u2019ampleur du royaume de David et Salomon, de la datation des textes, de l\u2019Exode, etc. Des auteurs comme Israel Finkelstein ont d\u00e9j\u00e0 largement relativis\u00e9 le r\u00e9cit biblique classique. \u00c7a se publie, \u00e7a se discute \u00e0 l\u2019universit\u00e9, parfois dans la presse. Ce n\u2019est pas un tabou intellectuel.<\/span><\/span><\/span><\/p>\n<p data-rm-block-id=\"block-11\"><span class=\"css-1jxf684 r-bcqeeo r-1ttztb7 r-qvutc0 r-poiln3 r-1adg3ll r-1g7jtus r-1x3r274\"><span class=\"css-1jxf684 r-bcqeeo r-1ttztb7 r-qvutc0 r-poiln3\"><span class=\"css-1jxf684 r-bcqeeo r-1ttztb7 r-qvutc0 r-poiln3 r-1x3r274\">Mais \u00ab <strong><em>J\u00e9rusalem invent\u00e9e<\/em><\/strong> \u00bb, au sens o\u00f9 Lafontaine parle de La Mecque \u2014 une ville sainte construite apr\u00e8s coup dans le r\u00e9cit pour donner d\u2019autres origines \u00e0 la religion \u2014 ce serait imm\u00e9diatement lu, en France, comme une attaque identitaire, pas comme une hypoth\u00e8se d\u2019historien. Le mot \u00ab <em>invent\u00e9e<\/em> \u00bb appliqu\u00e9 \u00e0 J\u00e9rusalem bascule tr\u00e8s vite du c\u00f4t\u00e9 de l\u2019<strong>antis\u00e9mitisme<\/strong> dans l\u2019espace public fran\u00e7ais, m\u00eame quand l\u2019auteur pr\u00e9tend ne parler que d\u2019histoire. Les institutions, une partie de la classe politique, le CSA\/Arcom, les associations et une large part des r\u00e9dactions r\u00e9agiraient beaucoup plus vite et plus fort.<\/span><\/span><\/span><\/p>\n<p data-rm-block-id=\"block-12\"><span class=\"css-1jxf684 r-bcqeeo r-1ttztb7 r-qvutc0 r-poiln3 r-1adg3ll r-1g7jtus r-1x3r274\"><span class=\"css-1jxf684 r-bcqeeo r-1ttztb7 r-qvutc0 r-poiln3\"><span class=\"css-1jxf684 r-bcqeeo r-1ttztb7 r-qvutc0 r-poiln3 r-1x3r274\">CNEWS, concr\u00e8tement, ne ferait pas la m\u00eame promo. Sa ligne critique l\u2019islam, l\u2019immigration, l\u2019islamisme. Elle ne critique pas le juda\u00efsme de la m\u00eame fa\u00e7on. Ce n\u2019est pas un hasard \u00e9ditorial, c\u2019est un positionnement. Un auteur \u00ab J\u00e9rusalem imaginaire \u00bb aurait plus de chances d\u2019\u00eatre trait\u00e9 comme sulfureux, voire dangereux, que comme un lanceur d\u2019alerte historique. <\/span><\/span><\/span><span class=\"css-1jxf684 r-bcqeeo r-1ttztb7 r-qvutc0 r-poiln3 r-1adg3ll r-1g7jtus r-1x3r274\"><span class=\"css-1jxf684 r-bcqeeo r-1ttztb7 r-qvutc0 r-poiln3\"><span class=\"css-1jxf684 r-bcqeeo r-1ttztb7 r-qvutc0 r-poiln3 r-1x3r274\">Il y a donc un <\/span><span class=\"css-1jxf684 r-bcqeeo r-1ttztb7 r-qvutc0 r-poiln3 r-b88u0q r-1x3r274\"><span class=\"css-1jxf684 r-bcqeeo r-1ttztb7 r-qvutc0 r-poiln3 r-1x3r274\">deux poids deux mesures<\/span><\/span><span class=\"css-1jxf684 r-bcqeeo r-1ttztb7 r-qvutc0 r-poiln3 r-1x3r274\">. Le nier serait hypocrite.<\/span><\/span><\/span><\/p>\n<hr \/>\n<blockquote class=\"twitter-tweet\" data-media-max-width=\"560\">\n<p dir=\"ltr\" lang=\"fr\"><img decoding=\"async\" src=\"https:\/\/s.w.org\/images\/core\/emoji\/17.0.2\/72x72\/1f7e1.png\" alt=\"\ud83d\udfe1\" class=\"wp-smiley\" style=\"height: 1em;max-height: 1em\" \/> Bonjour <a href=\"https:\/\/x.com\/CNEWS?ref_src=twsrc%5Etfw\">@CNEWS<\/a> <a href=\"https:\/\/x.com\/christinekelly?ref_src=twsrc%5Etfw\">@ChristineKelly<\/a><\/p>\n<p>Auriez-vous invit\u00e9 de la m\u00eame mani\u00e8re un auteur venu expliquer que J\u00e9rusalem aurait \u00e9t\u00e9 \u00ab\u00a0invent\u00e9e\u00a0\u00bb et que les origines du juda\u00efsme auraient \u00e9t\u00e9 r\u00e9\u00e9crites ?<\/p>\n<p>Odon Lafontaine vient d\u00e9fendre sur votre antenne un ouvrage qui remet radicalement en\u2026 <a href=\"https:\/\/t.co\/7h11ptZRo9\">pic.twitter.com\/7h11ptZRo9<\/a><\/p>\n<p>\u2014 Impact (@ImpactMediaFR) <a href=\"https:\/\/x.com\/ImpactMediaFR\/status\/2095796463217332568?ref_src=twsrc%5Etfw\">September 4, 2026<\/a><\/p>\n<\/blockquote>\n<\/div>\n<p>L\u2019article <a rel=\"nofollow\" href=\"https:\/\/www.lelibrepenseur.org\/islamophobie-cnews-odon-lafontaine\/\">Islamophobie maladive : si c\u2019\u00e9tait J\u00e9rusalem, CNEWS n\u2019aurait jamais allum\u00e9 le micro<\/a> est apparu en premier sur <a rel=\"nofollow\" href=\"https:\/\/www.lelibrepenseur.org\">Le Libre Penseur<\/a>.<\/p>\n<p class=\"verinews-source\">Source : <a href=\"https:\/\/www.lelibrepenseur.org\/islamophobie-cnews-odon-lafontaine\/\" target=\"_blank\" rel=\"nofollow noopener\">Lire l\u2019article original<\/a><\/p>\n","protected":false},"excerpt":{"rendered":"<p>C&#8216;est tout de m\u00eame extraordinaire de voir ce d\u00e9but de rentr\u00e9e sur Cniouzes concernant l&#8217;islam et les musulmans ! C&#8217;est un v\u00e9ritable rouleau compresseur d&#8217;attaques islamophobes au quotidien, renfor\u00e7ant ainsi la perception d&#8217;une mont\u00e9e de\u2026<\/p>\n","protected":false},"author":1,"featured_media":31757,"comment_status":"open","ping_status":"open","sticky":false,"template":"","format":"standard","meta":{"footnotes":""},"categories":[1],"tags":[],"class_list":["post-31756","post","type-post","status-publish","format-standard","has-post-thumbnail","hentry","category-non-classe"],"_links":{"self":[{"href":"https:\/\/monde25.info\/index.php\/wp-json\/wp\/v2\/posts\/31756","targetHints":{"allow":["GET"]}}],"collection":[{"href":"https:\/\/monde25.info\/index.php\/wp-json\/wp\/v2\/posts"}],"about":[{"href":"https:\/\/monde25.info\/index.php\/wp-json\/wp\/v2\/types\/post"}],"author":[{"embeddable":true,"href":"https:\/\/monde25.info\/index.php\/wp-json\/wp\/v2\/users\/1"}],"replies":[{"embeddable":true,"href":"https:\/\/monde25.info\/index.php\/wp-json\/wp\/v2\/comments?post=31756"}],"version-history":[{"count":0,"href":"https:\/\/monde25.info\/index.php\/wp-json\/wp\/v2\/posts\/31756\/revisions"}],"wp:featuredmedia":[{"embeddable":true,"href":"https:\/\/monde25.info\/index.php\/wp-json\/wp\/v2\/media\/31757"}],"wp:attachment":[{"href":"https:\/\/monde25.info\/index.php\/wp-json\/wp\/v2\/media?parent=31756"}],"wp:term":[{"taxonomy":"category","embeddable":true,"href":"https:\/\/monde25.info\/index.php\/wp-json\/wp\/v2\/categories?post=31756"},{"taxonomy":"post_tag","embeddable":true,"href":"https:\/\/monde25.info\/index.php\/wp-json\/wp\/v2\/tags?post=31756"}],"curies":[{"name":"wp","href":"https:\/\/api.w.org\/{rel}","templated":true}]}}