{"id":31771,"date":"2026-09-05T12:01:10","date_gmt":"2026-09-05T10:01:10","guid":{"rendered":"https:\/\/monde25.info\/index.php\/2026\/09\/05\/oleg-nesterenko-secheresse-en-union-europeenne\/"},"modified":"2026-09-05T12:01:10","modified_gmt":"2026-09-05T10:01:10","slug":"oleg-nesterenko-secheresse-en-union-europeenne","status":"publish","type":"post","link":"https:\/\/monde25.info\/index.php\/2026\/09\/05\/oleg-nesterenko-secheresse-en-union-europeenne\/","title":{"rendered":"Oleg Nesterenko\u00a0: S\u00e8cheresse en Union europ\u00e9enne"},"content":{"rendered":"<p>Politnavigator. La formation des prix sur le march\u00e9 international ne d\u00e9pend pas exclusivement du volume ou de la qualit\u00e9 de la r\u00e9colte. De nombreux facteurs, invisibles \u00e0 l\u2019\u0153il nu, gouvernent directement la fixation des prix dans le secteur agroalimentaire.<\/p>\n<p>The post <a href=\"https:\/\/reseauinternational.net\/oleg-nesterenko-secheresse-en-union-europeenne\/\">Oleg Nesterenko\u00a0: S\u00e8cheresse en Union europ\u00e9enne<\/a> first appeared on <a href=\"https:\/\/reseauinternational.net\">R\u00e9seau International<\/a>.<\/p>\n<p class=\"verinews-source\">Source : <a href=\"https:\/\/reseauinternational.net\/oleg-nesterenko-secheresse-en-union-europeenne\/\" target=\"_blank\" rel=\"nofollow noopener\">Lire l\u2019article original<\/a><\/p>\n","protected":false},"excerpt":{"rendered":"<p>Politnavigator. La formation des prix sur le march\u00e9 international ne d\u00e9pend pas exclusivement du volume ou de la qualit\u00e9 de la r\u00e9colte. De nombreux facteurs, invisibles \u00e0 l\u2019\u0153il nu, gouvernent directement la fixation des prix\u2026<\/p>\n","protected":false},"author":1,"featured_media":27996,"comment_status":"open","ping_status":"open","sticky":false,"template":"","format":"standard","meta":{"footnotes":""},"categories":[1],"tags":[],"class_list":["post-31771","post","type-post","status-publish","format-standard","has-post-thumbnail","hentry","category-non-classe"],"_links":{"self":[{"href":"https:\/\/monde25.info\/index.php\/wp-json\/wp\/v2\/posts\/31771","targetHints":{"allow":["GET"]}}],"collection":[{"href":"https:\/\/monde25.info\/index.php\/wp-json\/wp\/v2\/posts"}],"about":[{"href":"https:\/\/monde25.info\/index.php\/wp-json\/wp\/v2\/types\/post"}],"author":[{"embeddable":true,"href":"https:\/\/monde25.info\/index.php\/wp-json\/wp\/v2\/users\/1"}],"replies":[{"embeddable":true,"href":"https:\/\/monde25.info\/index.php\/wp-json\/wp\/v2\/comments?post=31771"}],"version-history":[{"count":0,"href":"https:\/\/monde25.info\/index.php\/wp-json\/wp\/v2\/posts\/31771\/revisions"}],"wp:featuredmedia":[{"embeddable":true,"href":"https:\/\/monde25.info\/index.php\/wp-json\/wp\/v2\/media\/27996"}],"wp:attachment":[{"href":"https:\/\/monde25.info\/index.php\/wp-json\/wp\/v2\/media?parent=31771"}],"wp:term":[{"taxonomy":"category","embeddable":true,"href":"https:\/\/monde25.info\/index.php\/wp-json\/wp\/v2\/categories?post=31771"},{"taxonomy":"post_tag","embeddable":true,"href":"https:\/\/monde25.info\/index.php\/wp-json\/wp\/v2\/tags?post=31771"}],"curies":[{"name":"wp","href":"https:\/\/api.w.org\/{rel}","templated":true}]}}