{"id":31785,"date":"2026-09-05T21:21:10","date_gmt":"2026-09-05T19:21:10","guid":{"rendered":"https:\/\/monde25.info\/index.php\/2026\/09\/05\/adaptation-des-hopitaux-el-nino-et-administration-trump-top-10-actus-de-la-semaine\/"},"modified":"2026-09-05T21:21:10","modified_gmt":"2026-09-05T19:21:10","slug":"adaptation-des-hopitaux-el-nino-et-administration-trump-top-10-actus-de-la-semaine","status":"publish","type":"post","link":"https:\/\/monde25.info\/index.php\/2026\/09\/05\/adaptation-des-hopitaux-el-nino-et-administration-trump-top-10-actus-de-la-semaine\/","title":{"rendered":"Adaptation des h\u00f4pitaux, El Ni\u00f1o et administration Trump : Top 10 actus de la semaine"},"content":{"rendered":"<div style=\"margin-top: 0px;margin-bottom: 0px\" class=\"sharethis-inline-share-buttons\"><\/div>\n<h4><strong>Vous n\u2019avez pas eu le temps de suivre l\u2019actualit\u00e9 ?\u00a0<\/strong><strong>Voici 10 infos \u00e0 ne surtout pas manquer cette semaine.<\/strong><\/h4>\n<p><span id=\"more-1981994\"><\/span><\/p>\n<h2 data-start=\"18\" data-end=\"631\"><strong>1. Canicule : des m\u00e9decins portent plainte contre le gouvernement<\/strong><\/h2>\n<p class=\"PDq2pG_selectionAnchorContainer\" data-start=\"18\" data-end=\"631\">Des m\u00e9decins portent plainte contre X contre l\u2019inaction du gouvernement face aux <a href=\"https:\/\/mrmondialisation.org\/tribune-canicule-tue-animaux-non-humains\/\" target=\"_blank\" rel=\"noopener\">canicules<\/a>, <strong>d\u00e9non\u00e7ant des h\u00f4pitaux et Ehpad d\u00e9passant parfois les 40 \u00b0C,<\/strong> avec des cons\u00e9quences sur les patient\u00b7es, les soins et les conditions de travail. Le syndicat Jeunes M\u00e9decins r\u00e9clame des <strong>mesures concr\u00e8tes pour adapter les \u00e9tablissements avant l\u2019\u00e9t\u00e9 2027,<\/strong> apr\u00e8s une r\u00e9ponse gouvernementale jug\u00e9e insuffisante. <em>(<a href=\"https:\/\/lareleveetlapeste.fr\/canicule-des-medecins-portent-plainte-contre-la-dangereuse-inaction-du-gouvernement\/\" target=\"_blank\" rel=\"noopener\">La Rel\u00e8ve et la Peste<\/a>)<\/em><\/p>\n<h2 data-start=\"2638\" data-end=\"3183\"><strong data-start=\"2638\" data-end=\"2706\">2. L\u2019OMM alerte sur un \u00e9pisode El Ni\u00f1o potentiellement tr\u00e8s intense<\/strong><\/h2>\n<p data-start=\"2638\" data-end=\"3183\">Selon l\u2019Organisation m\u00e9t\u00e9orologique mondiale, El Ni\u00f1o est d\u00e9sormais install\u00e9 et pourrait <strong>atteindre une intensit\u00e9 tr\u00e8s forte d\u2019ici la fin de l\u2019ann\u00e9e,<\/strong> avec des effets aggrav\u00e9s sur les s\u00e9cheresses, les incendies, les inondations et les temp\u00e9ratures mondiales. L\u2019\u00e9pisode devrait se prolonger jusqu\u2019en f\u00e9vrier 2027. <em>(<a href=\"https:\/\/vert.eco\/climat\/il-pourrait-etre-le-plus-puissant-jamais-observe-lorganisation-meteorologique-mondiale-alerte-sur-lintensite-del-nino\/\" target=\"_blank\" rel=\"noopener\">Vert<\/a>)<\/em><\/p>\n<h2 class=\"PDq2pG_selectionAnchorContainer\" data-start=\"18\" data-end=\"631\"><strong>3. Un juge bloque l\u2019offensive de Trump contre les normes antipollution de Californie<\/strong><\/h2>\n<p class=\"PDq2pG_selectionAnchorContainer\" data-start=\"18\" data-end=\"631\">L\u2019administration Trump voulait <strong>faire annuler par le Congr\u00e8s plusieurs d\u00e9rogations permettant \u00e0 la Californie d\u2019imposer des normes d\u2019\u00e9missions plus strictes que les normes f\u00e9d\u00e9rales.<\/strong> Un juge f\u00e9d\u00e9ral a estim\u00e9 que l\u2019administration avait ill\u00e9galement requalifi\u00e9 ces d\u00e9rogations pour permettre au Congr\u00e8s de les supprimer plus facilement.<em> (<a href=\"https:\/\/www.reuters.com\/legal\/litigation\/us-judge-bars-epa-effort-send-california-vehicle-emissions-rules-congress-2026-09-03\/\" target=\"_blank\" rel=\"noopener\">Reuters<\/a>)<\/em><\/p>\n<h2 data-start=\"633\" data-end=\"1213\"><strong data-start=\"633\" data-end=\"720\">4. Honduras : les communaut\u00e9s locales contre l\u2019accaparement de leurs terres<\/strong><\/h2>\n<p data-start=\"633\" data-end=\"1213\">Depuis le d\u00e9but du mois d\u2019ao\u00fbt, des communaut\u00e9s Gar\u00edfuna occupent le parvis de la Cour supr\u00eame pour <strong>exiger l\u2019abandon des poursuites visant cinq d\u00e9fenseur\u00b7euses du territoire et l\u2019application de d\u00e9cisions reconnaissant leurs droits fonciers.<\/strong> Elles d\u00e9noncent la criminalisation de leur lutte et les expulsions men\u00e9es au profit de projets priv\u00e9s. <em>(<a href=\"https:\/\/www.struggle-la-lucha.org\/2026\/08\/30\/honduras-garifuna-people-resist-the-seizure-of-their-territories\/\" target=\"_blank\" rel=\"noopener\">Struggle La Lucha<\/a>)<\/em><\/p>\n<h2 data-start=\"1697\" data-end=\"2217\"><strong data-start=\"1697\" data-end=\"1800\">5. \u00c0 Paris, les collectifs de sans-papiers appellent \u00e0 manifester pour le logement et la scolarisation<\/strong><\/h2>\n<p data-start=\"1697\" data-end=\"2217\">La Coordination sans-papiers 75 et la Marche des solidarit\u00e9s appellent \u00e0 une manifestation le 4 septembre pour <strong>exiger un logement pour toutes et tous ainsi que la scolarisation imm\u00e9diate des enfants et des mineur\u00b7es isol\u00e9\u00b7es.<\/strong> Les organisations d\u00e9noncent le racisme institutionnel et l\u2019absence de prise en charge des personnes \u00e0 la rue. <em>(<a href=\"https:\/\/www.antiracisme-solidarite.org\/\" target=\"_blank\" rel=\"noopener\">Marche des solidarit\u00e9s<\/a>)<\/em><\/p>\n<h2 data-start=\"1697\" data-end=\"2217\"><strong>6. \u00c0 Lyon, des femmes et des enfants menac\u00e9s d\u2019expulsion<\/strong><\/h2>\n<p data-start=\"1697\" data-end=\"2217\">\u00c0 Lyon, <strong>plus de 200 femmes et<\/strong> <strong data-start=\"8\" data-end=\"164\">pr\u00e8s de 70 enfants, sont menac\u00e9es d\u2019expulsion d\u2019un b\u00e2timent m\u00e9tropolitain qu\u2019elles occupent depuis mars faute de solution d\u2019h\u00e9bergement<\/strong>. La justice a ordonn\u00e9 leur expulsion, malgr\u00e9 leur mobilisation et leurs t\u00e9moignages affirmant \u00eatre davantage en s\u00e9curit\u00e9 dans ce lieu qu\u2019\u00e0 la rue ; la m\u00e9tropole invoque, elle, des risques pour leur s\u00e9curit\u00e9 et leur sant\u00e9 et recevra le collectif mardi 8 septembre prochain. <em>(<a href=\"https:\/\/france3-regions.franceinfo.fr\/auvergne-rhone-alpes\/rhone\/expulsion-imminente-a-lyon-280-femmes-et-70-enfants-face-a-l-echec-de-l-hebergement-d-urgence-3411245.html\" target=\"_blank\" rel=\"noopener\">France 3 R\u00e9gions<\/a>)<\/em><\/p>\n<h2 data-start=\"1697\" data-end=\"2217\"><strong data-start=\"0\" data-end=\"72\" data-is-only-node=\"\">7. L\u2019Australie autorise l\u2019extension d\u2019une mine de charbon jusqu\u2019en 2055<\/strong><\/h2>\n<p data-start=\"1697\" data-end=\"2217\">La nouvelle agence environnementale australienne a autoris\u00e9 l\u2019extension de la <a href=\"https:\/\/mrmondialisation.org\/mines-europe-folie-environnementale\/\" target=\"_blank\" rel=\"noopener\">mine<\/a> \u00e0 ciel ouvert de Saraji, dans le Queensland, permettant l\u2019extraction de <strong data-start=\"230\" data-end=\"282\">55 millions de tonnes suppl\u00e9mentaires de charbon<\/strong> <strong>et la destruction d\u2019habitats menac\u00e9s, notamment celui des koalas.<\/strong> Cette d\u00e9cision intervient alors que le Premier ministre Anthony Albanese affirme vouloir prendre au s\u00e9rieux le d\u00e9r\u00e8glement climatique, suscitant la col\u00e8re des organisations \u00e9cologistes et des dirigeant\u00b7es du Pacifique. <em>(<a href=\"https:\/\/www.theguardian.com\/environment\/2026\/sep\/03\/saraji-qld-bhp-bma-coal-project-approved-2055-angering-climate-groups\" target=\"_blank\" rel=\"noopener\">The Guardian<\/a>)<\/em><\/p>\n<h2 data-start=\"1697\" data-end=\"2217\"><strong data-start=\"0\" data-end=\"89\" data-is-only-node=\"\">8. Agriculture : la Conf\u00e9d\u00e9ration paysanne juge insuffisant le plan d\u2019urgence climatique<\/strong><\/h2>\n<p data-start=\"1697\" data-end=\"2217\">Face aux s\u00e9cheresses et aux canicules, le gouvernement annonce 1,2 milliard d\u2019euros d\u2019aides mais la moiti\u00e9 vient du fonctionnement normal de l\u2019indemnit\u00e9 de solidarit\u00e9 nationale (<span class=\"caps\">ISN<\/span>). 82% de <a href=\"https:\/\/mrmondialisation.org\/mythe-bon-sens-paysan-extreme-droite\/\" target=\"_blank\" rel=\"noopener\">paysan\u00b7nes<\/a> ne vont toucher que l&rsquo;ISN qui se d\u00e9clenche au-dessus de 50<small class=\"fine d-inline\">\u00a0<\/small>% de pertes et n\u2019indemnise que 28<small class=\"fine d-inline\">\u00a0<\/small>% de ces pertes. La Conf\u00e9d\u00e9ration paysanne <strong>d\u00e9nonce un dispositif qui laisse de c\u00f4t\u00e9 la majorit\u00e9 des fermes non assur\u00e9es,<\/strong> faute de modifier les r\u00e8gles d\u2019indemnisation, et <strong>r\u00e9clame notamment une aide directe de 5 000 \u20ac par paysan\u00b7ne touch\u00e9. <\/strong><em>(<a href=\"https:\/\/reporterre.net\/Plan-d-urgence-agricole-La-ministre-fait-le-choix-d-enterrer-plus-de-80-des-paysans\" target=\"_blank\" rel=\"noopener\">Reporterre<\/a>)<\/em><\/p>\n<h2 data-start=\"1697\" data-end=\"2217\"><strong data-start=\"1733\" data-end=\"1813\">9. Les travailleuses et travailleurs portuaires n\u00e9erlandais se mettent en gr\u00e8ve<\/strong><\/h2>\n<p data-start=\"1697\" data-end=\"2217\">Des salari\u00e9\u00b7es des ports de Rotterdam, Amsterdam et Z\u00e9lande ont cess\u00e9 le travail le 4 septembre <strong>contre les projets de d\u00e9mant\u00e8lement de l\u2019assurance-ch\u00f4mage et de l\u2019assurance-invalidit\u00e9.<\/strong> Le mouvement s\u2019inscrit dans une s\u00e9rie d\u2019actions sectorielles pr\u00e9vues aux Pays-Bas en septembre.(<a href=\"https:\/\/www.cnv.nl\/campagnes\/zekerheidweg\/overzicht-acties-en-stakingen\/\">CNV<\/a>)<\/p>\n<h2 data-start=\"1697\" data-end=\"2217\"><strong>Le Royaume-Uni envisage de reprendre Thames Water en main publique<\/strong><\/h2>\n<p data-start=\"1697\" data-end=\"2217\">Le gouvernement britannique pr\u00e9pare une r\u00e9forme l\u00e9gislative qui pourrait faciliter le retour de Thames Water dans le secteur public, alors que <strong>l\u2019entreprise croule sous les dettes et a \u00e9t\u00e9 condamn\u00e9e \u00e0 une amende record pour des infractions li\u00e9es aux eaux us\u00e9es.<\/strong> La mesure reste \u00e0 l\u2019\u00e9tude et ne constitue pas encore une renationalisation. <em>(<a href=\"https:\/\/www.theguardian.com\/business\/2026\/sep\/03\/were-prepared-to-change-the-law-to-reform-water-industry-says-angela-eagle\" target=\"_blank\" rel=\"noopener\">The Guardian<\/a>)<\/em><\/p>\n<p style=\"text-align: right\" align=\"left\">\u2013 <strong><em>Mara Pron<\/em><\/strong><\/p>\n<hr \/>\n<p align=\"left\">Photo de couverture : Vuminh Duy \/ <a href=\"https:\/\/unsplash.com\/fr\/photos\/un-ventilateur-devant-une-fenetre-NC4K-NhNnXg\" target=\"_blank\" rel=\"noopener\">Unsplash<\/a><\/p>\n<p>The post <a href=\"https:\/\/mrmondialisation.org\/adaptation-hopitaux-el-nino-administration-trump-top-10-actus-semaine\/\">Adaptation des h\u00f4pitaux, El Ni\u00f1o et administration Trump : Top 10 actus de la semaine<\/a> first appeared on <a href=\"https:\/\/mrmondialisation.org\">Mr Mondialisation<\/a>.<\/p>\n<p class=\"verinews-source\">Source : <a href=\"https:\/\/mrmondialisation.org\/adaptation-hopitaux-el-nino-administration-trump-top-10-actus-semaine\/\" target=\"_blank\" rel=\"nofollow noopener\">Lire l\u2019article original<\/a><\/p>\n","protected":false},"excerpt":{"rendered":"<p>Vous n\u2019avez pas eu le temps de suivre l\u2019actualit\u00e9 ?\u00a0Voici 10 infos \u00e0 ne surtout pas manquer cette semaine. 1. Canicule : des m\u00e9decins portent plainte contre le gouvernement Des m\u00e9decins portent plainte contre X\u2026<\/p>\n","protected":false},"author":1,"featured_media":27996,"comment_status":"open","ping_status":"open","sticky":false,"template":"","format":"standard","meta":{"footnotes":""},"categories":[1],"tags":[],"class_list":["post-31785","post","type-post","status-publish","format-standard","has-post-thumbnail","hentry","category-non-classe"],"_links":{"self":[{"href":"https:\/\/monde25.info\/index.php\/wp-json\/wp\/v2\/posts\/31785","targetHints":{"allow":["GET"]}}],"collection":[{"href":"https:\/\/monde25.info\/index.php\/wp-json\/wp\/v2\/posts"}],"about":[{"href":"https:\/\/monde25.info\/index.php\/wp-json\/wp\/v2\/types\/post"}],"author":[{"embeddable":true,"href":"https:\/\/monde25.info\/index.php\/wp-json\/wp\/v2\/users\/1"}],"replies":[{"embeddable":true,"href":"https:\/\/monde25.info\/index.php\/wp-json\/wp\/v2\/comments?post=31785"}],"version-history":[{"count":0,"href":"https:\/\/monde25.info\/index.php\/wp-json\/wp\/v2\/posts\/31785\/revisions"}],"wp:featuredmedia":[{"embeddable":true,"href":"https:\/\/monde25.info\/index.php\/wp-json\/wp\/v2\/media\/27996"}],"wp:attachment":[{"href":"https:\/\/monde25.info\/index.php\/wp-json\/wp\/v2\/media?parent=31785"}],"wp:term":[{"taxonomy":"category","embeddable":true,"href":"https:\/\/monde25.info\/index.php\/wp-json\/wp\/v2\/categories?post=31785"},{"taxonomy":"post_tag","embeddable":true,"href":"https:\/\/monde25.info\/index.php\/wp-json\/wp\/v2\/tags?post=31785"}],"curies":[{"name":"wp","href":"https:\/\/api.w.org\/{rel}","templated":true}]}}