{"id":31804,"date":"2026-09-06T08:01:10","date_gmt":"2026-09-06T06:01:10","guid":{"rendered":"https:\/\/monde25.info\/index.php\/2026\/09\/06\/fini-lelevage-et-bienvenue-a-la-mine-la-transition-verte-detruit-la-culture-de-populations-autochtones-en-suede\/"},"modified":"2026-09-06T08:01:10","modified_gmt":"2026-09-06T06:01:10","slug":"fini-lelevage-et-bienvenue-a-la-mine-la-transition-verte-detruit-la-culture-de-populations-autochtones-en-suede","status":"publish","type":"post","link":"https:\/\/monde25.info\/index.php\/2026\/09\/06\/fini-lelevage-et-bienvenue-a-la-mine-la-transition-verte-detruit-la-culture-de-populations-autochtones-en-suede\/","title":{"rendered":"Fini l&#039;\u00e9levage et bienvenue \u00e0 la mine\u00a0: la \u00ab\u00a0transition verte\u00a0\u00bb d\u00e9truit la culture de populations autochtones en Su\u00e8de"},"content":{"rendered":"<p><img loading=\"lazy\" decoding=\"async\" src=\"https:\/\/reporterre.net\/local\/cache-vignettes\/L700xH467\/img_8324_hd_pernot_260810-8c6d3.jpg?1788672601\" class=\"spip_logo\" width=\"700\" height=\"467\" alt=\"\" \/><\/p>\n<p>\u00c0 l&rsquo;approche des \u00e9lections, le gouvernement su\u00e9dois et certains partis menacent les droits des \u00e9leveurs autochtones S\u00e1mis. Ces derniers d\u00e9noncent un colonialisme vert, en raison des projets de mines, de barrages et de parcs \u00e9oliens qui mettent en p\u00e9ril leur mode de vie mill\u00e9naire. <br class=\"autobr\" \/><br \/>\nJokkmokk (Su\u00e8de), reportage Le coucher de soleil arctique plonge la for\u00eat de Kallak (G\u00e1llak, en same de Lule, langue parl\u00e9e en Laponie, dans le nord de la Su\u00e8de et de la Norv\u00e8ge) dans une douce lumi\u00e8re dor\u00e9e,\u00a0(\u2026)<\/p>\n<p>                    <a href=\"https:\/\/reporterre.net\/Fini-l-elevage-et-bienvenue-a-la-mine-la-transition-verte-detruit-la-culture-de?utm_source=RSS&amp;utm_medium=RSS\">Lire la suite<\/a><\/p>\n<p>                    &#8211;<br \/>\n                        <a href=\"https:\/\/reporterre.net\/Reportage\" rel=\"directory\">Reportage<\/a><\/p>\n<p>                    \/<br \/>\n                        <a href=\"https:\/\/reporterre.net\/Nature\" rel=\"tag\">Nature<\/a><br \/>\n                    ,<br \/>\n                        <a href=\"https:\/\/reporterre.net\/International\" rel=\"tag\">Monde<\/a><\/p>\n<p class=\"verinews-source\">Source : <a href=\"https:\/\/reporterre.net\/Fini-l-elevage-et-bienvenue-a-la-mine-la-transition-verte-detruit-la-culture-de\" target=\"_blank\" rel=\"nofollow noopener\">Lire l\u2019article original<\/a><\/p>\n","protected":false},"excerpt":{"rendered":"<p>\u00c0 l&rsquo;approche des \u00e9lections, le gouvernement su\u00e9dois et certains partis menacent les droits des \u00e9leveurs autochtones S\u00e1mis. Ces derniers d\u00e9noncent un colonialisme vert, en raison des projets de mines, de barrages et de parcs \u00e9oliens\u2026<\/p>\n","protected":false},"author":1,"featured_media":27996,"comment_status":"open","ping_status":"open","sticky":false,"template":"","format":"standard","meta":{"footnotes":""},"categories":[1],"tags":[],"class_list":["post-31804","post","type-post","status-publish","format-standard","has-post-thumbnail","hentry","category-non-classe"],"_links":{"self":[{"href":"https:\/\/monde25.info\/index.php\/wp-json\/wp\/v2\/posts\/31804","targetHints":{"allow":["GET"]}}],"collection":[{"href":"https:\/\/monde25.info\/index.php\/wp-json\/wp\/v2\/posts"}],"about":[{"href":"https:\/\/monde25.info\/index.php\/wp-json\/wp\/v2\/types\/post"}],"author":[{"embeddable":true,"href":"https:\/\/monde25.info\/index.php\/wp-json\/wp\/v2\/users\/1"}],"replies":[{"embeddable":true,"href":"https:\/\/monde25.info\/index.php\/wp-json\/wp\/v2\/comments?post=31804"}],"version-history":[{"count":0,"href":"https:\/\/monde25.info\/index.php\/wp-json\/wp\/v2\/posts\/31804\/revisions"}],"wp:featuredmedia":[{"embeddable":true,"href":"https:\/\/monde25.info\/index.php\/wp-json\/wp\/v2\/media\/27996"}],"wp:attachment":[{"href":"https:\/\/monde25.info\/index.php\/wp-json\/wp\/v2\/media?parent=31804"}],"wp:term":[{"taxonomy":"category","embeddable":true,"href":"https:\/\/monde25.info\/index.php\/wp-json\/wp\/v2\/categories?post=31804"},{"taxonomy":"post_tag","embeddable":true,"href":"https:\/\/monde25.info\/index.php\/wp-json\/wp\/v2\/tags?post=31804"}],"curies":[{"name":"wp","href":"https:\/\/api.w.org\/{rel}","templated":true}]}}