{"id":31810,"date":"2026-09-06T12:41:11","date_gmt":"2026-09-06T10:41:11","guid":{"rendered":"https:\/\/monde25.info\/index.php\/2026\/09\/06\/cisjordanie-le-journaliste-israelien-gideon-levy-qualifie-les-attaques-de-colons-israeliens-de-nettoyage-ethnique\/"},"modified":"2026-09-06T12:41:11","modified_gmt":"2026-09-06T10:41:11","slug":"cisjordanie-le-journaliste-israelien-gideon-levy-qualifie-les-attaques-de-colons-israeliens-de-nettoyage-ethnique","status":"publish","type":"post","link":"https:\/\/monde25.info\/index.php\/2026\/09\/06\/cisjordanie-le-journaliste-israelien-gideon-levy-qualifie-les-attaques-de-colons-israeliens-de-nettoyage-ethnique\/","title":{"rendered":"Cisjordanie : le journaliste isra\u00e9lien Gideon Levy qualifie les attaques de colons isra\u00e9liens de \u00abnettoyage ethnique\u00bb"},"content":{"rendered":"<p>par Halil \u0130brahim Medet. Levy affirme que cette campagne est syst\u00e9matique, soutenue par l\u2019arm\u00e9e et le gouvernement isra\u00e9liens, tandis que le faible taux de condamnation contribue \u00e0 une impunit\u00e9 de fait.<\/p>\n<p>The post <a href=\"https:\/\/reseauinternational.net\/cisjordanie-le-journaliste-israelien-gideon-levy-qualifie-les-attaques-de-colons-israeliens-de-nettoyage-ethnique\/\">Cisjordanie : le journaliste isra\u00e9lien Gideon Levy qualifie les attaques de colons isra\u00e9liens de \u00abnettoyage ethnique\u00bb<\/a> first appeared on <a href=\"https:\/\/reseauinternational.net\">R\u00e9seau International<\/a>.<\/p>\n<p class=\"verinews-source\">Source : <a href=\"https:\/\/reseauinternational.net\/cisjordanie-le-journaliste-israelien-gideon-levy-qualifie-les-attaques-de-colons-israeliens-de-nettoyage-ethnique\/\" target=\"_blank\" rel=\"nofollow noopener\">Lire l\u2019article original<\/a><\/p>\n","protected":false},"excerpt":{"rendered":"<p>par Halil \u0130brahim Medet. Levy affirme que cette campagne est syst\u00e9matique, soutenue par l\u2019arm\u00e9e et le gouvernement isra\u00e9liens, tandis que le faible taux de condamnation contribue \u00e0 une impunit\u00e9 de fait. The post Cisjordanie :\u2026<\/p>\n","protected":false},"author":1,"featured_media":27996,"comment_status":"open","ping_status":"open","sticky":false,"template":"","format":"standard","meta":{"footnotes":""},"categories":[1],"tags":[],"class_list":["post-31810","post","type-post","status-publish","format-standard","has-post-thumbnail","hentry","category-non-classe"],"_links":{"self":[{"href":"https:\/\/monde25.info\/index.php\/wp-json\/wp\/v2\/posts\/31810","targetHints":{"allow":["GET"]}}],"collection":[{"href":"https:\/\/monde25.info\/index.php\/wp-json\/wp\/v2\/posts"}],"about":[{"href":"https:\/\/monde25.info\/index.php\/wp-json\/wp\/v2\/types\/post"}],"author":[{"embeddable":true,"href":"https:\/\/monde25.info\/index.php\/wp-json\/wp\/v2\/users\/1"}],"replies":[{"embeddable":true,"href":"https:\/\/monde25.info\/index.php\/wp-json\/wp\/v2\/comments?post=31810"}],"version-history":[{"count":0,"href":"https:\/\/monde25.info\/index.php\/wp-json\/wp\/v2\/posts\/31810\/revisions"}],"wp:featuredmedia":[{"embeddable":true,"href":"https:\/\/monde25.info\/index.php\/wp-json\/wp\/v2\/media\/27996"}],"wp:attachment":[{"href":"https:\/\/monde25.info\/index.php\/wp-json\/wp\/v2\/media?parent=31810"}],"wp:term":[{"taxonomy":"category","embeddable":true,"href":"https:\/\/monde25.info\/index.php\/wp-json\/wp\/v2\/categories?post=31810"},{"taxonomy":"post_tag","embeddable":true,"href":"https:\/\/monde25.info\/index.php\/wp-json\/wp\/v2\/tags?post=31810"}],"curies":[{"name":"wp","href":"https:\/\/api.w.org\/{rel}","templated":true}]}}