{"id":31826,"date":"2026-09-06T20:41:13","date_gmt":"2026-09-06T18:41:13","guid":{"rendered":"https:\/\/monde25.info\/index.php\/2026\/09\/06\/vaccin-moderna-a-arnm-nest-ni-un-vaccin-et-ne-guerit-pas-le-cancer-dixit-jean-marc-sabatier\/"},"modified":"2026-09-06T20:41:13","modified_gmt":"2026-09-06T18:41:13","slug":"vaccin-moderna-a-arnm-nest-ni-un-vaccin-et-ne-guerit-pas-le-cancer-dixit-jean-marc-sabatier","status":"publish","type":"post","link":"https:\/\/monde25.info\/index.php\/2026\/09\/06\/vaccin-moderna-a-arnm-nest-ni-un-vaccin-et-ne-guerit-pas-le-cancer-dixit-jean-marc-sabatier\/","title":{"rendered":"Vaccin Moderna \u00e0 ARNm n\u2019est ni un vaccin et ne gu\u00e9rit pas le cancer, dixit Jean-Marc Sabatier"},"content":{"rendered":"<p><img loading=\"lazy\" decoding=\"async\" width=\"768\" height=\"432\" src=\"https:\/\/i0.wp.com\/www.lelibrepenseur.org\/wp-content\/uploads\/2026\/09\/maxresdefault-7.jpg?fit=768%2C432&amp;ssl=1\" class=\"webfeedsFeaturedVisual wp-post-image\" alt=\"Vaccin Moderna \u00e0 ARNm n&apos;est ni un vaccin et ne gu\u00e9rit pas le cancer, dixit Jean-Marc Sabatier\" style=\"display: block;margin-bottom: 5px;clear:both;max-width: 100%\" data-attachment-id=\"6068885\" data-permalink=\"https:\/\/www.lelibrepenseur.org\/moderna-arnm-cancer-mensonges\/maxresdefault-7-2\/\" data-orig-file=\"https:\/\/i0.wp.com\/www.lelibrepenseur.org\/wp-content\/uploads\/2026\/09\/maxresdefault-7.jpg?fit=1280%2C720&amp;ssl=1\" data-orig-size=\"1280,720\" data-comments-opened=\"1\" data-image-meta=\"{&quot;aperture&quot;:&quot;0&quot;,&quot;credit&quot;:&quot;&quot;,&quot;camera&quot;:&quot;&quot;,&quot;caption&quot;:&quot;&quot;,&quot;created_timestamp&quot;:&quot;0&quot;,&quot;copyright&quot;:&quot;&quot;,&quot;focal_length&quot;:&quot;0&quot;,&quot;iso&quot;:&quot;0&quot;,&quot;shutter_speed&quot;:&quot;0&quot;,&quot;title&quot;:&quot;&quot;,&quot;orientation&quot;:&quot;0&quot;,&quot;alt&quot;:&quot;&quot;}\" data-image-title=\"Vaccin Moderna \u00e0 ARNm n&amp;rsquo;est ni un vaccin et ne gu\u00e9rit pas le cancer, dixit Jean-Marc Sabatier\" data-image-description=\"\" data-image-caption=\"&lt;p&gt;Vaccin Moderna \u00e0 ARNm n&amp;rsquo;est ni un vaccin et ne gu\u00e9rit pas le cancer, dixit Jean-Marc Sabatier&lt;\/p&gt;\n\" data-medium-file=\"https:\/\/i0.wp.com\/www.lelibrepenseur.org\/wp-content\/uploads\/2026\/09\/maxresdefault-7.jpg?fit=300%2C169&amp;ssl=1\" data-large-file=\"https:\/\/i0.wp.com\/www.lelibrepenseur.org\/wp-content\/uploads\/2026\/09\/maxresdefault-7.jpg?fit=1024%2C576&amp;ssl=1\" \/><\/p>\n<div class=\"intro-text\">\n<p class=\"isSelectedEnd\" data-rm-block-id=\"block-1\"><span class=\"dropcap \" style=\"background-color: #ffffff;color: #000000;border-color: #ffffff\"><strong>J<\/strong><\/span>ean-Marc Sabatier analyse les annonces de Moderna concernant un vaccin \u00e0 ARN messager personnalis\u00e9 contre le m\u00e9lanome. Il rappelle qu\u2019il s\u2019agit essentiellement d\u2019un <strong>traitement pr\u00e9ventif de la r\u00e9cidive<\/strong>, et non d\u2019un traitement d\u2019un cancer actuellement pr\u00e9sent : les tumeurs ont \u00e9t\u00e9 retir\u00e9es chirurgicalement.<\/p>\n<p class=\"isSelectedEnd\" data-rm-block-id=\"block-2\">Le principe consiste \u00e0 analyser la tumeur de chaque patient, identifier ses mutations et s\u00e9lectionner des <strong>n\u00e9o-antig\u00e8nes<\/strong> sp\u00e9cifiques afin de fabriquer un ARN messager personnalis\u00e9. Celui-ci doit permettre &#8211; th\u00e9oriquement &#8211; au syst\u00e8me immunitaire de mieux reconna\u00eetre d\u2019\u00e9ventuelles cellules canc\u00e9reuses r\u00e9siduelles.<\/p>\n<p class=\"isSelectedEnd\" data-rm-block-id=\"block-4\">Pire ! Le traitement est associ\u00e9 au <strong>Keytruda (pembrolizumab)<\/strong>, qui stimule l\u2019activit\u00e9 des lymphocytes T en bloquant la voie PD-1\/PD-L1. Du coup comment savoir si l&rsquo;ARNm est efficace ? Il estime qu\u2019il faut rester prudent, notamment parce que les r\u00e9sultats d\u00e9taill\u00e9s de la phase 3 n\u2019\u00e9taient pas encore publi\u00e9s au moment de l\u2019interview.<\/p>\n<p class=\"isSelectedEnd\" data-rm-block-id=\"block-7\">Il insiste \u00e9galement sur la complexit\u00e9 biologique de cette technologie et \u00e9voque plusieurs risques potentiels li\u00e9s \u00e0 la conception et \u00e0 la traduction des ARN messagers. D&rsquo;autant que les effets ind\u00e9sirables graves \u00e9taient nombreux !<\/p>\n<h3 data-rm-block-id=\"block-7\"><strong>Moderna et Wall Street&#8230;<\/strong><\/h3>\n<p class=\"isSelectedEnd\" data-rm-block-id=\"block-8\">Il critique enfin la communication de Moderna, qu\u2019il juge excessivement spectaculaire au regard des donn\u00e9es alors disponibles. La presse s&rsquo;est excit\u00e9e pour un vulgaire \u00ab\u00a0communiqu\u00e9\u00a0\u00bb de l&rsquo;entreprise, pas un article scientifique vu que l&rsquo;\u00e9tude est toujours en cours ! Sans oublier le <a href=\"https:\/\/www.lemonde.fr\/economie\/article\/2026\/08\/20\/moderna-saluee-par-wall-street-pour-l-efficacite-promise-d-un-traitement-utilisant-l-arn-messager-contre-le-cancer-de-la-peau_6751196_3234.html\" target=\"_blank\" rel=\"noopener\">triplement<\/a> de son action boursi\u00e8re&#8230; Faut-il rappeler le <a href=\"https:\/\/www.lelibrepenseur.org\/effets-indesirables-graves-200-medecins-allemands-exigent-un-moratoire-sur-les-vaccins-a-arnm-anti-covid-19\/\">fiasco des injections<\/a> \u00e0 ARNm anti Covid-19 et leurs effets ind\u00e9sirables d\u00e9sastreux !<\/p>\n<p class=\"isSelectedEnd\" data-rm-block-id=\"block-9\">Pour lui, le m\u00e9lanome constitue une cible particuli\u00e8rement favorable car il pr\u00e9sente beaucoup de mutations et donc davantage de n\u00e9o-antig\u00e8nes exploitables.<\/p>\n<p data-rm-block-id=\"block-10\">En r\u00e9sum\u00e9, il consid\u00e8re qu\u2019il est trop t\u00f4t pour parler de <strong>r\u00e9volution<\/strong> contre le cancer et appelle \u00e0 attendre les donn\u00e9es compl\u00e8tes de phase 3. Ce que n&rsquo;importe quel vrai scientifique devrait faire pour s&rsquo;exprimer sur le sujet.<\/p>\n<hr data-rm-block-id=\"block-11\" \/>\n<\/div>\n<p>L\u2019article <a rel=\"nofollow\" href=\"https:\/\/www.lelibrepenseur.org\/moderna-arnm-cancer-mensonges\/\">Vaccin Moderna \u00e0 ARNm n&rsquo;est ni un vaccin et ne gu\u00e9rit pas le cancer, dixit Jean-Marc Sabatier<\/a> est apparu en premier sur <a rel=\"nofollow\" href=\"https:\/\/www.lelibrepenseur.org\">Le Libre Penseur<\/a>.<\/p>\n<p class=\"verinews-source\">Source : <a href=\"https:\/\/www.lelibrepenseur.org\/moderna-arnm-cancer-mensonges\/\" target=\"_blank\" rel=\"nofollow noopener\">Lire l\u2019article original<\/a><\/p>\n","protected":false},"excerpt":{"rendered":"<p>Jean-Marc Sabatier analyse les annonces de Moderna concernant un vaccin \u00e0 ARN messager personnalis\u00e9 contre le m\u00e9lanome. Il rappelle qu\u2019il s\u2019agit essentiellement d\u2019un traitement pr\u00e9ventif de la r\u00e9cidive, et non d\u2019un traitement d\u2019un cancer actuellement\u2026<\/p>\n","protected":false},"author":1,"featured_media":31827,"comment_status":"open","ping_status":"open","sticky":false,"template":"","format":"standard","meta":{"footnotes":""},"categories":[1],"tags":[],"class_list":["post-31826","post","type-post","status-publish","format-standard","has-post-thumbnail","hentry","category-non-classe"],"_links":{"self":[{"href":"https:\/\/monde25.info\/index.php\/wp-json\/wp\/v2\/posts\/31826","targetHints":{"allow":["GET"]}}],"collection":[{"href":"https:\/\/monde25.info\/index.php\/wp-json\/wp\/v2\/posts"}],"about":[{"href":"https:\/\/monde25.info\/index.php\/wp-json\/wp\/v2\/types\/post"}],"author":[{"embeddable":true,"href":"https:\/\/monde25.info\/index.php\/wp-json\/wp\/v2\/users\/1"}],"replies":[{"embeddable":true,"href":"https:\/\/monde25.info\/index.php\/wp-json\/wp\/v2\/comments?post=31826"}],"version-history":[{"count":0,"href":"https:\/\/monde25.info\/index.php\/wp-json\/wp\/v2\/posts\/31826\/revisions"}],"wp:featuredmedia":[{"embeddable":true,"href":"https:\/\/monde25.info\/index.php\/wp-json\/wp\/v2\/media\/31827"}],"wp:attachment":[{"href":"https:\/\/monde25.info\/index.php\/wp-json\/wp\/v2\/media?parent=31826"}],"wp:term":[{"taxonomy":"category","embeddable":true,"href":"https:\/\/monde25.info\/index.php\/wp-json\/wp\/v2\/categories?post=31826"},{"taxonomy":"post_tag","embeddable":true,"href":"https:\/\/monde25.info\/index.php\/wp-json\/wp\/v2\/tags?post=31826"}],"curies":[{"name":"wp","href":"https:\/\/api.w.org\/{rel}","templated":true}]}}