{"id":3186,"date":"2025-02-23T10:58:37","date_gmt":"2025-02-23T09:58:37","guid":{"rendered":"https:\/\/monde25.info\/index.php\/2025\/02\/23\/les-europeens-redouteraient-un-retrait-des-troupes-americaines-selon-bild-rt-en-francais\/"},"modified":"2025-02-23T10:58:37","modified_gmt":"2025-02-23T09:58:37","slug":"les-europeens-redouteraient-un-retrait-des-troupes-americaines-selon-bild-rt-en-francais","status":"publish","type":"post","link":"https:\/\/monde25.info\/index.php\/2025\/02\/23\/les-europeens-redouteraient-un-retrait-des-troupes-americaines-selon-bild-rt-en-francais\/","title":{"rendered":"les Europ\u00e9ens redouteraient un retrait des troupes am\u00e9ricaines, selon Bild \u2014 RT en fran\u00e7ais"},"content":{"rendered":"<p> <br \/>\n<br \/><img decoding=\"async\" src=\"https:\/\/mf.b37mrtl.ru\/french\/images\/2025.02\/thumbnail\/67bae01887f3ec46fe486399.jpg\" \/><\/p>\n<div>\n<p class=\"text__summary\">\n                                        L&rsquo;Europe craindrait un retrait des troupes am\u00e9ricaines du Vieux continent dans le cadre des pourparlers entre la Russie et les \u00c9tats-Unis, a affirm\u00e9 le 19 f\u00e9vrier le quotidien allemand Bild, citant des sources diplomatiques europ\u00e9ennes ainsi qu&rsquo;un responsable de la s\u00e9curit\u00e9 d&rsquo;Europe de l&rsquo;Est.\n                                    <\/p>\n<p>Le 19 f\u00e9vrier, le\u00a0journal allemand\u00a0<em>Bild<\/em>, citant des sources, a <a target=\"_blank\" href=\"https:\/\/www.bild.de\/politik\/ausland-und-internationales\/ukraine-krieg-europa-in-angst-geheimdienste-fuerchten-schon-us-abzug-67b479a5a918eb195a71efba\" target=\"_blank\" rel=\"noopener noreferrer\">rapport\u00e9<\/a>\u00a0que les politiciens occidentaux redouteraient un retrait des troupes am\u00e9ricaines dans de \u00abgrandes parties\u00bb de l&rsquo;Europe apr\u00e8s les pourparlers entre les pr\u00e9sidents Trump et Poutine \u00e0 Riyad.\u00a0<\/p>\n<p>\u00abSelon nos informations, ce sont les exigences de Poutine \u00e0 partir de 2021, \u00e0 savoir le retrait des troupes am\u00e9ricaines de tous les \u00c9tats de l&rsquo;OTAN qui ont rejoint l&rsquo;alliance apr\u00e8s 1990\u00bb, a\u00a0relat\u00e9 le quotidien, citant un responsable de la s\u00e9curit\u00e9 d&rsquo;Europe de l&rsquo;Est.<\/p>\n<p>Citant\u00a0de \u00abnombreux experts\u00bb, le quotidien\u00a0\u00e9voque la crainte d&rsquo;une\u00a0\u00abinvasion\u00bb russe dans les \u00c9tats baltes. <em>Bild<\/em> affirme par ailleurs que, selon ses informations, l&rsquo;Italie se\u00a0pr\u00e9parerait \u00e0 un\u00a0\u00e9ventuel retrait am\u00e9ricain du Kosovo, qui abrite pourtant l&rsquo;une de leur plus grande base sur le Vieux continent : le camp Bondsteel. Un sc\u00e9nario que des diplomates allemands auraient,\u00a0aupr\u00e8s de <em>Bild<\/em>, jug\u00e9\u00a0\u00abconcevable\u00bb.<\/p>\n<p>Cons\u00e9quences ? \u00abLes alli\u00e9s europ\u00e9ens se tiendraient seuls dans les Balkans contre l\u2019ami de Poutine, Aleksandar Vucic, et sa puissante arm\u00e9e serbe\u00bb,\u00a0avertit le quotidien allemand.<\/p>\n<p>Selon ce dernier, \u00abseules\u00bb la base am\u00e9ricaine de Ramstein, en Allemagne, et\u00a0les bases a\u00e9riennes au Royaume-Uni ne seraient pas concern\u00e9es. \u00abLe reste de l&rsquo;Europe doit se pr\u00e9parer \u00e0 de profonds changements si Trump et Poutine parviennent \u00e0 un accord\u00bb, a conclu <em>Bild<\/em>.<\/p>\n<h2>Secr\u00e9taire\u00a0am\u00e9ricain \u00e0 la D\u00e9fense : \u00abOn ne peut pas supposer que la pr\u00e9sence de l&rsquo;Am\u00e9rique durera \u00e9ternellement\u00bb<\/h2>\n<p>Interrog\u00e9 lors d&rsquo;une conf\u00e9rence de presse\u00a0\u00e0 Mar-a-Logo sur un d\u00e9ploiement europ\u00e9en en Ukraine, le 18 f\u00e9vrier, Donald Trump a d\u00e9clar\u00e9 que les \u00c9tats-Unis n&rsquo;y participeraient pas. \u00abPersonne ne m\u2019a demand\u00e9 de retirer toutes les troupes am\u00e9ricaines d\u2019Europe en cas d\u2019accord de paix, donc je ne pense pas que nous aurons \u00e0 le faire\u00bb, a-t-il alors ajout\u00e9. Avant de poursuivre :\u00a0\u00abJe ne le souhaiterais pas. Mais la question ne s&rsquo;est jamais vraiment pos\u00e9e.\u00bb<\/p>\n<p>Le\u00a014 f\u00e9vrier, lors d&rsquo;une conf\u00e9rence de presse \u00e0 Varsovie, les responsables am\u00e9ricains ont soulign\u00e9 la d\u00e9pendance de l&rsquo;Europe vis-\u00e0-vis de la contribution am\u00e9ricaine \u00e0 leur d\u00e9fense. Ainsi, le secr\u00e9taire am\u00e9ricain \u00e0 la D\u00e9fense, Pete Hegseth, a <a target=\"_blank\" href=\"https:\/\/www.cnn.com\/world\/live-news\/ukraine-russia-nato-war-negotiations-02-14-25-intl#cm74obesh001q3b6myhv4izc1\" target=\"_blank\" rel=\"noopener noreferrer\">d\u00e9clar\u00e9<\/a>\u00a0qu&rsquo;il \u00e9tait \u00abtemps pour l&rsquo;Europe d&rsquo;investir\u00bb.<\/p>\n<p>\u00abNotre message \u00e0 nos alli\u00e9s europ\u00e9ens est si clair : il est temps d&rsquo;investir, parce qu&rsquo;on ne peut pas supposer que la pr\u00e9sence am\u00e9ricaine durera \u00e9ternellement\u00bb, a-t-il d\u00e9clar\u00e9.<\/p>\n<p>Plus tard, le ministre lituanien des Affaires \u00e9trang\u00e8res, Kestutis Budrys, a <a target=\"_blank\" href=\"https:\/\/www.lrt.lt\/naujienos\/lietuvoje\/2\/2490070\/budrys-laikotarpis-kai-europa-gali-remtis-jav-karinemis-garantijomis-baigesi\" target=\"_blank\" rel=\"noopener noreferrer\">avanc\u00e9<\/a>\u00a0une id\u00e9e similaire. Selon lui, \u00abla p\u00e9riode o\u00f9 l\u2019Europe pouvait compter sur la pr\u00e9sence et les garanties militaires des \u00c9tats-Unis est termin\u00e9e\u00bb. \u00abSi l\u2019Europe n\u2019intervient pas en disant qu\u2019elle a des capacit\u00e9s et qu\u2019elle peut r\u00e9gler \u00e7a en cinq ou dix ans, \u00e7a ira mal\u00bb, a-t-il ajout\u00e9.<\/p>\n<p>D\u00e9but janvier, Donald Trump a <a target=\"_blank\" href=\"https:\/\/www.c-span.org\/program\/news-conference\/president-elect-trump-delivers-remarks-to-the-press\/654093\" target=\"_blank\" rel=\"noopener noreferrer\">d\u00e9clar\u00e9<\/a>\u00a0que les pays de l&rsquo;OTAN devraient\u00a0porter\u00a0leurs d\u00e9penses annuelles en mati\u00e8re de d\u00e9fense \u00e0 5% de leur PIB, au lieu des 2% actuellement exig\u00e9s dans le cadre du bloc militaire.<\/p>\n<\/div>\n<p><br \/>\n<br \/><a href=\"https:\/\/francais.rt.com\/international\/117165-europe-craint-retrait-troupes-americaines\" target=\"_blank\"\">Source link <\/a><\/p>\n","protected":false},"excerpt":{"rendered":"<p>L&rsquo;Europe craindrait un retrait des troupes am\u00e9ricaines du Vieux continent dans le cadre des pourparlers entre la Russie et les \u00c9tats-Unis, a affirm\u00e9 le 19 f\u00e9vrier le quotidien allemand Bild,&hellip; <\/p>\n","protected":false},"author":1,"featured_media":3187,"comment_status":"open","ping_status":"open","sticky":false,"template":"","format":"standard","meta":{"footnotes":""},"categories":[1],"tags":[],"class_list":["post-3186","post","type-post","status-publish","format-standard","has-post-thumbnail","hentry","category-non-classe"],"_links":{"self":[{"href":"https:\/\/monde25.info\/index.php\/wp-json\/wp\/v2\/posts\/3186","targetHints":{"allow":["GET"]}}],"collection":[{"href":"https:\/\/monde25.info\/index.php\/wp-json\/wp\/v2\/posts"}],"about":[{"href":"https:\/\/monde25.info\/index.php\/wp-json\/wp\/v2\/types\/post"}],"author":[{"embeddable":true,"href":"https:\/\/monde25.info\/index.php\/wp-json\/wp\/v2\/users\/1"}],"replies":[{"embeddable":true,"href":"https:\/\/monde25.info\/index.php\/wp-json\/wp\/v2\/comments?post=3186"}],"version-history":[{"count":0,"href":"https:\/\/monde25.info\/index.php\/wp-json\/wp\/v2\/posts\/3186\/revisions"}],"wp:featuredmedia":[{"embeddable":true,"href":"https:\/\/monde25.info\/index.php\/wp-json\/wp\/v2\/media\/3187"}],"wp:attachment":[{"href":"https:\/\/monde25.info\/index.php\/wp-json\/wp\/v2\/media?parent=3186"}],"wp:term":[{"taxonomy":"category","embeddable":true,"href":"https:\/\/monde25.info\/index.php\/wp-json\/wp\/v2\/categories?post=3186"},{"taxonomy":"post_tag","embeddable":true,"href":"https:\/\/monde25.info\/index.php\/wp-json\/wp\/v2\/tags?post=3186"}],"curies":[{"name":"wp","href":"https:\/\/api.w.org\/{rel}","templated":true}]}}