{"id":3192,"date":"2025-02-23T13:09:47","date_gmt":"2025-02-23T12:09:47","guid":{"rendered":"https:\/\/monde25.info\/index.php\/2025\/02\/23\/les-palestiniens-arrivent-par-milliers-au-nord-de-la-bande-de-gaza-enfant-de-la-societe-sott-net\/"},"modified":"2025-02-23T13:09:47","modified_gmt":"2025-02-23T12:09:47","slug":"les-palestiniens-arrivent-par-milliers-au-nord-de-la-bande-de-gaza-enfant-de-la-societe-sott-net","status":"publish","type":"post","link":"https:\/\/monde25.info\/index.php\/2025\/02\/23\/les-palestiniens-arrivent-par-milliers-au-nord-de-la-bande-de-gaza-enfant-de-la-societe-sott-net\/","title":{"rendered":"les Palestiniens arrivent par milliers au nord de la bande de Gaza \u2014 Enfant de la Soci\u00e9t\u00e9 \u2014 Sott.net"},"content":{"rendered":"<p> <br \/>\n<\/p>\n<div>\n      Lundi, en fin de journ\u00e9e, 300 000 Palestiniens d\u00e9plac\u00e9s de force ont regagn\u00e9 la ville et le nord de Gaza pour la premi\u00e8re fois depuis le d\u00e9but de la guerre g\u00e9nocidaire d&rsquo;Isra\u00ebl.<br \/>\n<\/p>\n<div class=\"article-image-super to-center\"><a target=\"_blank\" href=\"https:\/\/fr.sott.net\/image\/s36\/722270\/full\/00_78.jpg\" target=\"_blank\" title=\"\u00a9 Doaa Albaz \/ Activestills\"><img decoding=\"async\" src=\"https:\/\/fr.sott.net\/image\/s36\/722270\/super\/00_78.jpg\" alt=\"gtyh\" title=\"Cliquer pour agrandir\"\/><\/a><\/p>\n<p><span class=\"tiny\">\u00a9 Doaa Albaz \/ Activestills<\/span><span class=\"caption\">27 janvier 2025 &#8211; Des milliers de Palestiniens d\u00e9plac\u00e9s empruntant la route c\u00f4ti\u00e8re d&rsquo;al-Rashid commencent \u00e0 regagner ce qui reste de leurs maisons dans le nord de la bande de Gaza et retrouvent leurs proches pour la premi\u00e8re fois depuis de nombreux mois, \u00e0 la suite de l&rsquo;accord de cessez-le-feu.<\/span><\/p>\n<\/div>\n<p>Une v\u00e9ritable vague humaine s&rsquo;est engouffr\u00e9e dans les deux voies de la rue al-Rashid, la route c\u00f4ti\u00e8re de l&rsquo;ouest de la bande de Gaza d\u00e9sign\u00e9e pour le retour vers le nord dans le cadre de l&rsquo;accord de <a target=\"_blank\" href=\"https:\/\/www.chroniquepalestine.com\/tag\/cessez-le-feu\">cessez-le-feu<\/a> entre Isra\u00ebl et le <a target=\"_blank\" href=\"https:\/\/www.chroniquepalestine.com\/tag\/hamas\">Hamas<\/a>.<\/p>\n<p>Alors que des milliers et des milliers de personnes marchaient \u00e0 l&rsquo;ouest, \u00e0 l&rsquo;est, les v\u00e9hicules \u00e9taient align\u00e9s, pare-chocs contre pare-chocs et autoris\u00e9s \u00e0 passer apr\u00e8s inspection dans la rue Salah al-Din.<\/p>\n<p>Telles \u00e9taient les sc\u00e8nes \u00e0 Gaza lundi, alors que des centaines de milliers de Palestiniens qui avaient \u00e9t\u00e9 d\u00e9plac\u00e9s dans le sud de la bande de Gaza depuis le d\u00e9but de la guerre commen\u00e7aient \u00e0 rentrer chez eux.<\/p>\n<p>Les familles qui ont parl\u00e9 \u00e0 <em>Mondoweiss<\/em> ont exprim\u00e9 leur joie et leurs sentiments d&rsquo;espoir en traversant le nord de la bande de Gaza, o\u00f9 ce qui restait de leurs maisons les attendait.<\/p>\n<p>Les habitants de la ville de Gaza attendaient leurs proches d\u00e9plac\u00e9s venant du sud, brandissant des drapeaux palestiniens et des signes de victoire et accueillant les rapatri\u00e9s.<br \/>\n<\/p>\n<div class=\"article-image-super to-center\"><a target=\"_blank\" href=\"https:\/\/fr.sott.net\/image\/s36\/722265\/full\/01_7.jpg\" target=\"_blank\" title=\"\u00a9 ousef Al-Zanoun \/ Activestills\"><img decoding=\"async\" loading=\"lazy\" src=\"https:\/\/fr.sott.net\/image\/s36\/722265\/super\/01_7.jpg\" alt=\"ghjk\" title=\"Cliquer pour agrandir\"\/><\/a><\/p>\n<p><span class=\"tiny\">\u00a9 ousef Al-Zanoun \/ Activestills<\/span><\/p>\n<\/div>\n<p>\u00ab Nous avons tout endur\u00e9 pendant la guerre et nous sommes rest\u00e9s forts, mais nous avons encore pleur\u00e9 davantage lorsque nous avons rencontr\u00e9 nos proches apr\u00e8s \u00eatre rentr\u00e9s chez nous \u00bb, a d\u00e9clar\u00e9 \u00e0 <em>Mondoweiss<\/em> Ahmad Hussam, une personne qui est retourn\u00e9e dans le nord de la bande de Gaza.<\/p>\n<p>Depuis vendredi soir dernier, les familles ont d\u00e9mont\u00e9 leurs tentes dans le sud de la bande de Gaza et se sont dirig\u00e9es vers le point le plus proche sur l&rsquo;axe de Netzarim, en attendant de faire le voyage pour retourner chez elles dans le nord de la bande de Gaza.<\/p>\n<p>Nombre d&rsquo;entre elles ont camp\u00e9 dans le froid pendant la nuit afin d&rsquo;\u00eatre les premi\u00e8res \u00e0 \u00eatre autoris\u00e9es \u00e0 passer.<\/p>\n<div class=\"article-image-super to-center\"><a target=\"_blank\" href=\"https:\/\/fr.sott.net\/image\/s36\/722268\/full\/03_1.jpg\" target=\"_blank\" title=\"\u00a9 Yousef Al-Zanoun \/ Activestills\"><img decoding=\"async\" loading=\"lazy\" src=\"https:\/\/fr.sott.net\/image\/s36\/722268\/super\/03_1.jpg\" alt=\"opiu\" title=\"Cliquer pour agrandir\"\/><\/a><\/p>\n<p><span class=\"tiny\">\u00a9 Yousef Al-Zanoun \/ Activestills<\/span><\/p>\n<\/div>\n<p>Conform\u00e9ment \u00e0 l&rsquo;accord de cessez-le-feu, les personnes d\u00e9plac\u00e9es \u00e9taient cens\u00e9es rentrer chez elles dans le nord de la bande de Gaza dimanche matin, mais Isra\u00ebl a fait obstruction \u00e0 leur retour sous pr\u00e9texte qu&rsquo;une prisonni\u00e8re isra\u00e9lienne, <a target=\"_blank\" href=\"https:\/\/english.almayadeen.net\/news\/politics\/israeli-captive-yehoud-urges-trump--netanyahu-to-guarantee-c\">Arbel Yehuda,<\/a> ne figurait pas parmi les quatre femmes soldats lib\u00e9r\u00e9es par le Hamas samedi.<\/p>\n<p>Arbel Yehuda n&rsquo;est pas d\u00e9tenue par le Hamas, mais par le <a target=\"_blank\" href=\"https:\/\/www.chroniquepalestine.com\/tag\/jihad-islamique\">Jihad islamique<\/a> palestinien \u00e0 Gaza.<\/p>\n<p>Dimanche, les m\u00e9dias locaux ont rapport\u00e9 qu&rsquo;un accord avait \u00e9t\u00e9 trouv\u00e9. La prisonni\u00e8re isra\u00e9lienne serait remise avant samedi prochain, date \u00e0 laquelle l&rsquo;\u00e9change r\u00e9gulier de <a target=\"_blank\" href=\"https:\/\/www.chroniquepalestine.com\/tag\/prisonniers\">prisonniers<\/a> est cens\u00e9 avoir lieu.<\/p>\n<p>Lundi soir, le bureau des m\u00e9dias du gouvernement \u00e0 Gaza a d\u00e9clar\u00e9 que 300 000 Palestiniens \u00e9taient arriv\u00e9s dans la ville de Gaza et dans le nord de Gaza en provenance du sud.<\/p>\n<div class=\"article-image-super to-center\"><a target=\"_blank\" href=\"https:\/\/fr.sott.net\/image\/s36\/722271\/full\/02_19.jpg\" target=\"_blank\" title=\"\u00a9 Yousef Al-Zanoun \/ Activestills\"><img decoding=\"async\" loading=\"lazy\" src=\"https:\/\/fr.sott.net\/image\/s36\/722271\/super\/02_19.jpg\" alt=\"fghj\" title=\"Cliquer pour agrandir\"\/><\/a><\/p>\n<p><span class=\"tiny\">\u00a9 Yousef Al-Zanoun \/ Activestills<\/span><\/p>\n<\/div>\n<p><span class=\"BoldGrey\">\u00ab J&rsquo;ai r\u00eav\u00e9 de ce moment toutes les nuits \u00bb<\/span><\/p>\n<p>La joie est palpable parmi les foules qui envahissent le nord de Gaza, retournant chez elles apr\u00e8s 15 mois de d\u00e9placement.<\/p>\n<p>Fatima Abd Rabbo, 44 ans, porte un sac sur le dos et marche vers le nord. Elle sait que sa maison dans le quartier de Jabalia a \u00e9t\u00e9 d\u00e9truite et qu&rsquo;elle dormira au milieu de ses d\u00e9combres, mais elle ne peut contenir sa joie d&rsquo;avoir surv\u00e9cu \u00e0 15 mois de <a target=\"_blank\" href=\"https:\/\/www.chroniquepalestine.com\/alors-que-sa-guerre-est-perdue-letat-genocidaire-s-obstine-a-massacrer-les-civils\/\">guerre g\u00e9nocidaire<\/a> et que ses enfants reviennent avec elle.<\/p>\n<p>\u00ab Mes sentiments aujourd&rsquo;hui sont indescriptibles ; c&rsquo;est comme si un poids avait \u00e9t\u00e9 enlev\u00e9 de nos \u00e9paules \u00bb, d\u00e9clare Fatima. \u00ab M\u00eame si nous ne savons pas ce que nous ferons une fois rentr\u00e9s chez nous, nous sommes heureux. Nous pouvons tout reconstruire tant que nous sommes sur notre terre et en bonne sant\u00e9 \u00bb.<\/p>\n<p>\u00ab J&rsquo;ai r\u00eav\u00e9 de ce moment toutes les nuits \u00bb, poursuit-elle en marchant. \u00ab Dieu merci, nous avons v\u00e9cu pour le voir. \u00bb \u00ab Cette fois, je ne quitterai pas ma maison, quoi qu&rsquo;il arrive \u00bb, jure Fatima.<\/p>\n<p>Fatima et sa famille vivent dans une tente \u00e0 Khan Younis depuis plusieurs mois. Bien qu&rsquo;elle se dirigeait vers sa maison d\u00e9truite, elle ne pouvait pas transporter toutes ses affaires \u00e0 pied. Elle a donc laiss\u00e9 la moiti\u00e9 de ses affaires \u00e0 Khan Younis, restant sans oreillers, couvertures ou matelas pour dormir.<\/p>\n<p>\u00ab Nous avons emport\u00e9 la moiti\u00e9 de nos biens pour att\u00e9nuer la difficult\u00e9 du voyage. Nous savons que nous souffrirons dans le nord et que nous dormirons sur les d\u00e9combres, mais nous sommes heureux parce que nous allons reconstruire \u00bb, dit-elle.<br \/>\n<\/p>\n<div class=\"article-image-super to-center\"><a target=\"_blank\" href=\"https:\/\/fr.sott.net\/image\/s36\/722272\/full\/05_1.jpg\" target=\"_blank\" title=\"\u00a9 Yousef Al-Zanoun \/ Activestills\"><img decoding=\"async\" loading=\"lazy\" src=\"https:\/\/fr.sott.net\/image\/s36\/722272\/super\/05_1.jpg\" alt=\"ghjk\" title=\"Cliquer pour agrandir\"\/><\/a><\/p>\n<p><span class=\"tiny\">\u00a9 Yousef Al-Zanoun \/ Activestills<\/span><\/p>\n<\/div>\n<p>Depuis l&rsquo;est de la bande de Gaza, via la rue Salah al-Din, les voitures se pressent \u00e0 l&rsquo;entr\u00e9e de l&rsquo;axe de Netzarim.<\/p>\n<p>Akram Safi, 36 ans, est assis dans sa voiture avec sa femme et ses enfants sur la banquette arri\u00e8re, sa petite fille tenant un morceau de papier d\u00e9chir\u00e9 d&rsquo;un cahier. Sur la page, on peut lire : \u00ab Retourner \u00e0 Gaza, la fiert\u00e9 \u00bb.<\/p>\n<p>Akram et sa famille ont attendu dans la voiture pendant deux nuits jusqu&rsquo;\u00e0 ce qu&rsquo;ils puissent entrer dans le nord.<\/p>\n<p>\u00ab Je retrouverai ma famille d\u00e8s mon arriv\u00e9e. Mes fr\u00e8res et s\u0153urs, nous ne les avons pas vus depuis le d\u00e9but de la guerre \u00bb, explique Akram \u00e0 <em>Mondoweiss<\/em>. \u00ab Nous remercions Dieu de nous voir revenir aujourd&rsquo;hui. Nous avons assez souffert dans les camps de d\u00e9plac\u00e9s. \u00bb<\/p>\n<p>\u00ab Il n&rsquo;y a pas de douleur comparable \u00e0 celle d&rsquo;\u00eatre priv\u00e9 de sa maison, et il n&rsquo;y a pas de bonheur comparable \u00e0 celui d&rsquo;y retourner \u00bb, ajoute-t-il.<\/p>\n<p>La <a target=\"_blank\" href=\"https:\/\/www.chroniquepalestine.com\/les-termes-du-cessez-le-feu-a-gaza\/\">premi\u00e8re phase<\/a> de l&rsquo;accord de cessez-le-feu avec Isra\u00ebl stipule que l&rsquo;arm\u00e9e isra\u00e9lienne doit se retirer des zones r\u00e9sidentielles de Gaza. Le retrait a commenc\u00e9 \u00e0 partir de l&rsquo;axe de Netzarim, qui s\u00e9pare le nord et le sud de la bande de Gaza, et s&rsquo;est poursuivi jusqu&rsquo;\u00e0 la fronti\u00e8re avec l&rsquo;\u00c9gypte et la zone tampon autour de la bande de Gaza.<\/p>\n<p>Apr\u00e8s la premi\u00e8re phase, qui durera 42 jours, deux autres phases devraient \u00eatre mises en \u0153uvre, dans le but de mettre un terme d\u00e9finitif \u00e0 la guerre. Les n\u00e9gociations pour la deuxi\u00e8me phase devraient commencer le seizi\u00e8me jour de la phase actuelle.<\/p>\n<p><em>Hasan Suleih a recueilli des t\u00e9moignages \u00e0 Gaza pour ce rapport.<\/em><\/p>\n<div class=\"article-image-small to-left\"><a target=\"_blank\" href=\"https:\/\/fr.sott.net\/image\/s36\/722273\/full\/04_13.jpg\" target=\"_blank\"><img decoding=\"async\" loading=\"lazy\" src=\"https:\/\/fr.sott.net\/image\/s36\/722273\/pod\/04_13.jpg\" alt=\"hyuj\" title=\"Cliquer pour agrandir\"\/><\/a><\/div>\n<p> * <strong>Tareq S. Hajjaj<\/strong> est un auteur et un membre de l&rsquo;Union des \u00e9crivains palestiniens. Il a \u00e9tudi\u00e9 la litt\u00e9rature anglaise \u00e0 l&rsquo;<a target=\"_blank\" href=\"http:\/\/www.alazhar.edu.ps\/eng\/\">universit\u00e9 Al-Azhar<\/a> de Gaza.<br \/>\n<br \/>Il a d\u00e9but\u00e9 sa carri\u00e8re dans le journalisme en 2015 en travaillant comme journaliste\/traducteur au journal local <a target=\"_blank\" href=\"https:\/\/www.alwatanvoice.com\/arabic\/index.html\">Donia al-Watan<\/a>, puis en \u00e9crivant en arabe et en anglais pour des organes internationaux tels que Elbadi, <a target=\"_blank\" href=\"https:\/\/www.middleeasteye.net\/fr\">MEE<\/a> et <a target=\"_blank\" href=\"https:\/\/www.al-monitor.com\/\">Al Monitor<\/a>. Aujourd&rsquo;hui, il \u00e9crit pour <a target=\"_blank\" href=\"https:\/\/wearenotnumbers.org\/\">We Are Not Numbers<\/a> et <a target=\"_blank\" href=\"https:\/\/mondoweiss.net\/\">Mondoweiss<\/a>.<br \/>\n<br \/>Son compte <a target=\"_blank\" href=\"https:\/\/twitter.com\/tareqshajjaj\">Twitter<\/a>.\n\t\t<\/div>\n<p><script async src=\"\/\/platform.twitter.com\/widgets.js\" charset=\"utf-8\"><\/script><br \/>\n<br \/><br \/>\n<br \/><a href=\"https:\/\/fr.sott.net\/article\/44211-Marche-du-Retour-historique-les-Palestiniens-arrivent-par-milliers-au-nord-de-la-bande-de-Gaza\" target=\"_blank\"\">Source link <\/a><\/p>\n","protected":false},"excerpt":{"rendered":"<p>Lundi, en fin de journ\u00e9e, 300 000 Palestiniens d\u00e9plac\u00e9s de force ont regagn\u00e9 la ville et le nord de Gaza pour la premi\u00e8re fois depuis le d\u00e9but de la guerre&hellip; <\/p>\n","protected":false},"author":1,"featured_media":3193,"comment_status":"open","ping_status":"open","sticky":false,"template":"","format":"standard","meta":{"footnotes":""},"categories":[1],"tags":[],"class_list":["post-3192","post","type-post","status-publish","format-standard","has-post-thumbnail","hentry","category-non-classe"],"_links":{"self":[{"href":"https:\/\/monde25.info\/index.php\/wp-json\/wp\/v2\/posts\/3192","targetHints":{"allow":["GET"]}}],"collection":[{"href":"https:\/\/monde25.info\/index.php\/wp-json\/wp\/v2\/posts"}],"about":[{"href":"https:\/\/monde25.info\/index.php\/wp-json\/wp\/v2\/types\/post"}],"author":[{"embeddable":true,"href":"https:\/\/monde25.info\/index.php\/wp-json\/wp\/v2\/users\/1"}],"replies":[{"embeddable":true,"href":"https:\/\/monde25.info\/index.php\/wp-json\/wp\/v2\/comments?post=3192"}],"version-history":[{"count":0,"href":"https:\/\/monde25.info\/index.php\/wp-json\/wp\/v2\/posts\/3192\/revisions"}],"wp:featuredmedia":[{"embeddable":true,"href":"https:\/\/monde25.info\/index.php\/wp-json\/wp\/v2\/media\/3193"}],"wp:attachment":[{"href":"https:\/\/monde25.info\/index.php\/wp-json\/wp\/v2\/media?parent=3192"}],"wp:term":[{"taxonomy":"category","embeddable":true,"href":"https:\/\/monde25.info\/index.php\/wp-json\/wp\/v2\/categories?post=3192"},{"taxonomy":"post_tag","embeddable":true,"href":"https:\/\/monde25.info\/index.php\/wp-json\/wp\/v2\/tags?post=3192"}],"curies":[{"name":"wp","href":"https:\/\/api.w.org\/{rel}","templated":true}]}}