{"id":3194,"date":"2025-02-23T14:49:29","date_gmt":"2025-02-23T13:49:29","guid":{"rendered":"https:\/\/monde25.info\/index.php\/2025\/02\/23\/les-pays-industrialises-sont-davantage-touches-2\/"},"modified":"2025-02-23T14:49:29","modified_gmt":"2025-02-23T13:49:29","slug":"les-pays-industrialises-sont-davantage-touches-2","status":"publish","type":"post","link":"https:\/\/monde25.info\/index.php\/2025\/02\/23\/les-pays-industrialises-sont-davantage-touches-2\/","title":{"rendered":"les pays industrialis\u00e9s sont davantage touch\u00e9s"},"content":{"rendered":"<p> <br \/>\n<\/p>\n<div>\n<p>    <span class=\"date\">21 f\u00e9vrier 2025  \u00e0 17h00<\/span><\/p>\n<p>    <span class=\"date_modif\">Mis \u00e0 jour le 23 f\u00e9vrier 2025 \u00e0 12h27<\/span>      <\/p>\n<p class=\"duree_lecture\">\n        Dur\u00e9e de lecture : 4 minutes\n      <\/p>\n<\/p><\/div>\n<div>\n<p>Vos yeux pleurent, vos narines picotent et votre gorge gratte<small class=\"fine d-inline\">\u00a0<\/small>? Pas de doute, la saison des pollens est \u2014 d\u00e9j\u00e0 \u2014 de retour. Pr\u00e8s de 80 d\u00e9partements ont \u00e9t\u00e9 plac\u00e9s en alerte rouge concernant le risque d\u2019allergie, par le <a target=\"_blank\" href=\"https:\/\/www.pollens.fr\/\" class=\"spip_out\" rel=\"external\">R\u00e9seau national de surveillance a\u00e9robiologique<\/a>. Le coupable\u00a0: un <a target=\"_blank\" href=\"https:\/\/reporterre.net\/L-hiver-2023-2024-le-3e-plus-chaud-en-France\">hiver tr\u00e8s doux<\/a> qui a favoris\u00e9 la floraison pr\u00e9coce de cypr\u00e8s, thuyas, gen\u00e9vriers, fr\u00eanes, noisetiers et aulnes dans tout le pays. Mais aussi notre mode de vie occidental, trop aseptis\u00e9.<\/p>\n<p>Pourquoi notre corps se met-il \u00e0 combattre des poussi\u00e8res inoffensives issues des plantes qui nous entourent<small class=\"fine d-inline\">\u00a0<\/small>? Pour les sp\u00e9cialistes, la r\u00e9ponse se trouve dans notre hygi\u00e9nisme.<\/p>\n<p>Nous vivons dans un environnement nettoy\u00e9, d\u00e9sinfect\u00e9 et javellis\u00e9 o\u00f9 les germes et bact\u00e9ries sont bien moins virulents qu\u2019autrefois. Faute d\u2019ennemi \u00e0 combattre, <i>\u00ab<small class=\"fine d-inline\">\u00a0<\/small>notre syst\u00e8me immunitaire se met \u00e0 lutter contre des agresseurs imaginaires<small class=\"fine d-inline\">\u00a0<\/small>\u00bb<\/i>, explique \u00e0 <i>Reporterre<\/i> Sophie Silcret-Grieu, allergologue \u00e0 Paris et membre de l\u2019association Asthme et Allergies. Pour quelle raison<small class=\"fine d-inline\">\u00a0<\/small>? <i>\u00ab<small class=\"fine d-inline\">\u00a0<\/small>Il y a beaucoup d\u2019hypoth\u00e8ses et peu de certitude<\/i>, dit la chercheuse. <i>C\u2019est une particularit\u00e9 du comportement immunitaire.<small class=\"fine d-inline\">\u00a0<\/small>\u00bb<\/i><\/p>\n<p><a target=\"_blank\" href=\"https:\/\/reporterre.net\/Allergies-au-pollen-les-urbains-particulierement-vulnerables\" class=\"lien_lireaussi\"><strong>Lire aussi : <\/strong> <span>Allergies au pollen\u00a0: les urbains particuli\u00e8rement vuln\u00e9rables<\/span><\/a><\/p>\n<p>Des \u00e9tudes montrent que les enfants \u00e9lev\u00e9s dans des fermes au contact avec des animaux, expos\u00e9s \u00e0 plus de germes, <a target=\"_blank\" href=\"https:\/\/www.lequotidiendumedecin.fr\/archives\/la-vie-la-ferme-protege-les-enfants-des-allergies\" class=\"spip_out\" rel=\"external\">d\u00e9veloppent moins de maladies allergiques<\/a>. On parle \u00e0 ce propos de <a target=\"_blank\" href=\"https:\/\/fr.wikipedia.org\/wiki\/Hypoth\u00e8se_hygi\u00e9niste\" class=\"spip_out\" rel=\"external\">l\u2019hypoth\u00e8se hygi\u00e9niste<\/a>. <i>\u00ab<small class=\"fine d-inline\">\u00a0<\/small>Dans les pays o\u00f9 les probl\u00e8mes infectieux sont au premier plan, il y a moins d\u2019allergies<small class=\"fine d-inline\">\u00a0<\/small>\u00bb<\/i>, poursuit Sophie Silcret-Grieu. Trop occup\u00e9 \u00e0 lutter contre des maladies mortelles, le corps humain ne consid\u00e8re plus les pollens comme des adversaires \u00e0 combattre.<\/p>\n<p><i>\u00ab<small class=\"fine d-inline\">\u00a0<\/small>Dans les pays o\u00f9 les probl\u00e8mes infectieux sont au premier plan, il y a moins d\u2019allergies. Mais il ne s\u2019agit pas d\u2019envoyer balader les vaccinations contre les maladies mortelles. Mieux vaut avoir le rhume des foins que le t\u00e9tanos<small class=\"fine d-inline\">\u00a0<\/small>\u00bb<\/i>.<\/p>\n<h2 class=\"spip\">Pollution et crise climatique<\/h2>\n<p>Dans les pays industrialis\u00e9s, un autre facteur aggrave notre r\u00e9activit\u00e9 aux allerg\u00e8nes. En irritant les voies respiratoires, la pollution rend plus sensibles les personnes allergiques. De plus, elle modifie la composition des pollens. <i>\u00ab<small class=\"fine d-inline\">\u00a0<\/small>Les grains de pollen sont comme des noix dont la partie allergisante se trouve dans la coquille. Les polluants ab\u00eement cette coquille. Ainsi, les allerg\u00e8nes sont plus expos\u00e9s<small class=\"fine d-inline\">\u00a0<\/small>\u00bb<\/i>, poursuit Sophie Silcret-Grieu. Les urbains sont donc encore <a target=\"_blank\" href=\"https:\/\/reporterre.net\/Allergies-au-pollen-les-urbains-particulierement-vulnerables\">plus expos\u00e9s que les habitants des campagnes<\/a>.<\/p>\n<p>Enfin, le <a target=\"_blank\" href=\"Qu-est-ce-que-le-rechauffement-climatique\">r\u00e9chauffement climatique<\/a> joue un r\u00f4le important dans l\u2019aggravation des allergies, avec des printemps pr\u00e9coces et plus ensoleill\u00e9s qui augmentent la quantit\u00e9 de pollens, tandis que certaines plantes allergisantes, comme l\u2019ambroisie, <a target=\"_blank\" href=\"https:\/\/reporterre.net\/A-cause-du-changement-climatique-les-allergies-explosent\">\u00e9tendent leur aire de r\u00e9partition.<\/a><\/p>\n<p>Au total, pr\u00e8s d\u2019<a target=\"_blank\" href=\"https:\/\/www.notre-environnement.gouv.fr\/actualites\/breves\/article\/le-changement-climatique-facteur-d-augmentation-des-allergies-aux-pollens\" class=\"spip_out\" rel=\"external\">un\u00a0adulte sur\u00a0trois<\/a> souffre de ces rhinites saisonni\u00e8res, selon l\u2019Agence nationale de s\u00e9curit\u00e9 sanitaire de l\u2019alimentation, de l\u2019environnement et du travail (Anses). Un chiffre qui a <a target=\"_blank\" href=\"https:\/\/reporterre.net\/A-cause-du-changement-climatique-les-allergies-explosent\">tripl\u00e9 en vingt\u00a0ans<\/a>, selon l\u2019Institut national de la sant\u00e9 et de la recherche m\u00e9dicale (Inserm).<\/p>\n<p><i>\u00ab<small class=\"fine d-inline\">\u00a0<\/small>Dans les ann\u00e9es 1970, cela concernait seulement 5<small class=\"fine d-inline\">\u00a0<\/small>% de la population<small class=\"fine d-inline\">\u00a0<\/small>\u00bb<\/i>, explique Sophie Silcret-Grieu. D\u2019ici 2050, 50<small class=\"fine d-inline\">\u00a0<\/small>% de la population mondiale sera affect\u00e9e par au moins une maladie allergique, estime l\u2019Organisation mondiale de la sant\u00e9 (<span class=\"caps\">OMS<\/span>). Une pathologie qui a un co\u00fbt\u00a0: plus de 22\u00a0millions d\u2019euros de d\u00e9penses publiques annuelles li\u00e9es \u00e0 l\u2019allergie \u00e0 l\u2019ambroisie rien qu\u2019en r\u00e9gion Auvergne-Rh\u00f4ne-Alpes, en 2016, selon <a target=\"_blank\" href=\"https:\/\/www.pollens.fr\/uploads\/media\/default\/0001\/01\/673ac0d5510cfb010fcc408600065fd6da61e54c.pdf\" class=\"spip_out\" rel=\"external\">un calcul<\/a> du R\u00e9seau national de surveillance a\u00e9robiologique.<\/p>\n<p>Comment inverser la tendance<small class=\"fine d-inline\">\u00a0<\/small>? <i>\u00ab<small class=\"fine d-inline\">\u00a0<\/small>Cela va \u00eatre difficile<\/i>, poursuit l\u2019allergologue. <i>Nos modes de vie ont chang\u00e9 et le corps humain ne peut pas admettre des modifications des habitudes aussi rapides.<small class=\"fine d-inline\">\u00a0<\/small>\u00bb<\/i><\/p>\n<p>Pour les nourrissons, la diversification alimentaire pr\u00e9coce permettrait de <a target=\"_blank\" href=\"https:\/\/www.radiofrance.fr\/franceinter\/une-etude-montre-l-effet-positif-de-la-diversification-alimentaire-chez-les-enfants-pour-reduire-les-allergies-1369791\" class=\"spip_out\" rel=\"external\">diminuer le risque allergique<\/a> en stimulant les d\u00e9fenses immunitaires. Les adultes d\u00e9j\u00e0 touch\u00e9s, eux, peuvent notamment se tourner <a target=\"_blank\" href=\"https:\/\/www.pasteur.fr\/fr\/journal-recherche\/dossiers\/combattre-allergies\" class=\"spip_out\" rel=\"external\">vers la m\u00e9decine<\/a>.<\/p>\n<aside class=\"boite_encarts\">\n<div class=\"encart encart_gris noprint\">\n<p><strong>Puisque vous \u00eates l\u00e0&#8230;<\/strong><\/p>\n<p>&#8230; nous avons un petit service \u00e0 vous demander.<br class=\"autobr\"\/><br \/>\nEntre la pr\u00e9sence d\u2019un climatosceptique \u00e0 la t\u00eate de la premi\u00e8re puissance mondiale, un gouvernement fran\u00e7ais qui flirte avec l\u2019extr\u00eame-droite, et les catastrophes climatiques qui s\u2019enchainent&#8230; Faire vivre l\u2019\u00e9cologie dans le d\u00e9bat public est un enjeu crucial.<\/p>\n<p>Personne ne modifie ce que nous publions. Nous n\u2019avons ni actionnaire, ni propri\u00e9taire milliardaire \u2014 seulement une \u00e9quipe d\u2019irr\u00e9ductibles journalistes, pleine de d\u00e9termination.<\/p>\n<p>Nous avons la conviction que l\u2019urgence \u00e9cologique est l\u2019enjeu majeur de notre \u00e9poque. Et comme plus de 2 millions de lectrices et lecteurs chaque mois, vous partagez sans doute cette conviction&#8230;<\/p>\n<p><strong>Depuis 12 ans, nous publions des articles de qualit\u00e9 sur l\u2019\u00e9cologie, en acc\u00e8s libre et sans publicit\u00e9, pour tous.<\/strong><br class=\"autobr\"\/><br \/>\nMais ce travail demande beaucoup de temps et de ressources.<\/p>\n<p>Alors, si vous en avez les moyens, sachez qu\u2019un don, m\u00eame d\u20191\u20ac, est un acte de soutien fort pour l\u2019\u00e9cologie et le journalisme ind\u00e9pendant.<br class=\"autobr\"\/><br \/>\n(Et \u00e7a vous prendra moins de temps que la lecture de ce texte).<\/p>\n<p><strong>Si vous le pouvez, choisissez un soutien mensuel. Merci.<\/strong><\/p>\n<p><a target=\"_blank\" href=\"https:\/\/reporterre.net\/dons\" class=\"bt_soutenir\">Je soutiens <i>Reporterre<\/i><\/a><\/p>\n<\/p><\/div>\n<div class=\"encart encart_vert noprint montre_1023\">\n<div class=\"infolettre-form-container noprint\">\n<p>Abonnez-vous \u00e0 la lettre d\u2019info de Reporterre<\/p>\n<\/div><\/div>\n<\/aside>\n<aside class=\"boite_apresarticle encart_note\">\n<h4>Apr\u00e8s cet article<\/h4>\n<p>      <a target=\"_blank\" href=\"https:\/\/reporterre.net\/Allergies-au-pollen-les-urbains-particulierement-vulnerables\" class=\"lien_article\">\n      <picture class=\"vignette_gauche\"><source type=\"image\/webp\" srcset=\"https:\/\/reporterre.net\/local\/cache-vignettes\/L450xH300\/arton31023-b06e6.jpg@.webp?1737375309\"><img decoding=\"async\" src=\"https:\/\/reporterre.net\/local\/cache-vignettes\/L450xH300\/arton31023-b06e6.jpg?1737375309\" width=\"450\" height=\"300\" alt=\"\" class=\"marge12\" loading=\"lazy\"\/><br \/>\n<\/source><\/picture>\n<p class=\"libelle\">\n<p>      Sant\u00e9\n    <\/p>\n<p class=\"titre pol20\">Allergies au pollen\u00a0: les urbains particuli\u00e8rement vuln\u00e9rables<\/p>\n<p>      <\/a><br \/>\n    <\/aside>\n<aside class=\"boite_complement texte\">\n<p>      <!-- zone_forum --><br \/>\n          <\/aside>\n<aside class=\"boite_lireaussi noprint\">\n<\/aside>\n<aside class=\"colonne\">\n<div class=\"article_info cache_1023 noprint\">\n<p>    <span class=\"date\">21 f\u00e9vrier 2025  \u00e0 17h00<\/span><\/p>\n<p>    <span class=\"date_modif\">Mis \u00e0 jour le 23 f\u00e9vrier 2025 \u00e0 12h27<\/span>      <\/p>\n<p class=\"duree_lecture\">\n        Dur\u00e9e de lecture : 4 minutes\n      <\/p>\n<\/p><\/div>\n<div class=\"bloc_infolettre\">\n<div class=\"infolettre-form-container noprint\">\n<p>Abonnez-vous \u00e0 la lettre d\u2019info de Reporterre<\/p>\n<\/div><\/div>\n<\/aside>\n<div id=\"galerie\">\n  <img decoding=\"async\" src=\"\" class=\"principale\" id=\"principale\"\/><\/p>\n<p id=\"legende\">legende<\/p>\n<\/div>\n<footer class=\"noprint\">\n<\/footer>\n<\/div>\n<p><br \/>\n<br \/><a href=\"https:\/\/reporterre.net\/Allergies-au-pollen-les-pays-industrialises-sont-davantage-touches\" target=\"_blank\"\">Source link <\/a><\/p>\n","protected":false},"excerpt":{"rendered":"<p>21 f\u00e9vrier 2025 \u00e0 17h00 Mis \u00e0 jour le 23 f\u00e9vrier 2025 \u00e0 12h27 Dur\u00e9e de lecture : 4 minutes Vos yeux pleurent, vos narines picotent et votre gorge gratte\u00a0?&hellip; <\/p>\n","protected":false},"author":1,"featured_media":3093,"comment_status":"open","ping_status":"open","sticky":false,"template":"","format":"standard","meta":{"footnotes":""},"categories":[1],"tags":[],"class_list":["post-3194","post","type-post","status-publish","format-standard","has-post-thumbnail","hentry","category-non-classe"],"_links":{"self":[{"href":"https:\/\/monde25.info\/index.php\/wp-json\/wp\/v2\/posts\/3194","targetHints":{"allow":["GET"]}}],"collection":[{"href":"https:\/\/monde25.info\/index.php\/wp-json\/wp\/v2\/posts"}],"about":[{"href":"https:\/\/monde25.info\/index.php\/wp-json\/wp\/v2\/types\/post"}],"author":[{"embeddable":true,"href":"https:\/\/monde25.info\/index.php\/wp-json\/wp\/v2\/users\/1"}],"replies":[{"embeddable":true,"href":"https:\/\/monde25.info\/index.php\/wp-json\/wp\/v2\/comments?post=3194"}],"version-history":[{"count":0,"href":"https:\/\/monde25.info\/index.php\/wp-json\/wp\/v2\/posts\/3194\/revisions"}],"wp:featuredmedia":[{"embeddable":true,"href":"https:\/\/monde25.info\/index.php\/wp-json\/wp\/v2\/media\/3093"}],"wp:attachment":[{"href":"https:\/\/monde25.info\/index.php\/wp-json\/wp\/v2\/media?parent=3194"}],"wp:term":[{"taxonomy":"category","embeddable":true,"href":"https:\/\/monde25.info\/index.php\/wp-json\/wp\/v2\/categories?post=3194"},{"taxonomy":"post_tag","embeddable":true,"href":"https:\/\/monde25.info\/index.php\/wp-json\/wp\/v2\/tags?post=3194"}],"curies":[{"name":"wp","href":"https:\/\/api.w.org\/{rel}","templated":true}]}}