{"id":3201,"date":"2025-02-23T16:59:48","date_gmt":"2025-02-23T15:59:48","guid":{"rendered":"https:\/\/monde25.info\/index.php\/2025\/02\/23\/israel-reporte-la-liberation-des-prisonniers-palestiniens-rt-en-francais\/"},"modified":"2025-02-23T16:59:48","modified_gmt":"2025-02-23T15:59:48","slug":"israel-reporte-la-liberation-des-prisonniers-palestiniens-rt-en-francais","status":"publish","type":"post","link":"https:\/\/monde25.info\/index.php\/2025\/02\/23\/israel-reporte-la-liberation-des-prisonniers-palestiniens-rt-en-francais\/","title":{"rendered":"Isra\u00ebl reporte la lib\u00e9ration des prisonniers palestiniens \u2014 RT en fran\u00e7ais"},"content":{"rendered":"<p> <br \/>\n<br \/><img decoding=\"async\" src=\"https:\/\/mf.b37mrtl.ru\/french\/images\/2025.02\/thumbnail\/67bb21216f7ccc7f7112c9fb.jpg\" \/><\/p>\n<div>\n<p class=\"text__summary\">\n                                        Le bureau du Premier ministre isra\u00e9lien Benyamin Netanyahou a annonc\u00e9, ce 23 f\u00e9vrier, le report de la lib\u00e9ration des prisonniers palestiniens pr\u00e9vue dans le cadre du cessez-le-feu en vigueur dans la bande de Gaza, tant que le Hamas ne mettra pas fin aux \u00abmises en sc\u00e8ne et c\u00e9r\u00e9monies humiliantes\u00bb, lors des \u00e9changes avec Isra\u00ebl.\n                                    <\/p>\n<p>Les\u00a0602\u00a0d\u00e9tenus palestiniens qui devaient \u00eatre lib\u00e9r\u00e9s par Isra\u00ebl le 22 f\u00e9vrier en \u00e9change de la lib\u00e9ration par le Hamas de six otages isra\u00e9lien devront attendre. Sur X, le bureau du Premier ministre isra\u00e9lien a affirm\u00e9 ce 23 f\u00e9vrier que tout \u00e9change de prisonniers \u00e9tait suspendu tant que se poursuivraient les \u00abc\u00e9r\u00e9monies humiliantes\u00bb\u00a0lors des lib\u00e9rations d&rsquo;otages.<\/p>\n<p>\u00abA la lumi\u00e8re des violations r\u00e9p\u00e9t\u00e9es du Hamas, notamment les c\u00e9r\u00e9monies humiliantes qui d\u00e9shonorent nos otages, et l\u2019utilisation cynique des otages \u00e0 des fins de propagande, il a \u00e9t\u00e9 d\u00e9cid\u00e9 de retarder la lib\u00e9ration des terroristes, jusqu\u2019\u00e0 ce que la lib\u00e9ration des prochains otages soit assur\u00e9e sans c\u00e9r\u00e9monie humiliante\u00bb, a fustig\u00e9 Benyamin Netanyahou, cit\u00e9 dans un communiqu\u00e9 de son bureau.<\/p>\n<div class=\"rtcode\">\n<blockquote class=\"twitter-tweet\">\n<p lang=\"en\" dir=\"ltr\">In light of Hamas&rsquo;s repeated violations, including the ceremonies that humiliate our hostages and the cynical exploitation of our hostages for propaganda purposes &gt;&gt;<\/p>\n<p>\u2014 Prime Minister of Israel (@IsraeliPM) <a target=\"_blank\" href=\"https:\/\/twitter.com\/IsraeliPM\/status\/1893457511816044968?ref_src=twsrc%5Etfw\">February 23, 2025<\/a><\/p><\/blockquote>\n<\/div>\n<p>En r\u00e9ponse \u00e0 cette d\u00e9cision, le Hamas a accus\u00e9 Isra\u00ebl de \u00abmettre en danger tout l\u2019accord de tr\u00eave\u00bb. Ezzat El Rashq, membre du bureau politique de l&rsquo;organisation, a d\u00e9nonc\u00e9 la d\u00e9cision isra\u00e9lienne. \u00abLes c\u00e9r\u00e9monies ne d\u00e9montrent aucune insulte envers les otages, mais refl\u00e8tent plut\u00f4t leur traitement humain et digne\u00bb, a-t-il soulign\u00e9. Avant d&rsquo;ajouter :\u00a0\u00abLa vraie insulte est ce \u00e0 quoi les prisonniers palestiniens sont soumis lors du processus de lib\u00e9ration.\u00bb<\/p>\n<p>La\u00a0tr\u00eave, entr\u00e9e en vigueur le 19 janvier, a mis\u00a0un arr\u00eat \u00e0 plus de 15 mois de conflit d\u00e9clench\u00e9 par la sanglante attaque du Hamas contre le sud d&rsquo;Isra\u00ebl le 7 octobre 2023. La premi\u00e8re des trois phases de l&rsquo;accord de cessez-le-feu, qui vise \u00e0 mettre un terme d\u00e9finitif \u00e0 la guerre, doit s&rsquo;achever le 1er mars.<\/p>\n<\/div>\n<p><script async src=\"\/\/platform.twitter.com\/widgets.js\" charset=\"utf-8\"><\/script><br \/>\n<br \/><br \/>\n<br \/><a href=\"https:\/\/francais.rt.com\/international\/117173-netanyahu-israel-reporte-liberation-palestiniens\" target=\"_blank\"\">Source link <\/a><\/p>\n","protected":false},"excerpt":{"rendered":"<p>Le bureau du Premier ministre isra\u00e9lien Benyamin Netanyahou a annonc\u00e9, ce 23 f\u00e9vrier, le report de la lib\u00e9ration des prisonniers palestiniens pr\u00e9vue dans le cadre du cessez-le-feu en vigueur dans&hellip; <\/p>\n","protected":false},"author":1,"featured_media":3202,"comment_status":"open","ping_status":"open","sticky":false,"template":"","format":"standard","meta":{"footnotes":""},"categories":[1],"tags":[],"class_list":["post-3201","post","type-post","status-publish","format-standard","has-post-thumbnail","hentry","category-non-classe"],"_links":{"self":[{"href":"https:\/\/monde25.info\/index.php\/wp-json\/wp\/v2\/posts\/3201","targetHints":{"allow":["GET"]}}],"collection":[{"href":"https:\/\/monde25.info\/index.php\/wp-json\/wp\/v2\/posts"}],"about":[{"href":"https:\/\/monde25.info\/index.php\/wp-json\/wp\/v2\/types\/post"}],"author":[{"embeddable":true,"href":"https:\/\/monde25.info\/index.php\/wp-json\/wp\/v2\/users\/1"}],"replies":[{"embeddable":true,"href":"https:\/\/monde25.info\/index.php\/wp-json\/wp\/v2\/comments?post=3201"}],"version-history":[{"count":0,"href":"https:\/\/monde25.info\/index.php\/wp-json\/wp\/v2\/posts\/3201\/revisions"}],"wp:featuredmedia":[{"embeddable":true,"href":"https:\/\/monde25.info\/index.php\/wp-json\/wp\/v2\/media\/3202"}],"wp:attachment":[{"href":"https:\/\/monde25.info\/index.php\/wp-json\/wp\/v2\/media?parent=3201"}],"wp:term":[{"taxonomy":"category","embeddable":true,"href":"https:\/\/monde25.info\/index.php\/wp-json\/wp\/v2\/categories?post=3201"},{"taxonomy":"post_tag","embeddable":true,"href":"https:\/\/monde25.info\/index.php\/wp-json\/wp\/v2\/tags?post=3201"}],"curies":[{"name":"wp","href":"https:\/\/api.w.org\/{rel}","templated":true}]}}