{"id":3207,"date":"2025-02-23T19:14:42","date_gmt":"2025-02-23T18:14:42","guid":{"rendered":"https:\/\/monde25.info\/index.php\/2025\/02\/23\/une-lettre-de-laurent-wauquiez-incite-au-lynchage-de-lofb\/"},"modified":"2025-02-23T19:14:42","modified_gmt":"2025-02-23T18:14:42","slug":"une-lettre-de-laurent-wauquiez-incite-au-lynchage-de-lofb","status":"publish","type":"post","link":"https:\/\/monde25.info\/index.php\/2025\/02\/23\/une-lettre-de-laurent-wauquiez-incite-au-lynchage-de-lofb\/","title":{"rendered":"Une lettre de Laurent Wauquiez \u00ab\u00a0incite au lynchage\u00a0\u00bb de l\u2019OFB"},"content":{"rendered":"<p> <br \/>\n<\/p>\n<div>\n<p>    <span class=\"date\">21 f\u00e9vrier 2025  \u00e0 14h00<\/span><\/p>\n<p>    <span class=\"date_modif\">Mis \u00e0 jour le 22 f\u00e9vrier 2025 \u00e0 08h00<\/span>      <\/p>\n<p class=\"duree_lecture\">\n        Dur\u00e9e de lecture : 5 minutes\n      <\/p>\n<\/p><\/div>\n<div>\n<p>En ouvrant son courrier, jeudi 20\u00a0f\u00e9vrier, le sang de Mary Desnos n\u2019a fait qu\u2019un tour. <i>\u00ab<small class=\"fine d-inline\">\u00a0<\/small>Toutes les phrases m\u2019ont fait bondir<\/i>, raconte cette agricultrice de la Dr\u00f4me. <i>C\u2019est une incitation au lynchage de la part d\u2019un \u00e9lu, dans un climat d\u00e9j\u00e0 explosif.<small class=\"fine d-inline\">\u00a0<\/small>\u00bb<\/i><\/p>\n<p>L\u2019objet de sa col\u00e8re est une missive aux allures de diatribe contre l\u2019Office fran\u00e7ais de la biodiversit\u00e9 (<span class=\"caps\">OFB<\/span>), la police de l\u2019environnement. D\u2019autant plus qu\u2019elle est sign\u00e9e par Fabrice Pannekoucke, pr\u00e9sident de la R\u00e9gion Auvergne-Rh\u00f4ne-Alpes, et Laurent Wauquiez, <a target=\"_blank\" href=\"https:\/\/www.lemonde.fr\/politique\/article\/2024\/11\/29\/a-la-region-auvergne-rhone-alpes-le-conseiller-special-laurent-wauquiez-garde-la-main_6419977_823448.html\" class=\"spip_out\" rel=\"external\">en tant que \u00ab<small class=\"fine d-inline\">\u00a0<\/small>conseiller sp\u00e9cial<small class=\"fine d-inline\">\u00a0<\/small>\u00bb<\/a> de la R\u00e9gion.<\/p>\n<div class=\"spip_document_88923 spip_document spip_documents spip_document_image spip_documents_center spip_document_center spip_document_avec_legende\" data-legende-len=\"75\" data-legende-lenx=\"xx\">\n<figure class=\"spip_doc_inner\">\n      <picture><source type=\"image\/webp\" srcset=\"https:\/\/reporterre.net\/local\/cache-vignettes\/L1050xH526\/design_sans_titre_31_-e31f3.jpg@.webp?1740155647\"><img decoding=\"async\" src=\"https:\/\/reporterre.net\/IMG\/jpg\/design_sans_titre_31_.jpg\" width=\"1200\" height=\"601\" loading=\"lazy\" alt=\"\"\/><br \/>\n    <\/source><\/picture><figcaption class=\"spip_doc_legende\">\n<p>Extrait de la lettre envoy\u00e9e par Fabrice Pannekoucke et Laurent Wauquiez.\n<\/p>\n<\/figcaption><\/figure>\n<\/p><\/div>\n<p>Dat\u00e9 du 7\u00a0f\u00e9vrier, <a target=\"_blank\" href=\"https:\/\/reporterre.net\/IMG\/pdf\/courrier_re_gion_ofb-2.pdf\">le courrier<\/a> s\u2019adresse aux agricultrices et agriculteurs d\u2019Auvergne-Rh\u00f4ne-Alpes, victimes, selon les mots des patrons de l\u2019ex\u00e9cutif r\u00e9gional, des m\u00e9thodes de l\u2019<span class=\"caps\">OFB<\/span>, qualifi\u00e9 de <i>\u00ab<small class=\"fine d-inline\">\u00a0<\/small>coalition d\u2019id\u00e9ologues<small class=\"fine d-inline\">\u00a0<\/small>\u00bb<\/i>, qui les <i>\u00ab<small class=\"fine d-inline\">\u00a0<\/small>emp\u00eache de travailler sereinement<small class=\"fine d-inline\">\u00a0<\/small>\u00bb<\/i> et les accable de <i>\u00ab<small class=\"fine d-inline\">\u00a0<\/small>contr\u00f4les absurdes<small class=\"fine d-inline\">\u00a0<\/small>\u00bb<\/i>. Contact\u00e9 par <i>Reporterre<\/i>, le cabinet de Fabrice Pannekoucke n\u2019a pour l\u2019instant pas donn\u00e9 suite \u00e0 notre demande d\u2019entretien. De son c\u00f4t\u00e9, la police de la biodiversit\u00e9 n\u2019a pas souhait\u00e9 r\u00e9agir.<\/p>\n<h2 class=\"spip\">Une police de l\u2019environnement sous pression<\/h2>\n<p>Cr\u00e9\u00e9 en 2020, l\u2019<span class=\"caps\">OFB<\/span> compte 3\u00a0000\u00a0agents, dont 2\u00a0000 sur le terrain. Parmi eux, 1\u00a0700\u00a0inspecteurs de l\u2019environnement sont dot\u00e9s de pouvoirs de police administrative et judiciaire, afin de faire respecter les lois en ce qui concerne l\u2019usage de pesticides, la pollution de l\u2019eau et le respect des arr\u00eat\u00e9s s\u00e9cheresse. Depuis quelques mois, la pression envers cette police de l\u2019environnement est mont\u00e9e d\u2019un cran \u00e0 la suite des attaques du syndicat agricole majoritaire, la <span class=\"caps\">FNSEA<\/span>, et de <a target=\"_blank\" href=\"https:\/\/reporterre.net\/Virile-anti-ecolo-protectionniste-Que-defend-la-Coordination-rurale\">la Coordination rurale<\/a>.<\/p>\n<p>Isabelle Heba, cos\u00e9cr\u00e9taire de la branche biodiversit\u00e9 du syndicat <span class=\"caps\">SNE<\/span>&#8211;<span class=\"caps\">FSU<\/span>, se dit <i>\u00ab<small class=\"fine d-inline\">\u00a0<\/small>abasourdie<small class=\"fine d-inline\">\u00a0<\/small>\u00bb<\/i> par cette lettre. <i>\u00ab<small class=\"fine d-inline\">\u00a0<\/small>Chaque ann\u00e9e, nous effectuons 3\u00a0000\u00a0contr\u00f4les administratifs pour 400\u00a0000\u00a0exploitations agricoles. C\u2019est moins de 1<small class=\"fine d-inline\">\u00a0<\/small>% des exploitations agricoles fran\u00e7aises. Autrement dit, \u00e0 ce niveau, une exploitation se voit contr\u00f4l\u00e9e une fois tous les 120\u00a0ans<small class=\"fine d-inline\">\u00a0<\/small>\u00bb<\/i>, dit-elle \u00e0 <i>Reporterre<\/i>.<\/p>\n<blockquote class=\"spip\">\n<p>\u00ab<small class=\"fine d-inline\">\u00a0<\/small>On nous reproche de faire respecter les textes de loi que ces m\u00eames politiques ont vot\u00e9. C\u2019est ubuesque<small class=\"fine d-inline\">\u00a0<\/small>\u00bb<\/p>\n<\/blockquote>\n<p>Le courrier assure que <i>\u00ab<small class=\"fine d-inline\">\u00a0<\/small>les agriculteurs sont, en r\u00e9alit\u00e9, plus durement trait\u00e9s que les trafiquants de drogue<small class=\"fine d-inline\">\u00a0<\/small>\u00bb<\/i>, en r\u00e9f\u00e9rence aux propos d\u2019un d\u00e9l\u00e9gu\u00e9 syndical Snape-<span class=\"caps\">FO<\/span> de l\u2019<span class=\"caps\">OFB<\/span>, qui d\u00e9clarait <a target=\"_blank\" href=\"https:\/\/www.francetvinfo.fr\/economie\/emploi\/metiers\/agriculture\/agriculteurs-compares-a-des-dealers-les-tensions-entre-syndicats-d-agriculteurs-et-l-office-de-la-biodiversite-continuent-de-s-aggraver_7016402.html\" class=\"spip_out\" rel=\"external\">sur France Inter<\/a> \u00e0 la mi-janvier\u00a0: <i>\u00ab<small class=\"fine d-inline\">\u00a0<\/small>On a le sentiment que ce que veulent les agriculteurs, c\u2019est de ne plus nous voir dans leurs exploitations. C\u2019est du m\u00eame ordre que si les dealers demandaient aux policiers de ne plus venir dans les cit\u00e9s pour emp\u00eacher le deal<small class=\"fine d-inline\">\u00a0<\/small>!<small class=\"fine d-inline\">\u00a0<\/small>\u00bb<\/i><\/p>\n<p>S\u2019en \u00e9tait suivie <a target=\"_blank\" href=\"https:\/\/reporterre.net\/Agressions-en-serie-les-agents-de-la-biodiversite-abandonnes-par-l-Etat\">une nu\u00e9e d\u2019intimidations<\/a> et de d\u00e9gradations visant les locaux de l\u2019administration publique, dans toute la France. Le Premier ministre, Fran\u00e7ois Bayrou, <a target=\"_blank\" href=\"https:\/\/reporterre.net\/Face-a-l-attaque-de-Bayrou-les-agents-de-l-OFB-appeles-a-stopper-le-travail\">avait d\u00e9j\u00e0 mis le feu aux poudres<\/a> le 14\u00a0janvier dans son grand oral devant l\u2019Assembl\u00e9e nationale, en accusant les inspecteurs de l\u2019<span class=\"caps\">OFB<\/span> d\u2019humilier les paysans en menant leurs contr\u00f4les avec une <i>\u00ab<small class=\"fine d-inline\">\u00a0<\/small>arme \u00e0 la ceinture, dans une ferme d\u00e9j\u00e0 mise \u00e0 cran par la crise<small class=\"fine d-inline\">\u00a0<\/small>\u00bb<\/i>. En janvier 2024, alors que la col\u00e8re du monde agricole battait son plein, le Premier ministre Gabriel Attal <a target=\"_blank\" href=\"https:\/\/reporterre.net\/L-Office-francais-de-la-biodiversite-bouc-emissaire-facile-de-la-crise-agricole\">avait remis en question<\/a> le port d\u2019armes des agents de l\u2019<span class=\"caps\">OFB<\/span> lorsqu\u2019ils m\u00e8nent des missions de police.<\/p>\n<h2 class=\"spip\">Wauquiez veut \u00ab<small class=\"fine d-inline\">\u00a0<\/small>supprimer l\u2019<span class=\"caps\">OFB<\/span><small class=\"fine d-inline\">\u00a0<\/small>\u00bb<\/h2>\n<p><i>\u00ab<small class=\"fine d-inline\">\u00a0<\/small>On nous reproche de faire respecter les textes de loi que ces m\u00eames politiques ont vot\u00e9. C\u2019est ubuesque<small class=\"fine d-inline\">\u00a0<\/small>\u00bb<\/i>, r\u00e9agit Fabienne Mallet, du bureau biodiversit\u00e9 du <span class=\"caps\">SNE<\/span>&#8211;<span class=\"caps\">FSU<\/span>. Le pr\u00e9sident de la R\u00e9gion et son <i>\u00ab<small class=\"fine d-inline\">\u00a0<\/small>conseiller sp\u00e9cial<small class=\"fine d-inline\">\u00a0<\/small>\u00bb<\/i> s\u2019en prennent \u00e9galement au budget de l\u2019<span class=\"caps\">OFB<\/span> \u2014 659\u00a0millions d\u2019euros en 2024 \u2014 qu\u2019ils qualifient de <i>\u00ab<small class=\"fine d-inline\">\u00a0<\/small>co\u00fbteux pour le contribuable<small class=\"fine d-inline\">\u00a0<\/small>\u00bb<\/i>.<\/p>\n<p><i>\u00ab<small class=\"fine d-inline\">\u00a0<\/small>Ce budget ne correspond pas \u00e0 de l\u2019argent qui va directement dans les poches de l\u2019Office<\/i>, r\u00e9pond Isabelle Heba. <i>Nous en reversons une partie dans des missions, des appels \u00e0 projets en faveur de la biodiversit\u00e9 et de la transition \u00e9cologique.<small class=\"fine d-inline\">\u00a0<\/small>\u00bb<\/i> Visiblement soucieux de ne pas aggraver la d\u00e9pense publique, Laurent Wauquiez ne fait pas ici mention des critiques faites \u00e0 sa gestion des finances de la R\u00e9gion, et notamment <a target=\"_blank\" href=\"https:\/\/www.liberation.fr\/checknews\/laurent-wauquiez-a-t-il-rembourse-ses-couteux-repas-parisiens-aux-frais-de-la-region-auvergne-rhone-alpes-20250218_5VE7UH2LHBBSVEPRSWOETLKVPA\/?redirected=1\" class=\"spip_out\" rel=\"external\">ses dispendieux d\u00e9jeuners parisiens<\/a>.<\/p>\n<blockquote class=\"spip\">\n<p>\u00ab<small class=\"fine d-inline\">\u00a0<\/small>Il s\u2019agit d\u2019une man\u0153uvre \u00e9lectorale visant \u00e0 aller chercher des \u00e9lecteurs dans le milieu agricole. C\u2019est d\u00e9testable<small class=\"fine d-inline\">\u00a0<\/small>\u00bb<\/p>\n<\/blockquote>\n<p>En guise de conclusion, la lettre de Fabrice Pannekoucke et Laurent Wauquiez encourage les agriculteurs \u00e0 se tourner vers la R\u00e9gion <i>\u00ab<small class=\"fine d-inline\">\u00a0<\/small>pour b\u00e9n\u00e9ficier d\u2019une aide juridique en cas de litige avec l\u2019Office fran\u00e7ais de la biodiversit\u00e9<small class=\"fine d-inline\">\u00a0<\/small>\u00bb<\/i>, financ\u00e9 \u00e0 l\u2019aide d\u2019argent public, et les appelle \u00e0 <i>\u00ab<small class=\"fine d-inline\">\u00a0<\/small>faire remonter les situations ubuesques<small class=\"fine d-inline\">\u00a0<\/small>\u00bb<\/i> rencontr\u00e9es.<\/p>\n<p>\u00c0 quelques jours de l\u2019ouverture du Salon de l\u2019agriculture, samedi 22\u00a0f\u00e9vrier, ce courrier rappelle combien la police de la biodiversit\u00e9 est la cible d\u2019attaques politiques. <i>\u00ab<small class=\"fine d-inline\">\u00a0<\/small>Entre l\u2019\u00e9lection \u00e0 la pr\u00e9sidence des R\u00e9publicains qui s\u2019approche [les 17 et 18\u00a0mai] et <a target=\"_blank\" href=\"https:\/\/reporterre.net\/Rien-pour-la-bio-rien-pour-les-jeunes-paysans-la-loi-d-orientation-agricole-est-un-tres\">les d\u00e9bats autour de la loi d\u2019orientation agricole<\/a>, on savait que l\u2019on n\u2019allait pas \u00eatre tranquilles<\/i>, r\u00e9sume un agent de l\u2019<span class=\"caps\">OFB<\/span>. <i>En sous-texte, il s\u2019agit ici d\u2019une man\u0153uvre \u00e9lectorale visant \u00e0 aller chercher des \u00e9lecteurs dans le milieu agricole. C\u2019est d\u00e9testable.<small class=\"fine d-inline\">\u00a0<\/small>\u00bb<\/i><\/p>\n<p>Le 23\u00a0janvier d\u00e9j\u00e0, dans <a target=\"_blank\" href=\"https:\/\/www.youtube.com\/watch?v=QDOh37oiJMk\" class=\"spip_out\" rel=\"external\">une vid\u00e9o<\/a> post\u00e9e sur les r\u00e9seaux sociaux, Laurent Wauquiez n\u2019avait pas cach\u00e9 ses intentions\u00a0: <i>\u00ab<small class=\"fine d-inline\">\u00a0<\/small>Notre objectif, c\u2019est de supprimer l\u2019<span class=\"caps\">OFB<\/span>, un organisme qui vient contr\u00f4ler les agriculteurs avec un pistolet \u00e0 la ceinture alors qu\u2019ils nous nourrissent.<small class=\"fine d-inline\">\u00a0<\/small>\u00bb<\/i><\/p>\n<aside class=\"boite_encarts\">\n<div class=\"encart encart_gris noprint\">\n<p><strong>Puisque vous \u00eates l\u00e0&#8230;<\/strong><\/p>\n<p>&#8230; nous avons un petit service \u00e0 vous demander.<br class=\"autobr\"\/><br \/>\nEntre la pr\u00e9sence d\u2019un climatosceptique \u00e0 la t\u00eate de la premi\u00e8re puissance mondiale, un gouvernement fran\u00e7ais qui flirte avec l\u2019extr\u00eame-droite, et les catastrophes climatiques qui s\u2019enchainent&#8230; Faire vivre l\u2019\u00e9cologie dans le d\u00e9bat public est un enjeu crucial.<\/p>\n<p>Personne ne modifie ce que nous publions. Nous n\u2019avons ni actionnaire, ni propri\u00e9taire milliardaire \u2014 seulement une \u00e9quipe d\u2019irr\u00e9ductibles journalistes, pleine de d\u00e9termination.<\/p>\n<p>Nous avons la conviction que l\u2019urgence \u00e9cologique est l\u2019enjeu majeur de notre \u00e9poque. Et comme plus de 2 millions de lectrices et lecteurs chaque mois, vous partagez sans doute cette conviction&#8230;<\/p>\n<p><strong>Depuis 12 ans, nous publions des articles de qualit\u00e9 sur l\u2019\u00e9cologie, en acc\u00e8s libre et sans publicit\u00e9, pour tous.<\/strong><br class=\"autobr\"\/><br \/>\nMais ce travail demande beaucoup de temps et de ressources.<\/p>\n<p>Alors, si vous en avez les moyens, sachez qu\u2019un don, m\u00eame d\u20191\u20ac, est un acte de soutien fort pour l\u2019\u00e9cologie et le journalisme ind\u00e9pendant.<br class=\"autobr\"\/><br \/>\n(Et \u00e7a vous prendra moins de temps que la lecture de ce texte).<\/p>\n<p><strong>Si vous le pouvez, choisissez un soutien mensuel. Merci.<\/strong><\/p>\n<p><a target=\"_blank\" href=\"https:\/\/reporterre.net\/dons\" class=\"bt_soutenir\">Je soutiens <i>Reporterre<\/i><\/a><\/p>\n<\/p><\/div>\n<div class=\"encart encart_vert noprint montre_1023\">\n<div class=\"infolettre-form-container noprint\">\n<p>Abonnez-vous \u00e0 la lettre d\u2019info de Reporterre<\/p>\n<\/div><\/div>\n<\/aside>\n<aside class=\"boite_apresarticle encart_note\">\n<h4>Apr\u00e8s cet article<\/h4>\n<p>      <a target=\"_blank\" href=\"https:\/\/reporterre.net\/Laurent-Wauquiez-quitte-sa-region-son-bilan-anti-ecologique-demeure\" class=\"lien_article\">\n      <picture class=\"vignette_gauche\"><source type=\"image\/webp\" srcset=\"https:\/\/reporterre.net\/local\/cache-vignettes\/L450xH300\/pannekouckeetwauquiez2-87ce3.jpg@.webp?1737368965\"><img decoding=\"async\" src=\"https:\/\/reporterre.net\/local\/cache-vignettes\/L450xH300\/pannekouckeetwauquiez2-87ce3.jpg?1737368965\" width=\"450\" height=\"300\" alt=\"\" class=\"marge12\" loading=\"lazy\"\/><br \/>\n<\/source><\/picture>\n<p class=\"libelle\">\n<p>      Politique\n    <\/p>\n<p class=\"titre pol20\">Laurent Wauquiez quitte sa r\u00e9gion, son bilan anti-\u00e9cologique demeure<\/p>\n<p>      <\/a><br \/>\n    <\/aside>\n<aside class=\"boite_complement texte\">\n<p>      <!-- zone_forum --><br \/>\n          <\/aside>\n<aside class=\"boite_lireaussi noprint\">\n<\/aside>\n<aside class=\"colonne\">\n<div class=\"article_info cache_1023 noprint\">\n<p>    <span class=\"date\">21 f\u00e9vrier 2025  \u00e0 14h00<\/span><\/p>\n<p>    <span class=\"date_modif\">Mis \u00e0 jour le 22 f\u00e9vrier 2025 \u00e0 08h00<\/span>      <\/p>\n<p class=\"duree_lecture\">\n        Dur\u00e9e de lecture : 5 minutes\n      <\/p>\n<\/p><\/div>\n<div class=\"bloc_infolettre\">\n<div class=\"infolettre-form-container noprint\">\n<p>Abonnez-vous \u00e0 la lettre d\u2019info de Reporterre<\/p>\n<\/div><\/div>\n<\/aside>\n<div id=\"galerie\">\n  <img decoding=\"async\" src=\"\" class=\"principale\" id=\"principale\"\/><\/p>\n<p id=\"legende\">legende<\/p>\n<\/div>\n<footer class=\"noprint\">\n<\/footer>\n<\/div>\n<p><br \/>\n<br \/><a href=\"https:\/\/reporterre.net\/Une-lettre-de-Laurent-Wauquiez-incite-au-lynchage-de-l-OFB\" target=\"_blank\"\">Source link <\/a><\/p>\n","protected":false},"excerpt":{"rendered":"<p>21 f\u00e9vrier 2025 \u00e0 14h00 Mis \u00e0 jour le 22 f\u00e9vrier 2025 \u00e0 08h00 Dur\u00e9e de lecture : 5 minutes En ouvrant son courrier, jeudi 20\u00a0f\u00e9vrier, le sang de Mary&hellip; <\/p>\n","protected":false},"author":1,"featured_media":3208,"comment_status":"open","ping_status":"open","sticky":false,"template":"","format":"standard","meta":{"footnotes":""},"categories":[1],"tags":[],"class_list":["post-3207","post","type-post","status-publish","format-standard","has-post-thumbnail","hentry","category-non-classe"],"_links":{"self":[{"href":"https:\/\/monde25.info\/index.php\/wp-json\/wp\/v2\/posts\/3207","targetHints":{"allow":["GET"]}}],"collection":[{"href":"https:\/\/monde25.info\/index.php\/wp-json\/wp\/v2\/posts"}],"about":[{"href":"https:\/\/monde25.info\/index.php\/wp-json\/wp\/v2\/types\/post"}],"author":[{"embeddable":true,"href":"https:\/\/monde25.info\/index.php\/wp-json\/wp\/v2\/users\/1"}],"replies":[{"embeddable":true,"href":"https:\/\/monde25.info\/index.php\/wp-json\/wp\/v2\/comments?post=3207"}],"version-history":[{"count":0,"href":"https:\/\/monde25.info\/index.php\/wp-json\/wp\/v2\/posts\/3207\/revisions"}],"wp:featuredmedia":[{"embeddable":true,"href":"https:\/\/monde25.info\/index.php\/wp-json\/wp\/v2\/media\/3208"}],"wp:attachment":[{"href":"https:\/\/monde25.info\/index.php\/wp-json\/wp\/v2\/media?parent=3207"}],"wp:term":[{"taxonomy":"category","embeddable":true,"href":"https:\/\/monde25.info\/index.php\/wp-json\/wp\/v2\/categories?post=3207"},{"taxonomy":"post_tag","embeddable":true,"href":"https:\/\/monde25.info\/index.php\/wp-json\/wp\/v2\/tags?post=3207"}],"curies":[{"name":"wp","href":"https:\/\/api.w.org\/{rel}","templated":true}]}}