{"id":3215,"date":"2025-02-23T21:26:39","date_gmt":"2025-02-23T20:26:39","guid":{"rendered":"https:\/\/monde25.info\/index.php\/2025\/02\/23\/zelensky-se-declare-pret-a-partir-en-echange-dune-adhesion-de-kiev-a-lotan-rt-en-francais\/"},"modified":"2025-02-23T21:26:39","modified_gmt":"2025-02-23T20:26:39","slug":"zelensky-se-declare-pret-a-partir-en-echange-dune-adhesion-de-kiev-a-lotan-rt-en-francais","status":"publish","type":"post","link":"https:\/\/monde25.info\/index.php\/2025\/02\/23\/zelensky-se-declare-pret-a-partir-en-echange-dune-adhesion-de-kiev-a-lotan-rt-en-francais\/","title":{"rendered":"Zelensky se d\u00e9clare pr\u00eat \u00e0 partir, en \u00e9change d&rsquo;une adh\u00e9sion de Kiev \u00e0 l\u2019OTAN \u2014 RT en fran\u00e7ais"},"content":{"rendered":"<p> <br \/>\n<br \/><img decoding=\"async\" src=\"https:\/\/mf.b37mrtl.ru\/french\/images\/2025.02\/thumbnail\/67bb4dda87f3ec659620f574.jpg\" \/><\/p>\n<div>\n<p class=\"text__summary\">\n                                        Lors d\u2019une conf\u00e9rence de presse \u00e0 Kiev ce 23 f\u00e9vrier, Volodymyr Zelensky a d\u00e9clar\u00e9 qu\u2019il \u00e9tait pr\u00eat \u00e0 quitter le palais Mariinsky si cela permettait \u00e0 son pays d\u2019int\u00e9grer l\u2019OTAN.\n                                    <\/p>\n<p>\u00abSi vous avez vraiment besoin que je quitte mon poste, j\u2019y suis pr\u00eat [&#8230;], je peux l\u2019\u00e9changer contre une adh\u00e9sion \u00e0 l\u2019OTAN\u00bb, a affirm\u00e9 ce 23 f\u00e9vrier Volodymyr Zelensky lors d&rsquo;une conf\u00e9rence de presse\u00a0\u00e0 la veille du troisi\u00e8me anniversaire du d\u00e9but de l&rsquo;offensive russe en Ukraine.<\/p>\n<p>Cette annonce intervient alors que le pr\u00e9sident am\u00e9ricain Donald Trump a multipli\u00e9 les critiques \u00e0 l\u2019encontre du dirigeant ukrainien, sur fond de refus de ce dernier de passer un accord avec l&rsquo;administration Trump\u00a0pour octroyer un acc\u00e8s pr\u00e9f\u00e9rentiel aux \u00c9tats-Unis aux\u00a0ressources mini\u00e8res du pays en compensation de l&rsquo;aide am\u00e9ricaine re\u00e7ue par Kiev.<\/p>\n<p>\u00abJe ne signerai rien qui sera pay\u00e9 par dix g\u00e9n\u00e9rations d\u2019Ukrainiens\u00bb, a-t-il lanc\u00e9 \u00e0 ce sujet, affirmant que l&rsquo;aide am\u00e9ricaine act\u00e9e avec l&rsquo;ancien pr\u00e9sident Joe Biden\u00a0\u00e9tait constitu\u00e9e de \u00absubventions\u00bb et non d&rsquo;\u00abobligations\u00bb.<\/p>\n<p>Dans une r\u00e9cente d\u00e9claration,\u00a0le pr\u00e9sident am\u00e9ricain a qualifi\u00e9\u00a0son homologue ukrainien\u00a0de \u00abdictateur sans \u00e9lections\u00bb et a estim\u00e9 qu\u2019il avait fait \u00abun boulot \u00e9pouvantable\u00bb en mati\u00e8re de n\u00e9gociations.<\/p>\n<p>Dans un message plus conciliant envers Donald Trump, Volodymyr Zelensky a exprim\u00e9 son souhait d\u2019\u00abune compr\u00e9hension mutuelle\u00bb avec le pr\u00e9sident am\u00e9ricain, tout en r\u00e9it\u00e9rant sa demande des \u00abgaranties de s\u00e9curit\u00e9\u00bb\u00a0de la part de Washington.<\/p>\n<p>Plusieurs personnalit\u00e9s europ\u00e9ennes sont attendues\u00a0le 24 f\u00e9vrier \u00e0 Kiev, dont la pr\u00e9sidente de la Commission europ\u00e9enne, Ursula von der Leyen, et le Premier ministre espagnol, Pedro S\u00e1nchez. Leur visite s\u2019inscrit dans un contexte de tensions diplomatiques\u00a0grandissantes entre Kiev et Washington et\u00a0d&rsquo;incertitudes sur la poursuite de l&rsquo;aide occidentale.<\/p>\n<\/div>\n<p><br \/>\n<br \/><a href=\"https:\/\/francais.rt.com\/international\/117177-ukraine-zelensky-declare-pret-partir\" target=\"_blank\"\">Source link <\/a><\/p>\n","protected":false},"excerpt":{"rendered":"<p>Lors d\u2019une conf\u00e9rence de presse \u00e0 Kiev ce 23 f\u00e9vrier, Volodymyr Zelensky a d\u00e9clar\u00e9 qu\u2019il \u00e9tait pr\u00eat \u00e0 quitter le palais Mariinsky si cela permettait \u00e0 son pays d\u2019int\u00e9grer l\u2019OTAN.&hellip; <\/p>\n","protected":false},"author":1,"featured_media":3216,"comment_status":"open","ping_status":"open","sticky":false,"template":"","format":"standard","meta":{"footnotes":""},"categories":[1],"tags":[],"class_list":["post-3215","post","type-post","status-publish","format-standard","has-post-thumbnail","hentry","category-non-classe"],"_links":{"self":[{"href":"https:\/\/monde25.info\/index.php\/wp-json\/wp\/v2\/posts\/3215","targetHints":{"allow":["GET"]}}],"collection":[{"href":"https:\/\/monde25.info\/index.php\/wp-json\/wp\/v2\/posts"}],"about":[{"href":"https:\/\/monde25.info\/index.php\/wp-json\/wp\/v2\/types\/post"}],"author":[{"embeddable":true,"href":"https:\/\/monde25.info\/index.php\/wp-json\/wp\/v2\/users\/1"}],"replies":[{"embeddable":true,"href":"https:\/\/monde25.info\/index.php\/wp-json\/wp\/v2\/comments?post=3215"}],"version-history":[{"count":0,"href":"https:\/\/monde25.info\/index.php\/wp-json\/wp\/v2\/posts\/3215\/revisions"}],"wp:featuredmedia":[{"embeddable":true,"href":"https:\/\/monde25.info\/index.php\/wp-json\/wp\/v2\/media\/3216"}],"wp:attachment":[{"href":"https:\/\/monde25.info\/index.php\/wp-json\/wp\/v2\/media?parent=3215"}],"wp:term":[{"taxonomy":"category","embeddable":true,"href":"https:\/\/monde25.info\/index.php\/wp-json\/wp\/v2\/categories?post=3215"},{"taxonomy":"post_tag","embeddable":true,"href":"https:\/\/monde25.info\/index.php\/wp-json\/wp\/v2\/tags?post=3215"}],"curies":[{"name":"wp","href":"https:\/\/api.w.org\/{rel}","templated":true}]}}