{"id":3217,"date":"2025-02-23T21:59:43","date_gmt":"2025-02-23T20:59:43","guid":{"rendered":"https:\/\/monde25.info\/index.php\/2025\/02\/23\/elections-en-allemagne-la-droite-en-tete-lextreme-droite-arrive-deuxieme\/"},"modified":"2025-02-23T21:59:43","modified_gmt":"2025-02-23T20:59:43","slug":"elections-en-allemagne-la-droite-en-tete-lextreme-droite-arrive-deuxieme","status":"publish","type":"post","link":"https:\/\/monde25.info\/index.php\/2025\/02\/23\/elections-en-allemagne-la-droite-en-tete-lextreme-droite-arrive-deuxieme\/","title":{"rendered":"\u00c9lections en Allemagne: la droite en t\u00eate, l\u2019extr\u00eame droite arrive deuxi\u00e8me"},"content":{"rendered":"<p> <br \/>\n<br \/>La CDU\/CSU de Friedrich Merz est en t\u00eate des projections pour les \u00e9lections f\u00e9d\u00e9rales allemandes, mais avec un score m\u00e9diocre. L\u2019extr\u00eame droite est proche de 20% des voix et le SPD enregistre une d\u00e9faite historique. Les contours de la future coalition restent incertains.<br \/>\n<br \/><br \/>\n<br \/><a href=\"https:\/\/www.mediapart.fr\/journal\/international\/230225\/elections-en-allemagne-la-droite-en-tete-l-extreme-droite-arrive-deuxieme\" target=\"_blank\"\">Source link <\/a><\/p>\n","protected":false},"excerpt":{"rendered":"<p>La CDU\/CSU de Friedrich Merz est en t\u00eate des projections pour les \u00e9lections f\u00e9d\u00e9rales allemandes, mais avec un score m\u00e9diocre. L\u2019extr\u00eame droite est proche de 20% des voix et le&hellip; <\/p>\n","protected":false},"author":1,"featured_media":3218,"comment_status":"open","ping_status":"open","sticky":false,"template":"","format":"standard","meta":{"footnotes":""},"categories":[1],"tags":[],"class_list":["post-3217","post","type-post","status-publish","format-standard","has-post-thumbnail","hentry","category-non-classe"],"_links":{"self":[{"href":"https:\/\/monde25.info\/index.php\/wp-json\/wp\/v2\/posts\/3217","targetHints":{"allow":["GET"]}}],"collection":[{"href":"https:\/\/monde25.info\/index.php\/wp-json\/wp\/v2\/posts"}],"about":[{"href":"https:\/\/monde25.info\/index.php\/wp-json\/wp\/v2\/types\/post"}],"author":[{"embeddable":true,"href":"https:\/\/monde25.info\/index.php\/wp-json\/wp\/v2\/users\/1"}],"replies":[{"embeddable":true,"href":"https:\/\/monde25.info\/index.php\/wp-json\/wp\/v2\/comments?post=3217"}],"version-history":[{"count":0,"href":"https:\/\/monde25.info\/index.php\/wp-json\/wp\/v2\/posts\/3217\/revisions"}],"wp:featuredmedia":[{"embeddable":true,"href":"https:\/\/monde25.info\/index.php\/wp-json\/wp\/v2\/media\/3218"}],"wp:attachment":[{"href":"https:\/\/monde25.info\/index.php\/wp-json\/wp\/v2\/media?parent=3217"}],"wp:term":[{"taxonomy":"category","embeddable":true,"href":"https:\/\/monde25.info\/index.php\/wp-json\/wp\/v2\/categories?post=3217"},{"taxonomy":"post_tag","embeddable":true,"href":"https:\/\/monde25.info\/index.php\/wp-json\/wp\/v2\/tags?post=3217"}],"curies":[{"name":"wp","href":"https:\/\/api.w.org\/{rel}","templated":true}]}}