{"id":3221,"date":"2025-02-23T23:38:35","date_gmt":"2025-02-23T22:38:35","guid":{"rendered":"https:\/\/monde25.info\/index.php\/2025\/02\/23\/sommes-nous-atteints-du-virus-de-la-peur-enfant-de-la-societe-sott-net\/"},"modified":"2025-02-23T23:38:35","modified_gmt":"2025-02-23T22:38:35","slug":"sommes-nous-atteints-du-virus-de-la-peur-enfant-de-la-societe-sott-net","status":"publish","type":"post","link":"https:\/\/monde25.info\/index.php\/2025\/02\/23\/sommes-nous-atteints-du-virus-de-la-peur-enfant-de-la-societe-sott-net\/","title":{"rendered":"Sommes-nous atteints du virus de la peur ? \u2014 Enfant de la Soci\u00e9t\u00e9 \u2014 Sott.net"},"content":{"rendered":"<p> <br \/>\n<\/p>\n<div>\n      Dans une approche pr\u00e9dictive, <a target=\"_blank\" href=\"https:\/\/www.amazon.fr\/stores\/author\/B001IQZ7LW\/about\">Mike Adams<\/a>, \u00ab garde forestier de la sant\u00e9 \u00bb, affirme que la prochaine pand\u00e9mie sera une op\u00e9ration psychologique <a target=\"_blank\" href=\"https:\/\/www.francesoir.fr\/opinions-tribunes\/de-la-peur-du-virus-au-virus-de-la-peur\">bas\u00e9e sur la peur<\/a>, con\u00e7ue pour manipuler le public afin qu&rsquo;il se conforme \u00e0 l&rsquo;agenda mondialiste, et pour imposer une diminution de la population sous couvert de sant\u00e9 publique.<br \/>\n<\/p>\n<div class=\"article-image-large to-center\"><a target=\"_blank\" href=\"https:\/\/fr.sott.net\/image\/s36\/723664\/full\/Virus_de_la_peur.jpg\" target=\"_blank\" title=\"\u00a9 France-Soir \/ IA\"><img decoding=\"async\" src=\"https:\/\/fr.sott.net\/image\/s36\/723664\/large\/Virus_de_la_peur.jpg\" alt=\"Virus de la peur\" title=\"Cliquer pour agrandir\"\/><\/a><\/p>\n<p><span class=\"tiny\">\u00a9 France-Soir \/ IA<\/span><span class=\"caption\">Le virus de la peur est-il parmi nous ?<\/span><\/p>\n<\/div>\n<p>\n      Qualifi\u00e9e de th\u00e9orie du complot par les m\u00e9dias mainstream subventionn\u00e9s, il va m\u00eame jusqu&rsquo;\u00e0 sugg\u00e9rer que les sympt\u00f4mes seront provoqu\u00e9s par la lib\u00e9ration de poisons de contact en a\u00e9rosol pour cr\u00e9er la panique, et non pas par de v\u00e9ritables infections virales :<\/p>\n<blockquote class=\"typ2\"><p>\n\u00ab Ce que le syst\u00e8me va faire pour essayer d&rsquo;effrayer les gens avec la prochaine soi-disant pand\u00e9mie, c&rsquo;est qu&rsquo;ils lib\u00e9reront ou a\u00e9rosoliseront un poison de contact qui provoquera des sympt\u00f4mes. Cela rendra les gens tr\u00e8s malades, cela en tuera certains. Ils diront que c&rsquo;est un virus, et ils diront que c&rsquo;est infectieux, alors que cela ne proviendra pas d&rsquo;un virus. \u00bb\n<\/p><\/blockquote>\n<p>Puis, d&rsquo;ajouter ceci \u00e0 ce sujet :<\/p>\n<blockquote class=\"typ2\"><p>\n\u00ab Les pr\u00e9tendues pand\u00e9mies virales sont en r\u00e9alit\u00e9 des crises invent\u00e9es de toutes pi\u00e8ces, bas\u00e9es sur une virologie frauduleuse. Il n&rsquo;existe pas de pand\u00e9mie virale. L&rsquo;ensemble du domaine de la virologie est enracin\u00e9 dans tellement de fraudes, que c&rsquo;est tout simplement stup\u00e9fiant. Les gens ne devraient pas accepter ce faux r\u00e9cit, faire la queue pour se faire \u00ab vacciner \u00bb et se soumettre au contr\u00f4le de l&rsquo;\u00c9tat policier m\u00e9dical. \u00bb\n<\/p><\/blockquote>\n<p>Et, malheureusement, l&rsquo;actualit\u00e9 g\u00e9opolitique 2000-2024 semble lui avoir donn\u00e9 pleinement raison, notamment concernant ce qui s&rsquo;apparente \u00e0 une autocratie sanitaire mondialis\u00e9e que l&rsquo;Organisation mondiale de la Sant\u00e9 (OMS) veut instaurer. Institutionnaliser, m\u00eame, puisque les pays membres de cette cabale ont accord\u00e9 carte blanche \u00e0 l&rsquo;OMS dans ce domaine. \u00c0 savoir une pr\u00e9s\u00e9ance juridique des d\u00e9cisions de l&rsquo;OMS en droit interne. C&rsquo;est-\u00e0-dire que les d\u00e9cisions de l&rsquo;OMS s&rsquo;imposent dans ces pays, avec obligation pour leurs Gouvernements de les faire appliquer : confinement, s\u00e9gr\u00e9gation, internement, <a target=\"_blank\" href=\"https:\/\/www.francesoir.fr\/opinions-editos\/et-si-tout-ceci-n-etait-que-le-fruit-d-un-neuro-marketing-gouvernemental\">abonnement \u00e0 la \u00ab loterie vaccinale \u00bb qui s&rsquo;apparente \u00e0 un neuro marketing gouvernemental<\/a> et Cie.<\/p>\n<p>La r\u00e9\u00e9lection de Donald Trump a mis le hol\u00e0 \u00e0 cette folie. En effet, l&rsquo;annonce qu&rsquo;il a faite, que les \u00c9tats-Unis quittent l&rsquo;OMS, sonne le glas de cette folie bureaucrate normative.<\/p>\n<p>En effet, d&rsquo;abord parce que, pour sa plus grande part, l&rsquo;OMS est financ\u00e9e par les \u00c9tats-Unis, et ensuite comme l&rsquo;enti\u00e8ret\u00e9 du potentiel coercitif de l&rsquo;OMS, repose sur le pouvoir g\u00e9opolitique des \u00c9tats-Unis. Sans les \u00c9tats-Unis pour financer l&rsquo;OMS et appuyer ses d\u00e9cisions, l&rsquo;OMS n&rsquo;est rien. Rien si ce n&rsquo;est une pompe \u00e0 fric \u00e0 la solde de Big Pharma, qui d\u00e9sormais fonctionnera uniquement avec l&rsquo;argent du contribuable europ\u00e9en. Except\u00e9e l&rsquo;Italie, qui par la voix du Pr\u00e9sident de son Conseil des ministres, Giorgia Meloni, a annonc\u00e9, elle aussi, qu&rsquo;elle quitte l&rsquo;OMS. C&rsquo;\u00e9tait la semaine pass\u00e9e.<\/p>\n<p>Quoi qu&rsquo;il en soit, les faits sont l\u00e0 : la gouvernance par la peur est bel et bien la strat\u00e9gie utilis\u00e9e par tous les Gouvernements. On en avait d\u00e9j\u00e0 eu l&rsquo;illustration, un avant-go\u00fbt persistant depuis 1962, avec la menace permanente d&rsquo;une guerre nucl\u00e9aire initi\u00e9e avec \u00ab la crise des missiles de Cuba \u00bb, menace relanc\u00e9e en 1981 par Ronald Reagan et son programme spatial \u00ab La Guerre des \u00e9toiles \u00bb avanc\u00e9 comme indispensable \u00e0 assurer la paix. <a target=\"_blank\" href=\"https:\/\/www.francesoir.fr\/opinions-editos\/vrais-mensonges-et-fausses-verites-les-nouveaux-standards-de-la-propagande-1\">On en a eu la confirmation, on ne peut plus manifeste avec la covid<\/a>, et rebelote tous les jours, depuis le 22 f\u00e9vrier 2022, avec <a target=\"_blank\" href=\"https:\/\/www.francesoir.fr\/opinions-editos\/le-metaverse-de-la-guerre-en-ukraine-mythe-ou-realite\">la guerre en Ukraine<\/a>.\n<\/p>\n<blockquote class=\"typ2\"><p>\n\u00ab Vous pouvez le faire dans un r\u00e9gime nazi, socialiste, communiste, dans une monarchie ou une d\u00e9mocratie. La seule chose dont un gouvernement a besoin pour transformer les gens en esclaves est la peur. Si vous pouvez trouver quelque chose pour les effrayer, vous pouvez leur faire faire tout ce que vous voulez. \u00bb\n<\/p><\/blockquote>\n<p>Qu&rsquo;importe si oui ou non Hermann G\u00f6ring a prononc\u00e9 cette phrase lors du proc\u00e8s de Nuremberg (comme ce fut soutenu un temps). Il se trouve qu&rsquo;effectivement, <strong>c&rsquo;est la peur panique g\u00e9n\u00e9r\u00e9e artificiellement au niveau mondial autour du covid<\/strong>, qui a \u00e9t\u00e9 autant le vecteur utilis\u00e9 que le pr\u00e9texte invoqu\u00e9 par les dirigeants nationaux, pour imposer \u00e0 la population, dans leurs pays respectifs, des restrictions drastiques des libert\u00e9s publiques et priv\u00e9es. Ces restrictions furent peu ou prou identiques partout sur la plan\u00e8te (\u00e0 quelques exceptions pr\u00e8s), et des d\u00e9penses exorbitantes au possible. Exorbitantes et nocives. Contre-productives. En Europe, on parle d\u00e9sormais de pr\u00e8s de mille milliards d&rsquo;euros pour les achats de \u00ab vaccins \u00bb, de masques et de tests. Des vaccins qui g\u00e9n\u00e8rent dix fois plus de probl\u00e8mes sanitaires que le virus en a caus\u00e9s. Des masques totalement inefficaces contre les virus (c&rsquo;est indiqu\u00e9 noir sur blanc par les fabricants sur les boites de masques). Et, des tests de d\u00e9pistage de la covid, maintenant, dont le but a permis de faire monter en fl\u00e8che les cas de covid, l\u00e0 aussi de mani\u00e8re artificielle. Accompagn\u00e9 du discr\u00e9dit apport\u00e9 aux traitements pr\u00e9coces ainsi que de l&rsquo;invisibilisation des paroles scientifiques contrariantes, <a target=\"_blank\" href=\"https:\/\/www.francesoir.fr\/politique-monde\/guerre-du-vaccin-etats-unis-russie-chine-ue-il-faut-eliminer-le-soldat\">cela permit de justifier fallacieusement le recours au vaccin<\/a>. Avancer en pleines et enti\u00e8res conscience et volont\u00e9 de mentir \u00e9hont\u00e9ment aux peuples, que sans recours au vaccin \u00ab on va tous mourir \u00bb, et que, d\u00e8s lors, ceux qui s&rsquo;opposent \u00e0 la vaccination sont des assassins en puissance. Des terroristes.<\/p>\n<p>Devenu en passe de devenir secr\u00e9taire d&rsquo;\u00c9tat am\u00e9ricain \u00e0 la sant\u00e9, Robert Kennedy Jr a repris cette citation il y a quelques ann\u00e9es, <a target=\"_blank\" href=\"https:\/\/www.francesoir.fr\/opinions-entretiens-politique-monde\/interview-robert-f-kennedy-berlin-cetait-des-gens-qui-veulent\">lors d&rsquo;un rassemblement contre les mesures de restriction contre la Covid<\/a>. Ce fut sans mentionner cette partie-ci de celle-ci, qui officiellement fut le tout d\u00e9but de la r\u00e9ponse apport\u00e9e par Hermann G\u00f6ring, lors du proc\u00e8s de Nuremberg, \u00e0 la question de savoir comment les Allemands avaient pu accepter toutes les d\u00e9rives liberticides et criminelles du r\u00e9gime nazi, et y participer \u00bb :\n<\/p>\n<blockquote class=\"typ2\"><p>\n\u00ab C&rsquo;est tr\u00e8s facile et \u00e7a n&rsquo;a rien \u00e0 voir avec le nazisme. Cela a \u00e0 voir avec la nature humaine. \u00bb\n<\/p><\/blockquote>\n<div class=\"article-image-large to-center\"><a target=\"_blank\" href=\"https:\/\/fr.sott.net\/image\/s36\/723667\/full\/Milgram.jpg\" target=\"_blank\"><img decoding=\"async\" loading=\"lazy\" src=\"https:\/\/fr.sott.net\/image\/s36\/723667\/large\/Milgram.jpg\" alt=\"Milgram\" title=\"Cliquer pour agrandir\"\/><\/a><\/div>\n<p>C&rsquo;est rigoureusement exact. Et h\u00e9las pour les peuples du monde, ceux qui nous dirigent le savent pertinemment. Voil\u00e0 comment, en appuyant lourdement sur cette composante de la nature humaine (via une propagande similaire \u00e0 celle de Joseph Goebbels durant l&rsquo;Allemagne nazie, \u00e0 la port\u00e9e augment\u00e9e par les moyens technologiques modernes), ils arrivent \u00e0 conduire la tr\u00e8s grande majorit\u00e9 des individus qui constituent \u00ab les masses \u00bb, non seulement \u00e0 tout accepter, m\u00eame l&rsquo;inacceptable, mais aussi \u00e0 participer aux restrictions des libert\u00e9s et \u00e0 la coercition. \u00c0 savoir avec des citoyens, policiers sans uniforme, qui s\u00e9vissent comme chiens de garde du syst\u00e8me, \u00e0 l&rsquo;encontre de ceux qui ne c\u00e8dent pas aux mesures qui mat\u00e9rialisent ces restrictions des libert\u00e9s.<\/p>\n<div class=\"article-image-large to-center\"><a target=\"_blank\" href=\"https:\/\/fr.sott.net\/image\/s36\/723668\/full\/Image_parodique_covid.jpg\" target=\"_blank\"><img decoding=\"async\" loading=\"lazy\" src=\"https:\/\/fr.sott.net\/image\/s36\/723668\/large\/Image_parodique_covid.jpg\" alt=\"Image parodique covid\" title=\"Cliquer pour agrandir\"\/><\/a><\/p>\n<p><span class=\"caption\">Image parodique<\/span><\/p>\n<\/div>\n<p>\u00ab L&rsquo;erreur est humaine \u00bb, nous dit l&rsquo;adage. \u00c0 juste titre. N\u00e9anmoins, si certes la premi\u00e8re fois qu&rsquo;on commet telle erreur, on est excusable, \u00e0 l&rsquo;inverse, la commettre deux fois d&rsquo;affil\u00e9e, c&rsquo;est passer de victime \u00e0 coupable. Coupable par complicit\u00e9. Ou alors il faudrait appeler cela de la connerie \u00ab pure et dure \u00bb, et consid\u00e9rer que la connerie pure et dure a enti\u00e8rement trait \u00e0 la nature humaine.<\/p>\n<p>Et, face au succ\u00e8s de la t\u00e9l\u00e9r\u00e9alit\u00e9, des \u00e9missions du style \u00ab TPMP \u00bb et \u00ab Quotidien \u00bb, du rap pareillement \u00ab pur et dur \u00bb, et des cha\u00eenes d&rsquo;information en continu qui elles aussi d\u00e9bitent conneries sur conneries, on peut r\u00e9solument craindre que &#8211; si ! &#8211; la connerie pure et dure serait devenue un \u00e9l\u00e9ment idiosyncrasique des sapiens sapiens modernes qui constituent les masses.<\/p>\n<p>Tout particuli\u00e8rement en France, la connerie semble institutionnalis\u00e9e par l&rsquo;\u00e9ducation nationale. Oui ! C&rsquo;est une d\u00e9g\u00e9n\u00e9rescence m\u00e9thodique des esprits qui est impos\u00e9e en permanence \u00e0 \u00ab nos jolies petites t\u00eates blondes \u00bb (et autres), d\u00e8s leur plus jeune \u00e2ge et durant toute leur scolarit\u00e9. Cette d\u00e9g\u00e9n\u00e9rescence est intervenue \u00e0 l&rsquo;initiative de Fran\u00e7ois Mitterrand, en 1981, justement pour faciliter l&rsquo;institution de normes qui permettent ainsi la manipulation des masses. Et, toujours \u00e0 cette fin autoritaire, elle a \u00e9t\u00e9 ensuite intensifi\u00e9e et conduite \u00e0 son paroxysme par tous ceux qui lui ont succ\u00e9d\u00e9 \u00e0 l&rsquo;\u00c9lys\u00e9e. Nicolas Sarkozy et Fran\u00e7ois Hollande notamment.<\/p>\n<p>Et, Emmanuel Macron a \u00e9t\u00e9, c&rsquo;est notoire, officiel, de 14 ans \u00e0 sa majorit\u00e9, la victime d&rsquo;un professeur de th\u00e9\u00e2tre auteur d&rsquo;actes destructeurs et r\u00e9pr\u00e9hensibles, puisque qualifi\u00e9s a minima d\u00e9lits par la loi (d\u00e9tournement de mineur, incitation \u00e0 la d\u00e9bauche, attouchements), voire carr\u00e9ment crime (viol sur mineur par personne ayant autorit\u00e9). C&rsquo;est triste \u00e0 dire, mais il en est ainsi : c&rsquo;est sinon normal, du moins logique, qu&rsquo;\u00e9tant aux commandes du pays pr\u00e9cis\u00e9ment avec ce professeur de th\u00e9\u00e2tre pour conjoint, Emmanuel Macron a pouss\u00e9 cette d\u00e9g\u00e9n\u00e9rescence m\u00e9thodique des esprits \u00e0 son paroxysme, et m\u00eame au-del\u00e0, dans tous les domaines et \u00e0 tous les niveaux.<\/p>\n<p>Les Fran\u00e7ais l&rsquo;ont bien assimil\u00e9 tel qu&rsquo;ils l&rsquo;ont exprim\u00e9 <a target=\"_blank\" href=\"https:\/\/www.francesoir.fr\/politique-france-monde-societe-economie\/la-fracture-entre-les-francais-le-gouvernement-et-le\">dans le sondage France-Soir\/BonSens.org<\/a> : <strong>57 %<\/strong> jugent qu&rsquo;il serait <strong>tr\u00e8s grave que le pr\u00e9sident Macron ait menti aux citoyens sur la v\u00e9ritable identit\u00e9 de Brigitte Macron<\/strong>. Et 47 % \u00e9valuent qu&rsquo;un professeur qui a eu des relations intimes avec un \u00e9l\u00e8ve de plus de vingt-ans son cadet ne doit pas pouvoir continuer d&rsquo;enseigner ou doit \u00eatre d\u00e9nonc\u00e9 par le Rectorat et les parents aux services judiciaires afin qu&rsquo;une enqu\u00eate soit men\u00e9e.<\/p>\n<div class=\"article-image-super to-center\"><a target=\"_blank\" href=\"https:\/\/fr.sott.net\/image\/s36\/723669\/full\/Sondage_Brigitte.jpg\" target=\"_blank\"><img decoding=\"async\" loading=\"lazy\" src=\"https:\/\/fr.sott.net\/image\/s36\/723669\/super\/Sondage_Brigitte.jpg\" alt=\"Sondage Brigitte\" title=\"Cliquer pour agrandir\"\/><\/a><\/div>\n<p> Et il a aussi port\u00e9 atteinte \u00e0 la fonction pr\u00e9sidentielle \u00e9videmment. En atteste <a target=\"_blank\" href=\"https:\/\/youtu.be\/THd1brAl_tc?si=Xagm3MVC_L1RosIc\">la vid\u00e9o qu&rsquo;il a publi\u00e9e sur le site officiel de l&rsquo;\u00c9lys\u00e9e<\/a> :<\/p>\n<p><iframe loading=\"lazy\" title=\"Macron CHOQUE une journaliste indienne en direct, au sujet de l&#039;IA...\" width=\"1110\" height=\"624\" src=\"https:\/\/www.youtube.com\/embed\/THd1brAl_tc?feature=oembed\" frameborder=\"0\" allow=\"accelerometer; autoplay; clipboard-write; encrypted-media; gyroscope; picture-in-picture; web-share\" referrerpolicy=\"strict-origin-when-cross-origin\" allowfullscreen><\/iframe><\/p>\n<p>Dans ce montage effectu\u00e9 par l&rsquo;intelligence artificielle, et montr\u00e9 au monde entier comme promotion du d\u00e9veloppement que la France souhaite effectif en Europe pour cette technologie, Emmanuel Macron appara\u00eet travesti en femme transgenre pu\u00e9rile, qui se dandine lascivement, grossi\u00e8re et candide, sur des musiques de s\u00e9ries t\u00e9l\u00e9vis\u00e9es des ann\u00e9es 80, et qui disserte b\u00e9atement sur sa coiffure et sur ses v\u00eatements. Comme s&rsquo;il s&rsquo;agissait de r\u00e9pondre par le ridicule \u00e9tatique absolu, \u00e0 cette occasion pourtant solennelle (1), aux rumeurs qu&rsquo;il a dit \u00eatre r\u00e9pandues par \u00ab des fadas \u00bb : \u00ab celles et ceux \u00bb qui affirment qu&rsquo;il est homosexuel et <a target=\"_blank\" href=\"https:\/\/www.francesoir.fr\/societe-faits-divers\/brigitte-vs-jean-michel-man-or-woman-year-femme-ou-homme-de-l-annee\">que son \u00e9pouse serait en r\u00e9alit\u00e9 un homme<\/a>. Ainsi qu&rsquo;\u00e0 ceux qui <a target=\"_blank\" href=\"https:\/\/www.francesoir.fr\/opinions-editos\/je-suis-malade-completement-malade-premiere-partie\">s&rsquo;interrogent quant \u00e0 savoir s&rsquo;il n&rsquo;est pas malade<\/a>, <a target=\"_blank\" href=\"https:\/\/www.francesoir.fr\/opinions-editos\/macron-t-il-aussi-rendu-malade-ses-concitoyens-en-mettant-en-place-une-maltraitance\">s&rsquo;il n&rsquo;a pas rendu malades ses concitoyens avec la maltraitance institutionnelle de la population,<\/a> avec en sus une emprise psych\u00e9d\u00e9lique pr\u00e9sum\u00e9e de produits stup\u00e9fiants. Cela fait beaucoup.<\/p>\n<div class=\"article-image-large to-center\"><a target=\"_blank\" href=\"https:\/\/fr.sott.net\/image\/s36\/723670\/full\/Freud.jpg\" target=\"_blank\"><img decoding=\"async\" loading=\"lazy\" src=\"https:\/\/fr.sott.net\/image\/s36\/723670\/large\/Freud.jpg\" alt=\"Freud\" title=\"Cliquer pour agrandir\"\/><\/a><\/div>\n<p>Ah \u00e7a, c&rsquo;est s\u00fbr ! Sachant qu&rsquo;en outre, il est certainement capable de pousser le bouchon, beaucoup plus loin encore pendant les deux ann\u00e9es \u00e0 venir, r\u00e9parer les d\u00e9g\u00e2ts qu&rsquo;Emmanuel Macron a caus\u00e9s durant ses deux mandats pr\u00e9sidentiels s&rsquo;annonce tr\u00e8s long et tr\u00e8s difficile.<\/p>\n<p>Si tant est que cela soit possible. Et, impossible cela le sera, si nous persistons \u00e0 mettre au pouvoir des individus sans scrupules ni morale.<\/p>\n<p>Je vous en reparlerai dans un prochain \u00e9dito.<\/p>\n<p>D&rsquo;ici l\u00e0, on m&rsquo;indique dans l&rsquo;oreillette que, ce soir, <a target=\"_blank\" href=\"https:\/\/www.francesoir.fr\/societe-faits-divers\/devenir-brigitte-une-serie-de-revelations-explosives-et-controverses-autour-de\">c&rsquo;est le grand soir de Candace Owens<\/a>, avec Xavier Poussard qui vient de sortir un livre \u00ab <a target=\"_blank\" href=\"https:\/\/www.amazon.fr\/Becoming-Brigitte-Xavier-Poussard\/dp\/B0DWGF5F43\/ref=sr_1_fkmr2_1?dib=eyJ2IjoiMSJ9.mEk3YQpqPgHbfnSrEu6vQqpy4f5CdSwoRmWSKFteaTVwclXR2mNwzLsMDLth25sljCy7gL6TKHn4V8rjB0x3iCIJjtA-BsE_1nxwki8ron2X0ERmEyjC2nC39ZNrfm0U.jaaq29qQFlS7dxHCqVji8A3CzQ8WHPp803C5LDp54eE&amp;dib_tag=se&amp;keywords=devenir+brigitte&amp;qid=1739091431&amp;sr=8-1-fkmr2\">Becoming Brigitte \u00bb.<\/a> (2) Le virus de la peur aurait-il chang\u00e9 de camp ?<\/p>\n<p><em>1) le sommet europ\u00e9en du lendemain sur l&rsquo;intelligence artificielle, et l&rsquo;annonce qu&rsquo;il a faite concomitamment que la France va investir 109 milliards d&rsquo;euros dans ce domaine. Sur quel budget ? Nombreux sont ceux qui avancent qu&rsquo;il s&rsquo;agit l\u00e0 d&rsquo;une nouvelle manifestation de la folie qui l&rsquo;habite. La folie simplement \u00ab jupit\u00e9rienne \u00bb qu&rsquo;on lui pr\u00eatait g\u00e9n\u00e9reusement lors de son premier mandat, mais qu&rsquo;il conviendrait semble-t-il de porter \u00e0 folie tout court, au regard ses derniers errements, r\u00e9currence, nature et port\u00e9e.<\/em><\/p>\n<p><em>2) Serait-ce une co\u00efncidence, que Owens et Poussard aient choisi la date d&rsquo;aujourd&rsquo;hui pour leur prochaine \u00e9mission, et ainsi souhaiter un joyeux anniversaire \u00e0 Jean-Michel Trogneux qui a 80 ans aujourd&rsquo;hui. Quelle d\u00e9licate attention. R\u00e9ponse ce soir vers 22h.<\/em><\/p>\n<p><em>[Article publi\u00e9 le 11 f\u00e9vrier 2025]<\/em><\/p>\n<\/p><\/div>\n<p><br \/>\n<br \/><a href=\"https:\/\/fr.sott.net\/article\/44245-Sommes-nous-atteints-du-virus-de-la-peur\" target=\"_blank\"\">Source link <\/a><\/p>\n","protected":false},"excerpt":{"rendered":"<p>Dans une approche pr\u00e9dictive, Mike Adams, \u00ab garde forestier de la sant\u00e9 \u00bb, affirme que la prochaine pand\u00e9mie sera une op\u00e9ration psychologique bas\u00e9e sur la peur, con\u00e7ue pour manipuler le&hellip; <\/p>\n","protected":false},"author":1,"featured_media":3222,"comment_status":"open","ping_status":"open","sticky":false,"template":"","format":"standard","meta":{"footnotes":""},"categories":[1],"tags":[],"class_list":["post-3221","post","type-post","status-publish","format-standard","has-post-thumbnail","hentry","category-non-classe"],"_links":{"self":[{"href":"https:\/\/monde25.info\/index.php\/wp-json\/wp\/v2\/posts\/3221","targetHints":{"allow":["GET"]}}],"collection":[{"href":"https:\/\/monde25.info\/index.php\/wp-json\/wp\/v2\/posts"}],"about":[{"href":"https:\/\/monde25.info\/index.php\/wp-json\/wp\/v2\/types\/post"}],"author":[{"embeddable":true,"href":"https:\/\/monde25.info\/index.php\/wp-json\/wp\/v2\/users\/1"}],"replies":[{"embeddable":true,"href":"https:\/\/monde25.info\/index.php\/wp-json\/wp\/v2\/comments?post=3221"}],"version-history":[{"count":0,"href":"https:\/\/monde25.info\/index.php\/wp-json\/wp\/v2\/posts\/3221\/revisions"}],"wp:featuredmedia":[{"embeddable":true,"href":"https:\/\/monde25.info\/index.php\/wp-json\/wp\/v2\/media\/3222"}],"wp:attachment":[{"href":"https:\/\/monde25.info\/index.php\/wp-json\/wp\/v2\/media?parent=3221"}],"wp:term":[{"taxonomy":"category","embeddable":true,"href":"https:\/\/monde25.info\/index.php\/wp-json\/wp\/v2\/categories?post=3221"},{"taxonomy":"post_tag","embeddable":true,"href":"https:\/\/monde25.info\/index.php\/wp-json\/wp\/v2\/tags?post=3221"}],"curies":[{"name":"wp","href":"https:\/\/api.w.org\/{rel}","templated":true}]}}