{"id":3223,"date":"2025-02-24T01:17:36","date_gmt":"2025-02-24T00:17:36","guid":{"rendered":"https:\/\/monde25.info\/index.php\/2025\/02\/24\/desastreuse-pour-la-biodiversite-la-loi-dorientation-agricole-est-adoptee\/"},"modified":"2025-02-24T01:17:36","modified_gmt":"2025-02-24T00:17:36","slug":"desastreuse-pour-la-biodiversite-la-loi-dorientation-agricole-est-adoptee","status":"publish","type":"post","link":"https:\/\/monde25.info\/index.php\/2025\/02\/24\/desastreuse-pour-la-biodiversite-la-loi-dorientation-agricole-est-adoptee\/","title":{"rendered":"D\u00e9sastreuse pour la biodiversit\u00e9, la loi d\u2019orientation agricole est adopt\u00e9e"},"content":{"rendered":"<p> <br \/>\n<\/p>\n<div style=\"position:relative;\">\n        <picture><source type=\"image\/webp\" srcset=\"https:\/\/reporterre.net\/local\/cache-vignettes\/L720xH480\/pexels-nc-farm-bureau-mark-2889442_1_-2-42efb.jpg@.webp?1740138665\"><img loading=\"lazy\" decoding=\"async\" src=\"https:\/\/reporterre.net\/local\/cache-vignettes\/L720xH480\/pexels-nc-farm-bureau-mark-2889442_1_-2-42efb.jpg?1740138665\" width=\"720\" height=\"480\" alt=\"D\u00e9sastreuse pour la biodiversit\u00e9, la loi d'orientation agricole est adopt\u00e9e\" class=\"image_logo voir_logo\"\/><\/p>\n<p><\/source><\/picture>\n<p class=\"legende_logo\">La loi consacre le principe \u00ab pas d\u2019interdiction sans solution \u00bb, mantra de la FNSEA sur les pesticides. <span class=\"copyright_logo\">&#8211; Pexels \/ CC \/ Mark Stebnicki<\/span><\/p>\n<p class=\"legende_logo_480\">La loi consacre le principe \u00ab pas d\u2019interdiction sans solution \u00bb, mantra de la FNSEA sur les pesticides. <span class=\"copyright_logo\">&#8211; Pexels \/ CC \/ Mark Stebnicki<\/span><\/p>\n<\/p><\/div>\n<div>\n        <span class=\"date\">21 f\u00e9vrier 2025  \u00e0 12h56<\/span><\/p>\n<p class=\"duree_lecture\">\n        Dur\u00e9e de lecture : 2 minutes\n      <\/p>\n<\/p><\/div>\n<div>\n<p>Pile \u00e0 l\u2019heure pour l\u2019ouverture du Salon de l\u2019agriculture, samedi 22\u00a0f\u00e9vrier \u00e0 Paris. La loi d\u2019orientation agricole a \u00e9t\u00e9 d\u00e9finitivement adopt\u00e9e, jeudi 20\u00a0f\u00e9vrier, apr\u00e8s un ultime vote du S\u00e9nat dans l\u2019apr\u00e8s-midi. Le texte, <a target=\"_blank\" href=\"https:\/\/reporterre.net\/Deputes-et-senateurs-s-accordent-sur-une-loi-agricole-anti-ecolo\">issu d\u2019un accord entre d\u00e9put\u00e9s et s\u00e9nateurs<\/a> en commission mixte paritaire mardi soir, avait d\u00e9j\u00e0 \u00e9t\u00e9 approuv\u00e9 largement par l\u2019Assembl\u00e9e nationale mercredi, avec les voix macronistes, de la droite et du Rassemblement national.<\/p>\n<p>\u00c9labor\u00e9e comme une r\u00e9ponse \u00e0 la col\u00e8re des agriculteurs, <a target=\"_blank\" href=\"https:\/\/reporterre.net\/Rien-pour-la-bio-rien-pour-les-jeunes-paysans-la-loi-d-orientation-agricole-est-un-tres\">la loi ne r\u00e9pond m\u00eame pas \u00e0 son objectif principal<\/a>\u00a0: le renouvellement des g\u00e9n\u00e9rations pour assurer la souverainet\u00e9 alimentaire. Tr\u00e8s critiqu\u00e9 par les associations environnementales et la gauche, le texte est une catastrophe pour l\u2019\u00e9cologie.<\/p>\n<h2 class=\"spip\">L\u2019agriculture, \u00ab<small class=\"fine d-inline\">\u00a0<\/small>int\u00e9r\u00eat g\u00e9n\u00e9ral majeur<small class=\"fine d-inline\">\u00a0<\/small>\u00bb<\/h2>\n<p>L\u2019article 13, d\u00e9nonc\u00e9 comme <a target=\"_blank\" href=\"https:\/\/reporterre.net\/Destructions-d-especes-protegees-l-Etat-ouvre-la-porte-a-toutes-les-derives\"><i>\u00ab<small class=\"fine d-inline\">\u00a0<\/small>un permis de d\u00e9truire la biodiversit\u00e9<small class=\"fine d-inline\">\u00a0<\/small>\u00bb<\/i><\/a>, d\u00e9p\u00e9nalise les atteintes aux esp\u00e8ces prot\u00e9g\u00e9es lorsqu\u2019elles ne sont pas commises <i>\u00ab<small class=\"fine d-inline\">\u00a0<\/small>de mani\u00e8re intentionnelle<small class=\"fine d-inline\">\u00a0<\/small>\u00bb<\/i>, au profit d\u2019une simple amende administrative de 450\u00a0euros maximum ou du suivi d\u2019un stage de sensibilisation \u00e0 la protection de l\u2019environnement.<\/p>\n<p>Une autre mesure pr\u00e9voit de <i>\u00ab<small class=\"fine d-inline\">\u00a0<\/small>s\u2019abstenir d\u2019interdire les usages de produits  phytopharmaceutiques autoris\u00e9s par l\u2019Union europ\u00e9enne<small class=\"fine d-inline\">\u00a0<\/small>\u00bb<\/i> en l\u2019absence d\u2019alternatives viables. Une traduction du principe \u00ab<small class=\"fine d-inline\">\u00a0<\/small>pas d\u2019interdiction sans solution<small class=\"fine d-inline\">\u00a0<\/small>\u00bb, mantra de la <span class=\"caps\">FNSEA<\/span> sur les pesticides. L\u2019agriculture est \u00e9lev\u00e9e au rang <a target=\"_blank\" href=\"https:\/\/reporterre.net\/La-souverainete-alimentaire-une-revendication-paysanne-detournee-par-l-agro-industrie\">d\u2019<i>\u00ab<small class=\"fine d-inline\">\u00a0<\/small>int\u00e9r\u00eat g\u00e9n\u00e9ral majeur<small class=\"fine d-inline\">\u00a0<\/small>\u00bb<\/i><\/a>, la loi imposant ainsi une\u00a0vision productiviste. Elle s\u2019attaque aussi aux for\u00eats en affirmant le principe selon lequel toute gestion foresti\u00e8re serait vertueuse pour la nature. Or, c\u2019est faux\u00a0:  <i>\u00ab<small class=\"fine d-inline\">\u00a0<\/small>Une coupe rase dans une for\u00eat peut d\u00e9foncer les sols et mettre en p\u00e9ril les esp\u00e8ces qui y vivent<small class=\"fine d-inline\">\u00a0<\/small>\u00bb<\/i>, <a target=\"_blank\" href=\"https:\/\/reporterre.net\/La-loi-agricole-s-attaque-aussi-aux-forets\">expliquait \u00e0 <i>Reporterre<\/i><\/a> Bruno Doucet, charg\u00e9 de campagne for\u00eats fran\u00e7aises \u00e0 l\u2019association Canop\u00e9e.<\/p>\n<aside class=\"boite_encarts\">\n<div class=\"encart encart_gris noprint\">\n<p><strong>Puisque vous \u00eates l\u00e0&#8230;<\/strong><\/p>\n<p>&#8230; nous avons un petit service \u00e0 vous demander.<br class=\"autobr\"\/><br \/>\nEntre la pr\u00e9sence d\u2019un climatosceptique \u00e0 la t\u00eate de la premi\u00e8re puissance mondiale, un gouvernement fran\u00e7ais qui flirte avec l\u2019extr\u00eame-droite, et les catastrophes climatiques qui s\u2019enchainent&#8230; Faire vivre l\u2019\u00e9cologie dans le d\u00e9bat public est un enjeu crucial.<\/p>\n<p>Personne ne modifie ce que nous publions. Nous n\u2019avons ni actionnaire, ni propri\u00e9taire milliardaire \u2014 seulement une \u00e9quipe d\u2019irr\u00e9ductibles journalistes, pleine de d\u00e9termination.<\/p>\n<p>Nous avons la conviction que l\u2019urgence \u00e9cologique est l\u2019enjeu majeur de notre \u00e9poque. Et comme plus de 2 millions de lectrices et lecteurs chaque mois, vous partagez sans doute cette conviction&#8230;<\/p>\n<p><strong>Depuis 12 ans, nous publions des articles de qualit\u00e9 sur l\u2019\u00e9cologie, en acc\u00e8s libre et sans publicit\u00e9, pour tous.<\/strong><br class=\"autobr\"\/><br \/>\nMais ce travail demande beaucoup de temps et de ressources.<\/p>\n<p>Alors, si vous en avez les moyens, sachez qu\u2019un don, m\u00eame d\u20191\u20ac, est un acte de soutien fort pour l\u2019\u00e9cologie et le journalisme ind\u00e9pendant.<br class=\"autobr\"\/><br \/>\n(Et \u00e7a vous prendra moins de temps que la lecture de ce texte).<\/p>\n<p><strong>Si vous le pouvez, choisissez un soutien mensuel. Merci.<\/strong><\/p>\n<p><a target=\"_blank\" href=\"https:\/\/reporterre.net\/dons\" class=\"bt_soutenir\">Je soutiens <i>Reporterre<\/i><\/a><\/p>\n<\/p><\/div>\n<div class=\"encart encart_vert noprint montre_1023\">\n<div class=\"infolettre-form-container noprint\">\n<p>Abonnez-vous \u00e0 la lettre d\u2019info de Reporterre<\/p>\n<\/div><\/div>\n<\/aside>\n<aside class=\"boite_apresarticle encart_note\">\n<h4>Apr\u00e8s cet article<\/h4>\n<p>      <a target=\"_blank\" href=\"https:\/\/reporterre.net\/Deputes-et-senateurs-s-accordent-sur-une-loi-agricole-anti-ecolo\" class=\"lien_article\">\n      <picture class=\"vignette_gauche\"><source type=\"image\/webp\" srcset=\"https:\/\/reporterre.net\/https:\/\/reporterre.net\/local\/cache-vignettes\/L450xH300\/france_europe_midi_cultures_printemps_vigne_gard_pin_de-169626-10da2.jpg@.webp?1739975549\"><img decoding=\"async\" src=\"https:\/\/reporterre.net\/local\/cache-vignettes\/L450xH300\/france_europe_midi_cultures_printemps_vigne_gard_pin_de-169626-10da2.jpg?1739975549\" width=\"450\" height=\"300\" alt=\"\" class=\"marge12\" loading=\"lazy\"\/><br \/>\n<\/source><\/picture>\n<p class=\"libelle\">\n<p>      Agriculture\n    <\/p>\n<p class=\"titre pol20\">D\u00e9put\u00e9s et s\u00e9nateurs s\u2019accordent sur une loi agricole anti-\u00e9colo<\/p>\n<p>      <\/a><br \/>\n    <\/aside>\n<aside class=\"boite_complement texte\">\n<p>      <!-- zone_forum --><br \/>\n          <\/aside>\n<aside class=\"boite_lireaussi noprint\">\n<\/aside>\n<aside class=\"colonne\">\n<div class=\"article_info cache_1023 noprint\">\n        <span class=\"date\">21 f\u00e9vrier 2025  \u00e0 12h56<\/span><\/p>\n<p class=\"duree_lecture\">\n        Dur\u00e9e de lecture : 2 minutes\n      <\/p>\n<\/p><\/div>\n<div class=\"bloc_infolettre\">\n<div class=\"infolettre-form-container noprint\">\n<p>Abonnez-vous \u00e0 la lettre d\u2019info de Reporterre<\/p>\n<\/div><\/div>\n<\/aside>\n<div id=\"galerie\">\n  <img decoding=\"async\" src=\"\" class=\"principale\" id=\"principale\"\/><\/p>\n<p id=\"legende\">legende<\/p>\n<\/div>\n<footer class=\"noprint\">\n<\/footer>\n<\/div>\n<p><br \/>\n<br \/><a href=\"https:\/\/reporterre.net\/Desastreuse-pour-la-biodiversite-la-loi-d-orientation-agricole-est-adoptee\" target=\"_blank\"\">Source link <\/a><\/p>\n","protected":false},"excerpt":{"rendered":"<p>La loi consacre le principe \u00ab pas d\u2019interdiction sans solution \u00bb, mantra de la FNSEA sur les pesticides. &#8211; Pexels \/ CC \/ Mark Stebnicki La loi consacre le principe&hellip; <\/p>\n","protected":false},"author":1,"featured_media":3224,"comment_status":"open","ping_status":"open","sticky":false,"template":"","format":"standard","meta":{"footnotes":""},"categories":[1],"tags":[],"class_list":["post-3223","post","type-post","status-publish","format-standard","has-post-thumbnail","hentry","category-non-classe"],"_links":{"self":[{"href":"https:\/\/monde25.info\/index.php\/wp-json\/wp\/v2\/posts\/3223","targetHints":{"allow":["GET"]}}],"collection":[{"href":"https:\/\/monde25.info\/index.php\/wp-json\/wp\/v2\/posts"}],"about":[{"href":"https:\/\/monde25.info\/index.php\/wp-json\/wp\/v2\/types\/post"}],"author":[{"embeddable":true,"href":"https:\/\/monde25.info\/index.php\/wp-json\/wp\/v2\/users\/1"}],"replies":[{"embeddable":true,"href":"https:\/\/monde25.info\/index.php\/wp-json\/wp\/v2\/comments?post=3223"}],"version-history":[{"count":0,"href":"https:\/\/monde25.info\/index.php\/wp-json\/wp\/v2\/posts\/3223\/revisions"}],"wp:featuredmedia":[{"embeddable":true,"href":"https:\/\/monde25.info\/index.php\/wp-json\/wp\/v2\/media\/3224"}],"wp:attachment":[{"href":"https:\/\/monde25.info\/index.php\/wp-json\/wp\/v2\/media?parent=3223"}],"wp:term":[{"taxonomy":"category","embeddable":true,"href":"https:\/\/monde25.info\/index.php\/wp-json\/wp\/v2\/categories?post=3223"},{"taxonomy":"post_tag","embeddable":true,"href":"https:\/\/monde25.info\/index.php\/wp-json\/wp\/v2\/tags?post=3223"}],"curies":[{"name":"wp","href":"https:\/\/api.w.org\/{rel}","templated":true}]}}