{"id":3229,"date":"2025-02-24T02:57:34","date_gmt":"2025-02-24T01:57:34","guid":{"rendered":"https:\/\/monde25.info\/index.php\/2025\/02\/24\/des-divergences-apparaissent-au-sein-du-gouvernement-apres-lattaque-de-mulhouse-rt-en-francais\/"},"modified":"2025-02-24T02:57:34","modified_gmt":"2025-02-24T01:57:34","slug":"des-divergences-apparaissent-au-sein-du-gouvernement-apres-lattaque-de-mulhouse-rt-en-francais","status":"publish","type":"post","link":"https:\/\/monde25.info\/index.php\/2025\/02\/24\/des-divergences-apparaissent-au-sein-du-gouvernement-apres-lattaque-de-mulhouse-rt-en-francais\/","title":{"rendered":"des divergences apparaissent au sein du gouvernement apr\u00e8s l&rsquo;attaque de Mulhouse \u2014 RT en fran\u00e7ais"},"content":{"rendered":"<p> <br \/>\n<br \/><img decoding=\"async\" src=\"https:\/\/mf.b37mrtl.ru\/french\/images\/2025.02\/thumbnail\/67bb62e987f3ec659620f57c.jpg\" \/><\/p>\n<div>\n<p class=\"text__summary\">\n                                        Le ministre fran\u00e7ais des Affaires \u00e9trang\u00e8res, Jean-No\u00ebl Barrot, est intervenu ce 23 f\u00e9vrier sur CNews et Europe 1 o\u00f9 il a notamment \u00e9t\u00e9 interrog\u00e9 sur l\u2019attaque au couteau de la veille \u00e0 Mulhouse, qui a fait un mort et cinq bless\u00e9s.\n                                    <\/p>\n<p>Jean-No\u00ebl Barrot et Bruno Retailleau sont respectivement ministre des Affaires \u00e9trang\u00e8res et ministre de l\u2019Int\u00e9rieur dans le gouvernement de Fran\u00e7ois Bayrou mais affichent des positions divergentes sur la gestion des relations avec l\u2019Alg\u00e9rie\u00a0au lendemain de\u00a0l&rsquo;attaque au couteau perp\u00e9tr\u00e9e par un ressortissant alg\u00e9rien sous le coup d&rsquo;une obligation de quitter le territoire fran\u00e7ais (OQTF).<\/p>\n<p>En effet, en direct de Mulhouse o\u00f9 a eu lieu cette attaque qui a tu\u00e9 un ressortissant espagnol de 69 ans et bless\u00e9 cinq agents municipaux, Bruno Retailleau a <a target=\"_blank\" href=\"https:\/\/francais.rt.com\/france\/117168-attaque-couteau-mulhouse-retailleau-algerie\">point\u00e9 du doigt<\/a>\u00a0la responsabilit\u00e9 de l\u2019Alg\u00e9rie en se d\u00e9clarant favorable \u00e0 un rapport de force. \u00abJe suis partisan, puisque la m\u00e9thode douce a \u00e9t\u00e9 utilis\u00e9e avec l\u2019Alg\u00e9rie, de poser un rapport de force\u00bb, a-t-il ainsi d\u00e9clar\u00e9.<\/p>\n<h2>Quand Barrot temp\u00e8re les d\u00e9clarations de Retailleau<\/h2>\n<p>Un point de vue\u00a0loin d&rsquo;\u00eatre partag\u00e9 par son coll\u00e8gue\u00a0du gouvernement Jean-No\u00ebl Barrot, qui a d\u00e9clar\u00e9 sur CNews et Europe 1 que mieux valait une \u00abcoop\u00e9ration\u00a0exigeante\u00bb qu\u2019un rapport de force.<\/p>\n<p>En effet, le chef de la diplomatie fran\u00e7aise a\u00a0estim\u00e9\u00a0qu\u2019adopter un rapport de force avec l\u2019Alg\u00e9rie ne serait pas la bonne d\u00e9cision \u00e0 prendre. Pour justifier sa position, il a mis en avant qu\u2019entre 2020 et 2021 une d\u00e9cision similaire avait \u00e9t\u00e9 prise, ce qui avait\u00a0conduit \u00e0 800 reconduites \u00e0 la fronti\u00e8re seulement lors de ces deux ann\u00e9es. Chiffre\u00a0qui aurait \u00abtripl\u00e9\u00bb en 2022 apr\u00e8s avoir conclu un accord \u00abtr\u00e8s exigeant\u00bb avec l\u2019Alg\u00e9rie \u00abmais de coop\u00e9ration\u00bb.<\/p>\n<p>\u00abCe qui est le plus important pour moi, c\u2019est l\u2019int\u00e9r\u00eat des Fran\u00e7aises et des Fran\u00e7ais [\u2026] et lorsque nous agissons par la diplomatie, nous avons toute une palette d\u2019outils que nous pouvons activer\u00bb, a d\u00e9clar\u00e9 Jean-No\u00ebl Barrot, en opposition \u00e0 la position de rapport de force exprim\u00e9e par Bruno Retailleau.<\/p>\n<p>\u00abLa diplomatie, c\u2019est toujours la bonne d\u00e9marche [\u2026] l\u2019alternative \u00e0 la diplomatie c\u2019est la guerre\u00bb, a-t-il\u00a0lanc\u00e9, en guise de r\u00e9ponse \u00e0 la question de journalistes lui demandant si c\u2019\u00e9tait la bonne d\u00e9marche \u00e0 suivre.<\/p>\n<\/div>\n<p><br \/>\n<br \/><a href=\"https:\/\/francais.rt.com\/france\/117174-bras-fer-algerie-divergences-gouvernement\" target=\"_blank\"\">Source link <\/a><\/p>\n","protected":false},"excerpt":{"rendered":"<p>Le ministre fran\u00e7ais des Affaires \u00e9trang\u00e8res, Jean-No\u00ebl Barrot, est intervenu ce 23 f\u00e9vrier sur CNews et Europe 1 o\u00f9 il a notamment \u00e9t\u00e9 interrog\u00e9 sur l\u2019attaque au couteau de la&hellip; <\/p>\n","protected":false},"author":1,"featured_media":3230,"comment_status":"open","ping_status":"open","sticky":false,"template":"","format":"standard","meta":{"footnotes":""},"categories":[1],"tags":[],"class_list":["post-3229","post","type-post","status-publish","format-standard","has-post-thumbnail","hentry","category-non-classe"],"_links":{"self":[{"href":"https:\/\/monde25.info\/index.php\/wp-json\/wp\/v2\/posts\/3229","targetHints":{"allow":["GET"]}}],"collection":[{"href":"https:\/\/monde25.info\/index.php\/wp-json\/wp\/v2\/posts"}],"about":[{"href":"https:\/\/monde25.info\/index.php\/wp-json\/wp\/v2\/types\/post"}],"author":[{"embeddable":true,"href":"https:\/\/monde25.info\/index.php\/wp-json\/wp\/v2\/users\/1"}],"replies":[{"embeddable":true,"href":"https:\/\/monde25.info\/index.php\/wp-json\/wp\/v2\/comments?post=3229"}],"version-history":[{"count":0,"href":"https:\/\/monde25.info\/index.php\/wp-json\/wp\/v2\/posts\/3229\/revisions"}],"wp:featuredmedia":[{"embeddable":true,"href":"https:\/\/monde25.info\/index.php\/wp-json\/wp\/v2\/media\/3230"}],"wp:attachment":[{"href":"https:\/\/monde25.info\/index.php\/wp-json\/wp\/v2\/media?parent=3229"}],"wp:term":[{"taxonomy":"category","embeddable":true,"href":"https:\/\/monde25.info\/index.php\/wp-json\/wp\/v2\/categories?post=3229"},{"taxonomy":"post_tag","embeddable":true,"href":"https:\/\/monde25.info\/index.php\/wp-json\/wp\/v2\/tags?post=3229"}],"curies":[{"name":"wp","href":"https:\/\/api.w.org\/{rel}","templated":true}]}}