{"id":3236,"date":"2025-02-24T06:49:34","date_gmt":"2025-02-24T05:49:34","guid":{"rendered":"https:\/\/monde25.info\/index.php\/2025\/02\/24\/la-guerre-en-ukraine-a-genere-autant-de-co2-que-quatre-pays-europeens\/"},"modified":"2025-02-24T06:49:34","modified_gmt":"2025-02-24T05:49:34","slug":"la-guerre-en-ukraine-a-genere-autant-de-co2-que-quatre-pays-europeens","status":"publish","type":"post","link":"https:\/\/monde25.info\/index.php\/2025\/02\/24\/la-guerre-en-ukraine-a-genere-autant-de-co2-que-quatre-pays-europeens\/","title":{"rendered":"La guerre en Ukraine a g\u00e9n\u00e9r\u00e9 autant de CO2 que quatre pays europ\u00e9ens"},"content":{"rendered":"<p> <br \/>\n<\/p>\n<div>\n<p>    <span class=\"date\">24 f\u00e9vrier 2025  \u00e0 06h00<\/span><\/p>\n<p class=\"duree_lecture\">\n        Dur\u00e9e de lecture : 4 minutes\n      <\/p>\n<\/p><\/div>\n<div>\n<p>Il y a des anniversaires que l\u2019on voudrait ne jamais f\u00eater. Voil\u00e0 d\u00e9j\u00e0 trois ans que la Russie a envahi \u00e0 grande \u00e9chelle l\u2019Ukraine, le 24\u00a0f\u00e9vrier 2022. Le nombre officiel de victimes de cette guerre n\u2019est toujours pas connu \u2014 il est estim\u00e9 \u00e0 <a target=\"_blank\" href=\"https:\/\/www.wsj.com\/world\/one-million-are-now-dead-or-injured-in-the-russia-ukraine-war-b09d04e5?mod=hp_lista_pos2\" class=\"spip_out\" rel=\"external\">1\u00a0million de morts et de bless\u00e9s<\/a> par le <i>Wall Street Journal<\/i>. D\u2019autres chiffres sont, eux, d\u00e9sormais disponibles\u00a0: ceux des \u00e9missions de gaz \u00e0 effet de serre (<span class=\"caps\">GES<\/span>) g\u00e9n\u00e9r\u00e9es par la guerre. Celles-ci ont atteint 230 millions de tonnes \u00e9quivalent <span class=\"caps\">CO<\/span><sub>2<\/sub> (MtCO<sub>2<\/sub>e) en trois ans, soit l\u2019\u00e9quivalent des \u00e9missions annuelles de l\u2019Autriche, de la Hongrie, de la R\u00e9publique tch\u00e8que et de la Slovaquie r\u00e9unies.<\/p>\n<p><i>\u00ab<small class=\"fine d-inline\">\u00a0<\/small>Le co\u00fbt climatique de l\u2019invasion de l\u2019Ukraine par la Russie a atteint de nouveaux sommets<small class=\"fine d-inline\">\u00a0<\/small>\u00bb<\/i>, commentent les auteurs <a target=\"_blank\" href=\"https:\/\/en.ecoaction.org.ua\/climate-damage-3-years-numbers.html\" class=\"spip_out\" rel=\"external\">d\u2019une analyse<\/a> publi\u00e9e le 24\u00a0f\u00e9vrier, men\u00e9e par l\u2019Initiative on Greenhouse Gas Accounting of War. Ce collectif de recherche est financ\u00e9 en partie par le gouvernement su\u00e9dois et la Fondation europ\u00e9enne pour le climat, et est soutenu par l\u2019Ukraine.<\/p>\n<p><a target=\"_blank\" href=\"https:\/\/reporterre.net\/Ukraine-L-environnement-est-la-victime-silencieuse-de-cette-guerre\" class=\"lien_lireaussi\"><strong>Lire aussi : <\/strong> <span>Ukraine\u00a0: \u00ab<small class=\"fine d-inline\">\u00a0<\/small>L\u2019environnement est la victime silencieuse de cette guerre<small class=\"fine d-inline\">\u00a0<\/small>\u00bb<\/span><\/a><\/p>\n<p>Selon cette nouvelle \u00e9tude, les \u00e9missions li\u00e9es \u00e0 la guerre ont augment\u00e9 de 55\u00a0MtCO<sub>2<\/sub>e en 2024. Celles g\u00e9n\u00e9r\u00e9es par le secteur militaire (les v\u00e9hicules lourds consommant du carburant, l\u2019acier et le b\u00e9ton utilis\u00e9s pour les fortifications, etc.) obtiennent la premi\u00e8re place de ce triste podium, avec 82\u00a0MtCO<sub>2<\/sub>e \u00e9mises depuis 2022. La seconde marche est occup\u00e9e par la reconstruction des infrastructures et des b\u00e2timents endommag\u00e9s (62\u00a0MtCO<sub>2<\/sub>e).<\/p>\n<h2 class=\"spip\">Davantage d\u2019incendies<\/h2>\n<p>Une troisi\u00e8me cat\u00e9gorie se d\u00e9veloppe \u00e0 vitesse grand V\u00a0: les \u00e9missions g\u00e9n\u00e9r\u00e9es par des feux. <i>\u00ab<small class=\"fine d-inline\">\u00a0<\/small>Les incendies provoqu\u00e9s par des combats ont connu une augmentation notable en raison de conditions de s\u00e9cheresse inhabituelles, probablement dues au <a target=\"_blank\" href=\"Qu-est-ce-que-le-rechauffement-climatique\">r\u00e9chauffement climatique<\/a><small class=\"fine d-inline\">\u00a0<\/small>\u00bb<\/i>, \u00e9crivent les chercheurs. Alors que 47\u00a0000 hectares de for\u00eat ont br\u00fbl\u00e9 en 2022, puis 29\u00a0000 hectares en 2023, ce sont 92\u00a0000 hectares qui ont disparu dans les flammes en 2024. Ces feux ont g\u00e9n\u00e9r\u00e9 25,8 MtCO<sub>2<\/sub>e en 2024, soit plus que les \u00e9missions combin\u00e9es de 2022 et 2023 (22,9 MtCO<sub>2<\/sub>e).<\/p>\n<p><i>\u00ab<small class=\"fine d-inline\">\u00a0<\/small>L\u2019\u00e9t\u00e9 2024 a \u00e9t\u00e9 beaucoup plus sec que la moyenne en Ukraine<\/i>, peut-on lire dans l\u2019\u00e9tude. <i>Cela a cr\u00e9\u00e9 les conditions id\u00e9ales pour que les incendies caus\u00e9s par les combats d\u00e9marrent sous la forme de petits feux, avant de s\u2019\u00e9tendre \u00e0 de plus grandes \u00e9tendues de mani\u00e8re incontr\u00f4l\u00e9e.<small class=\"fine d-inline\">\u00a0<\/small>\u00bb<\/i> D\u2019autant qu\u2019il est trop dangereux pour les pompiers d\u2019op\u00e9rer dans la zone de combats.<\/p>\n<p>Selon l\u2019\u00e9tude, <i>\u00ab<small class=\"fine d-inline\">\u00a0<\/small>l\u2019ann\u00e9e 2024 est un exemple inqui\u00e9tant de la fa\u00e7on dont le <a target=\"_blank\" href=\"Qu-est-ce-que-le-rechauffement-climatique\">changement climatique<\/a> et les conflits arm\u00e9s se renforcent mutuellement, entra\u00eenant un r\u00e9chauffement accru de la plan\u00e8te<small class=\"fine d-inline\">\u00a0<\/small>\u00bb<\/i>. Une \u00e9valuation d\u00e9taill\u00e9e, <i>\u00ab<small class=\"fine d-inline\">\u00a0<\/small>pouvant contenir des sources d\u2019\u00e9missions suppl\u00e9mentaires qui n\u2019ont pas encore \u00e9t\u00e9 prises en compte<small class=\"fine d-inline\">\u00a0<\/small>\u00bb<\/i>, sera publi\u00e9e au printemps 2025.<\/p>\n<h2 class=\"spip\">\u00ab<small class=\"fine d-inline\">\u00a0<\/small>La Russie devrait assumer le co\u00fbt de ses \u00e9missions climatiques<small class=\"fine d-inline\">\u00a0<\/small>\u00bb<\/h2>\n<p><i>\u00ab<small class=\"fine d-inline\">\u00a0<\/small>La Russie a commenc\u00e9 cette guerre et devrait assumer le co\u00fbt de ses \u00e9missions climatiques<small class=\"fine d-inline\">\u00a0<\/small>\u00bb<\/i>, estime l\u2019un des auteurs, Lennard de Klerk. De son c\u00f4t\u00e9, l\u2019Ukrainienne Svitlana Krakovska, membre du Giec<span class=\"spip_note_ref\">\u00a0[<a target=\"_blank\" href=\"#nb1\" class=\"spip_note\" rel=\"appendix\" title=\"Le Groupe d\u2019experts intergouvernemental sur l\u2019\u00e9volution du climat.\" id=\"nh1\">1<\/a>]<\/span>, pr\u00e9sentera \u00e0 ses coll\u00e8gues les r\u00e9sultats de cette nouvelle \u00e9tude le 24\u00a0f\u00e9vrier, lors de la 62<sup class=\"typo_exposants\">e<\/sup> session du Giec, en Chine.<\/p>\n<p>Outre les \u00e9missions de <span class=\"caps\">GES<\/span> li\u00e9es \u00e0 la guerre, <i>\u00ab<small class=\"fine d-inline\">\u00a0<\/small>la Russie de Vladimir Poutine se sert des d\u00e9sastres environnementaux et des d\u00e9g\u00e2ts provoqu\u00e9s pour faire pression sur l\u2019Ukraine. L\u2019\u00e9cocide devient alors une arme de guerre<small class=\"fine d-inline\">\u00a0<\/small>\u00bb<\/i>, estimait en octobre dernier Sophie Marineau, doctorante en histoire des relations internationales, <a target=\"_blank\" href=\"https:\/\/reporterre.net\/Rivieres-polluees-en-Ukraine-L-ecocide-est-une-arme-de-guerre\">dans un entretien \u00e0 <i>Reporterre<\/i><\/a>. Incendies \u00e0 r\u00e9p\u00e9tition, destruction du barrage de Kakhovka en juin 2023, pollution des cours d\u2019eau \u00e0 l\u2019\u00e9t\u00e9 2024\u2026 Les co\u00fbts mis en place pour reconstruire les infrastructures d\u00e9truites sont autant de moyens financiers qui ne sont pas investis dans la d\u00e9fense militaire.<\/p>\n<p>Apr\u00e8s trois ans, nul ne sait quand cette guerre prendra fin. La semaine derni\u00e8re, Donald Trump a multipli\u00e9 les fausses d\u00e9clarations  \u00e0 l\u2019\u00e9gard du pr\u00e9sident ukrainien Volodymyr Zelensky, le qualifiant de  <i>\u00ab<small class=\"fine d-inline\">\u00a0<\/small>dictateur sans \u00e9lection<small class=\"fine d-inline\">\u00a0<\/small>\u00bb<\/i>, et l\u2019accusant \u2014 \u00e0 tort \u2014d\u2019\u00eatre \u00e0 l\u2019origine de la guerre d\u00e9clench\u00e9e par Moscou. Le pr\u00e9sident \u00e9tasunien a \u00e9galement d\u00e9clar\u00e9 que son homologue ukrainien avait fait <i>\u00ab<small class=\"fine d-inline\">\u00a0<\/small>un tr\u00e8s mauvais travail de n\u00e9gociations<small class=\"fine d-inline\">\u00a0<\/small>\u00bb<\/i> jusqu\u2019\u00e0 pr\u00e9sent. En parall\u00e8le des pourparlers am\u00e9ricano-russes, les principaux dirigeants europ\u00e9ens se sont r\u00e9unis le 17\u00a0f\u00e9vrier, \u00e0 Paris, esp\u00e9rant peser dans le processus en cours.<\/p>\n<aside class=\"boite_encarts\">\n<div class=\"encart encart_gris noprint\">\n<p><strong>Puisque vous \u00eates l\u00e0&#8230;<\/strong><\/p>\n<p>&#8230; nous avons un petit service \u00e0 vous demander.<br class=\"autobr\"\/><br \/>\nEntre la pr\u00e9sence d\u2019un climatosceptique \u00e0 la t\u00eate de la premi\u00e8re puissance mondiale, un gouvernement fran\u00e7ais qui flirte avec l\u2019extr\u00eame-droite, et les catastrophes climatiques qui s\u2019enchainent&#8230; Faire vivre l\u2019\u00e9cologie dans le d\u00e9bat public est un enjeu crucial.<\/p>\n<p>Personne ne modifie ce que nous publions. Nous n\u2019avons ni actionnaire, ni propri\u00e9taire milliardaire \u2014 seulement une \u00e9quipe d\u2019irr\u00e9ductibles journalistes, pleine de d\u00e9termination.<\/p>\n<p>Nous avons la conviction que l\u2019urgence \u00e9cologique est l\u2019enjeu majeur de notre \u00e9poque. Et comme plus de 2 millions de lectrices et lecteurs chaque mois, vous partagez sans doute cette conviction&#8230;<\/p>\n<p><strong>Depuis 12 ans, nous publions des articles de qualit\u00e9 sur l\u2019\u00e9cologie, en acc\u00e8s libre et sans publicit\u00e9, pour tous.<\/strong><br class=\"autobr\"\/><br \/>\nMais ce travail demande beaucoup de temps et de ressources.<\/p>\n<p>Alors, si vous en avez les moyens, sachez qu\u2019un don, m\u00eame d\u20191\u20ac, est un acte de soutien fort pour l\u2019\u00e9cologie et le journalisme ind\u00e9pendant.<br class=\"autobr\"\/><br \/>\n(Et \u00e7a vous prendra moins de temps que la lecture de ce texte).<\/p>\n<p><strong>Si vous le pouvez, choisissez un soutien mensuel. Merci.<\/strong><\/p>\n<p><a target=\"_blank\" href=\"https:\/\/reporterre.net\/dons\" class=\"bt_soutenir\">Je soutiens <i>Reporterre<\/i><\/a><\/p>\n<\/p><\/div>\n<div class=\"encart encart_vert noprint montre_1023\">\n<div class=\"infolettre-form-container noprint\">\n<p>Abonnez-vous \u00e0 la lettre d\u2019info de Reporterre<\/p>\n<\/div><\/div>\n<\/aside>\n<aside class=\"boite_apresarticle encart_note\">\n<h4>Apr\u00e8s cet article<\/h4>\n<p>      <a target=\"_blank\" href=\"https:\/\/reporterre.net\/Rivieres-polluees-en-Ukraine-L-ecocide-est-une-arme-de-guerre\" class=\"lien_article\">\n      <picture class=\"vignette_gauche\"><source type=\"image\/webp\" srcset=\"https:\/\/reporterre.net\/local\/cache-vignettes\/L450xH300\/afp__20231014__aa_14102023_1375910__v1__highres__dailylifecontinuesamidrussiaukraine_1_-60003.jpg@.webp?1737368690\"><img decoding=\"async\" src=\"https:\/\/reporterre.net\/local\/cache-vignettes\/L450xH300\/afp__20231014__aa_14102023_1375910__v1__highres__dailylifecontinuesamidrussiaukraine_1_-60003.jpg?1737368690\" width=\"450\" height=\"300\" alt=\"\" class=\"marge12\" loading=\"lazy\"\/><br \/>\n<\/source><\/picture>\n<p class=\"libelle\">\n<p>          Entretien \u2014<\/p>\n<p>      Monde\n    <\/p>\n<p class=\"titre pol20\">Rivi\u00e8res pollu\u00e9es en Ukraine\u00a0: \u00ab<small class=\"fine d-inline\">\u00a0<\/small>L\u2019\u00e9cocide est une arme de guerre<small class=\"fine d-inline\">\u00a0<\/small>\u00bb<\/p>\n<p>      <\/a><br \/>\n    <\/aside>\n<aside class=\"boite_complement texte\">\n<div class=\"encart_note\">\n<h4>Notes<\/h4>\n<div id=\"nb1\">\n<p><span class=\"spip_note_ref\">[<a target=\"_blank\" href=\"#nh1\" class=\"spip_note\" title=\"Notes 1\" rev=\"appendix\">1<\/a>]\u00a0<\/span>Le Groupe d\u2019experts intergouvernemental sur l\u2019\u00e9volution du climat.<\/p>\n<\/div><\/div>\n<p>      <!-- zone_forum --><br \/>\n          <\/aside>\n<aside class=\"boite_lireaussi noprint\">\n<\/aside>\n<aside class=\"colonne\">\n<div class=\"article_info cache_1023 noprint\">\n<p>    <span class=\"date\">24 f\u00e9vrier 2025  \u00e0 06h00<\/span><\/p>\n<p class=\"duree_lecture\">\n        Dur\u00e9e de lecture : 4 minutes\n      <\/p>\n<\/p><\/div>\n<div class=\"bloc_infolettre\">\n<div class=\"infolettre-form-container noprint\">\n<p>Abonnez-vous \u00e0 la lettre d\u2019info de Reporterre<\/p>\n<\/div><\/div>\n<\/aside>\n<div id=\"galerie\">\n  <img decoding=\"async\" src=\"\" class=\"principale\" id=\"principale\"\/><\/p>\n<p id=\"legende\">legende<\/p>\n<\/div>\n<footer class=\"noprint\">\n<\/footer>\n<\/div>\n<p><br \/>\n<br \/><a href=\"https:\/\/reporterre.net\/La-guerre-en-Ukraine-a-genere-autant-de-CO2-que-quatre-pays-europeens\" target=\"_blank\"\">Source link <\/a><\/p>\n","protected":false},"excerpt":{"rendered":"<p>24 f\u00e9vrier 2025 \u00e0 06h00 Dur\u00e9e de lecture : 4 minutes Il y a des anniversaires que l\u2019on voudrait ne jamais f\u00eater. Voil\u00e0 d\u00e9j\u00e0 trois ans que la Russie a&hellip; <\/p>\n","protected":false},"author":1,"featured_media":3237,"comment_status":"open","ping_status":"open","sticky":false,"template":"","format":"standard","meta":{"footnotes":""},"categories":[1],"tags":[],"class_list":["post-3236","post","type-post","status-publish","format-standard","has-post-thumbnail","hentry","category-non-classe"],"_links":{"self":[{"href":"https:\/\/monde25.info\/index.php\/wp-json\/wp\/v2\/posts\/3236","targetHints":{"allow":["GET"]}}],"collection":[{"href":"https:\/\/monde25.info\/index.php\/wp-json\/wp\/v2\/posts"}],"about":[{"href":"https:\/\/monde25.info\/index.php\/wp-json\/wp\/v2\/types\/post"}],"author":[{"embeddable":true,"href":"https:\/\/monde25.info\/index.php\/wp-json\/wp\/v2\/users\/1"}],"replies":[{"embeddable":true,"href":"https:\/\/monde25.info\/index.php\/wp-json\/wp\/v2\/comments?post=3236"}],"version-history":[{"count":0,"href":"https:\/\/monde25.info\/index.php\/wp-json\/wp\/v2\/posts\/3236\/revisions"}],"wp:featuredmedia":[{"embeddable":true,"href":"https:\/\/monde25.info\/index.php\/wp-json\/wp\/v2\/media\/3237"}],"wp:attachment":[{"href":"https:\/\/monde25.info\/index.php\/wp-json\/wp\/v2\/media?parent=3236"}],"wp:term":[{"taxonomy":"category","embeddable":true,"href":"https:\/\/monde25.info\/index.php\/wp-json\/wp\/v2\/categories?post=3236"},{"taxonomy":"post_tag","embeddable":true,"href":"https:\/\/monde25.info\/index.php\/wp-json\/wp\/v2\/tags?post=3236"}],"curies":[{"name":"wp","href":"https:\/\/api.w.org\/{rel}","templated":true}]}}