{"id":3240,"date":"2025-02-24T07:55:38","date_gmt":"2025-02-24T06:55:38","guid":{"rendered":"https:\/\/monde25.info\/index.php\/2025\/02\/24\/la-bataille-pour-la-democratie-interview-explosive-de-calin-georgescu-par-mario-nawfal-et-les-enjeux-pour-leurope\/"},"modified":"2025-02-24T07:55:38","modified_gmt":"2025-02-24T06:55:38","slug":"la-bataille-pour-la-democratie-interview-explosive-de-calin-georgescu-par-mario-nawfal-et-les-enjeux-pour-leurope","status":"publish","type":"post","link":"https:\/\/monde25.info\/index.php\/2025\/02\/24\/la-bataille-pour-la-democratie-interview-explosive-de-calin-georgescu-par-mario-nawfal-et-les-enjeux-pour-leurope\/","title":{"rendered":"La bataille pour la d\u00e9mocratie : interview explosive de C\u0103lin Georgescu par Mario Nawfal et les enjeux pour l\u2019Europe"},"content":{"rendered":"<p> <br \/>\n<\/p>\n<div>\n<p><strong>\u00c9lection annul\u00e9e, un cri pour la libert\u00e9<\/strong> &#8211; le 19 f\u00e9vrier 2025, Mario Nawfal, journaliste et figure influente sur X, a publi\u00e9 une interview choc avec C\u0103lin Georgescu, le politicien roumain ind\u00e9pendant qui <strong>aurait d\u00fb devenir pr\u00e9sident de la Roumanie lors des \u00e9lections de 2024<\/strong>. Ces \u00e9lections ont \u00e9t\u00e9 annul\u00e9es de mani\u00e8re spectaculaire par la Cour constitutionnelle roumaine, provoquant un toll\u00e9 international et des accusations de coup d\u2019\u00c9tat. Dans cette interview, C\u0103lin Georgescu d\u00e9nonce une machination orchestr\u00e9e par une \u00e9lite qu\u2019il d\u00e9clare \u00ab\u00a0<em>corrompue<\/em>\u00a0\u00bb, des interf\u00e9rences \u00e9trang\u00e8res et une attaque sans pr\u00e9c\u00e9dent contre la d\u00e9mocratie roumaine. Comme le souligne Mario Nawfal dans son post : \u00ab\u00a0<em>La Roumanie a \u00e9t\u00e9 stup\u00e9fi\u00e9e par l\u2019ascension \u00e0 la mani\u00e8re de Trump de C\u0103lin Georgescu. L\u2019\u00c9tat profond a paniqu\u00e9 \u2013 et a effac\u00e9 les r\u00e9sultats de l\u2019\u00e9lection du jour au lendemain.<\/em>\u00a0\u00bb\u00a0<\/p>\n<p>Cet \u00e9v\u00e9nement soul\u00e8ve des questions cruciales : que signifie cette annulation pour la d\u00e9mocratie en Roumanie, mais aussi pour l\u2019Union europ\u00e9enne (UE) dans son ensemble ? Quelles interf\u00e9rences \u00e9trang\u00e8res sont en jeu, et comment l\u2019avenir de l\u2019Europe pourrait-il \u00eatre model\u00e9 par ces crises ? L\u2019analyse de cette interview, permet d\u2019explorer les d\u00e9fis pour la d\u00e9mocratie, les dynamiques g\u00e9opolitiques, et si la Roumanie pourrait jouer un r\u00f4le cl\u00e9 dans le devenir de l\u2019Europe, \u00e0 la lumi\u00e8re des r\u00e9cents r\u00e9sultats des \u00e9lections allemandes de 2025.<\/p>\n<blockquote class=\"twitter-tweet\" data-media-max-width=\"560\">\n<p lang=\"en\" dir=\"ltr\">\ud83d\udea8\ud83c\uddf7\ud83c\uddf4 INTERVIEW: RIGHTFUL* PRESIDENT SPEAKS OUT AS ROMANIA\u2019S DEMOCRACY HANGS IN THE BALANCE<\/p>\n<p>Romania\u2019s C\u0103lin Georgescu stunned the establishment with a Trump-style upset.<\/p>\n<p>The deep state panicked \u2014 And they erased the election overnight.<\/p>\n<p>Now, authorities are trying to block him\u2026 <a target=\"_blank\" href=\"https:\/\/t.co\/QcHbqcDIiV\">https:\/\/t.co\/QcHbqcDIiV<\/a> <a target=\"_blank\" href=\"https:\/\/t.co\/EpiPwK2idH\">pic.twitter.com\/EpiPwK2idH<\/a><\/p>\n<p>\u2014 Mario Nawfal (@MarioNawfal) <a target=\"_blank\" href=\"https:\/\/twitter.com\/MarioNawfal\/status\/1892234912822161477?ref_src=twsrc%5Etfw\">February 19, 2025<\/a><\/p>\n<\/blockquote>\n<p>\u00a0<\/p>\n<p><strong>Les points principaux de l\u2019interview : la voix populaire \u00e9touff\u00e9e<\/strong><\/p>\n<p>C\u0103lin Georgescu aborde plusieurs th\u00e8mes centraux qui illustrent la gravit\u00e9 de la situation en Roumanie. Tout d\u2019abord, C\u0103lin Georgescu insiste sur sa victoire \u00e9lectorale, obtenue gr\u00e2ce \u00e0 un mouvement populaire authentique, sans financement massif : \u00ab\u00a0<em>le peuple contre l\u2019\u00e9lite : comment le mouvement populaire de C\u0103lin a remport\u00e9 la victoire sans un sou.<\/em>\u00a0\u00bb . Cette victoire, qui a pris l\u2019establishment par surprise, <strong>a conduit \u00e0 une r\u00e9ponse brutale<\/strong> : des raids policiers, des intimidations et l\u2019annulation pure et simple des r\u00e9sultats.<\/p>\n<p>C\u0103lin Georgescu d\u00e9nonce \u00e9galement une instrumentalisation de l\u2019appareil judiciaire et policier pour \u00e9touffer son mouvement \u00e0 01\u00a0:22\u00a0: \u00ab\u00a0<em>l\u2019\u00c9tat policier est activ\u00e9 : le domicile de son directeur de campagne a \u00e9t\u00e9 perquisitionn\u00e9 \u2013 qui sera le prochain ?\u00a0\u00bb.<\/em> Il d\u00e9crit une Roumanie transform\u00e9e en \u00ab dictature \u00bb\u00a0: \u00ab\u00a0<em>Cela n\u2019est pas une d\u00e9mocratie. Mais le moment o\u00f9 la Roumanie est devenue une dictature.<\/em>\u00a0\u00bb<\/p>\n<p>Un autre point cl\u00e9 est l\u2019accusation <strong>d\u2019interf\u00e9rences \u00e9trang\u00e8res<\/strong>, notamment de la part de la Russie, des \u00c9tats-Unis et des r\u00e9seaux Soros, bien que C\u0103lin Georgescu rejette les accusations de liens pro-russes comme un \u00ab mensonge \u00bb : \u00ab <em>l\u2019interf\u00e9rence russe est un mensonge : comment les preuves ont \u00e9t\u00e9 fabriqu\u00e9es ?<\/em>\u00a0\u00bb Il accuse \u00e9galement l\u2019UE et le gouvernement Biden d\u2019avoir soutenu l\u2019annulation des \u00e9lections, sugg\u00e9rant une action commandit\u00e9e et group\u00e9e internationale pour maintenir le statu quo.<\/p>\n<p>Enfin, C\u0103lin Georgescu exprime une vision optimiste pour l\u2019avenir, reliant son combat \u00e0 l\u2019influence de figures comme Donald Trump, Elon Musk et J.D. Vance, qui inspirent un renouveau conservateur en Europe \u00e0 20:09\u00a0: \u00ab <em>Trump, Elon Musk et l\u2019avenir de l\u2019Europe : ce qui doit se passer ensuite.\u00a0<\/em>\u00bb<\/p>\n<p>\u00a0<\/p>\n<p><strong>Les d\u00e9fis pour la d\u00e9mocratie : un v\u00e9ritable avertissement pour l\u2019Europe<\/strong><\/p>\n<p>L\u2019annulation des \u00e9lections pr\u00e9sidentielles roumaines de 2024 repr\u00e9sente un d\u00e9fi majeur pour la d\u00e9mocratie, non seulement en Roumanie, mais aussi au sein de l\u2019UE. Ce pr\u00e9c\u00e9dent illustre une vuln\u00e9rabilit\u00e9 croissante des institutions d\u00e9mocratiques face \u00e0 des \u00e9lites politiques et \u00e9conomiques qui, selon Georgescu, utilisent des tactiques autoritaires pour conserver le pouvoir \u00e0 08:22\u00a0: \u00ab\u00a0<em>les juges sont contr\u00f4l\u00e9s : les tribunaux roumains manipul\u00e9s pour \u00e9carter C\u0103lin.\u00a0<\/em>\u00bb Ce qui fait \u00e9cho aux paroles que Robert Kennedy Jr. tout fraichement nomm\u00e9 comme secr\u00e9taire d\u2019Etat am\u00e9ricain \u00e0 la Sant\u00e9, avait d\u00e9clar\u00e9 en exclusivit\u00e9 \u00e0 France-Soir en 2022 \u00a0: <a target=\"_blank\" href=\"https:\/\/www.francesoir.fr\/videos-les-debriefings\/robert-kennedy-jr\"><em>\u00ab\u00a0r\u00e9sistez, r\u00e9sistez car une fois qu\u2019ils ont le pouvoir ils ne le rendent jamais !\u00a0\u00bb<\/em><\/a><\/p>\n<p><iframe style=\"left:0;position:absolute;top:0;\" width=\"100%\" height=\"100%\" frameborder=\"0\" allow=\"accelerometer; autoplay; encrypted-media; gyroscope; picture-in-picture\" allowfullscreen=\"true\" referrerpolicy=\"unsafe-url\" class=\"lazyload\" data-src=\"https:\/\/app.videas.fr\/embed\/media\/9a38fb5e-09d5-4ce6-b4ee-21de8150fb05\/\"><\/iframe><\/p>\n<p>\u00a0<\/p>\n<p>Ce cas soul\u00e8ve des questions sur l\u2019ind\u00e9pendance de la justice et la souverainet\u00e9 nationale dans les pays membres de l\u2019UE. Comme le souligne un article du Journal of Democracy, la d\u00e9cision de la Cour constitutionnelle roumaine, motiv\u00e9e par des soup\u00e7ons d\u2019interf\u00e9rence russe, risque de miner la confiance des citoyens dans la d\u00e9mocratie : \u00ab <em>le gouvernement roumain tente de se prot\u00e9ger contre l\u2019interf\u00e9rence russe dans les \u00e9lections. Mais une mesure aussi drastique, inattendue et de derni\u00e8re minute risque de compromettre la foi des gens en la d\u00e9mocratie. \u00bb<\/em><\/p>\n<p>En outre, l\u2019utilisation de raids policiers et de tactiques d\u2019intimidation, comme mentionn\u00e9 par Georgescu \u00e0 18:09. Les tactiques de peur expos\u00e9es, \u00ab\u00a0<em>ils veulent intimider les gens pour les r\u00e9duire au silence<\/em> \u00bb, <strong>rappellent les m\u00e9thodes d\u2019\u00c9tats autoritaires<\/strong>, ce qui contraste avec les valeurs d\u00e9mocratiques proclam\u00e9es par l\u2019UE. Ce pr\u00e9c\u00e9dent pourrait inspirer des gouvernements europ\u00e9ens \u00e0 utiliser des mesures similaires pour museler l\u2019opposition, notamment dans des pays comme l\u2019Allemagne, o\u00f9 des craintes d\u2019interf\u00e9rences similaires ont \u00e9t\u00e9 exprim\u00e9es avant les \u00e9lections de 2025.<\/p>\n<p><strong>L\u2019avenir de l\u2019Europe : entre crise et espoir<\/strong><\/p>\n<p>L\u2019interview de C\u0103lin Georgescu expose \u00e0 la lumi\u00e8re <strong>une Europe en crise<\/strong>, o\u00f9 <strong>l\u2019UE est per\u00e7ue comme un acteur complice ou passif face \u00e0 ces d\u00e9rives autoritaires<\/strong>. Georgescu accuse l\u2019UE de rester silencieuse face \u00e0 l\u2019annulation des \u00e9lections roumaines\u00a0: \u00ab\u00a0<em>l\u2019UE est rest\u00e9e silencieuse. Pourquoi ? \u00ab Parce que le syst\u00e8me est corrompu<\/em> (10:33). Il appelle \u00e0 une r\u00e9volution conservatrice inspir\u00e9e par des figures comme Trump, Musk et le mouvement DOGE (Department of Government Efficiency), voyant dans ces influences une chance de restaurer la souverainet\u00e9 et la d\u00e9mocratie en Europe \u00e0 47:01 \u00ab\u00a0<em>L\u2019UE a besoin de DOGE ! Les audits par l\u2019IA peuvent-ils \u00e9liminer l\u2019inefficacit\u00e9 europ\u00e9enne ?<\/em>\u00a0\u00bb<\/p>\n<p>Cependant, cette vision contraste avec les pr\u00e9occupations sur le r\u00f4le de l\u2019UE comme garant de la d\u00e9mocratie et de l\u2019\u00c9tat de droit. Si l\u2019UE ne parvient pas \u00e0 s\u2019imposer comme une force unificatrice face \u00e0 ces crises, elle risque une fragmentation croissante, comme le sugg\u00e8re C\u0103lin Georgescu lorsqu\u2019il \u00e9voque un possible \u00ab\u00a0<em>effondrement<\/em>\u00a0\u00bb de l\u2019UE : \u00ab <em>l\u2019effondrement de l\u2019UE est-il imminent ? La France pourrait-elle \u00eatre le prochain Brexit ?<\/em>\u00a0\u00bb<\/p>\n<p>L\u2019avenir de l\u2019Europe d\u00e9pendra de sa capacit\u00e9 \u00e0 r\u00e9pondre \u00e0 ces d\u00e9fis : renforcer la transparence \u00e9lectorale, contrer les interf\u00e9rences \u00e9trang\u00e8res et soutenir les mouvements populaires sans tomber dans l\u2019autoritarisme. C\u0103lin Georgescu voit <strong>dans la Roumanie une opportunit\u00e9 de leadership pour une Europe plus souveraine<\/strong>, mais cela n\u00e9cessite une rupture avec les structures actuelles de l\u2019UE.<\/p>\n<p>\u00a0<\/p>\n<p><strong>Les interf\u00e9rences : un spectre g\u00e9opolitique<\/strong><\/p>\n<p>Un th\u00e8me r\u00e9current dans l\u2019interview est l\u2019accusation d\u2019interf\u00e9rences \u00e9trang\u00e8res, notamment de la Russie, des \u00c9tats-Unis et des r\u00e9seaux Soros. C\u0103lin Georgescu rejette les all\u00e9gations d\u2019\u00eatre pro-russe, affirmant que ces accusations sont fabriqu\u00e9es \u00e0 22:15 \u00ab\u00a0<em>Mensonges pro-russes, un narratif faux utilis\u00e9 pour me discr\u00e9diter.<\/em>\u00a0\u00bb Cependant, des documents cit\u00e9s par les services de s\u00e9curit\u00e9 roumains et rapport\u00e9s sur Wikipedia mentionnent des cyberattaques et des fonds non d\u00e9clar\u00e9s attribu\u00e9s \u00e0 un \u00ab <em>acteur \u00e9tatique<\/em> \u00bb pr\u00e9sum\u00e9 \u00eatre la Russie. Mais rien ne le confirme. De plus, Wikipedia est devenue une source de blanchiment d\u2019information et de pollution informationnelle telle que m\u00eame son cofondateur alerte\u00a0: \u00ab\u00a0<a target=\"_blank\" href=\"https:\/\/www.francesoir.fr\/opinions-editos\/je-n-ai-plus-confiance\"><em>je n\u2019ai plus confiance,\u2026, personne\u00a0ne\u00a0devrait faire\u00a0confiance\u00a0\u00e0\u00a0Wikip\u00e9dia, aliment\u00e9 par des contributeurs de gauche. \u00a0<\/em><\/a><em>\u00bb<\/em><\/p>\n<p>Un Rapport du Parlement Europ\u00e9en souligne \u00e9galement <strong>les risques d\u2019interf\u00e9rences \u00e9trang\u00e8res<\/strong> dans les processus d\u00e9mocratiques de l\u2019UE, notamment via <strong>la d\u00e9sinformation et la manipulation m\u00e9diatique<\/strong>. En Roumanie, cette question a servi de pr\u00e9texte \u00e0 l\u2019annulation des \u00e9lections, mais elle a aussi exacerb\u00e9 les tensions internes et la m\u00e9fiance envers les institutions. C\u0103lin Georgescu accuse par ailleurs l\u2019administration Biden et le secr\u00e9taire d\u2019\u00c9tat Antony Blinken d\u2019\u00eatre impliqu\u00e9s dans un \u00ab <em>vol politique<\/em>\u00a0\u00bb : \u00ab <em>l\u2019administration Biden est-elle impliqu\u00e9e ? Le r\u00f4le de Blinken dans le vol politique en Roumanie<\/em>.\u00a0\u00bb<\/p>\n<p>Ces interf\u00e9rences soulignent une g\u00e9opolitique complexe, o\u00f9 la Russie, les \u00c9tats-Unis et les \u00e9lites globales comme Soros sont per\u00e7us comme des acteurs influen\u00e7ant les d\u00e9mocraties europ\u00e9ennes. Cela pose un d\u00e9fi majeur pour l\u2019UE, qui doit renforcer ses d\u00e9fenses contre ces menaces tout en pr\u00e9servant les libert\u00e9s fondamentales.<\/p>\n<p><strong>Analyse \u00e0 la lumi\u00e8re des \u00e9lections en Allemagne de ce jour<\/strong><\/p>\n<p>Les \u00e9lections f\u00e9d\u00e9rales allemandes de f\u00e9vrier 2025 offrent un contexte pertinent pour analyser les \u00e9v\u00e9nements roumains. Ces \u00e9lections, anticip\u00e9es en raison de la crise gouvernementale de 2024, ont vu une mont\u00e9e historique de l\u2019AfD (Alternative f\u00fcr Deutschland), qui a termin\u00e9 deuxi\u00e8me avec un score record \u00e0 20 %, tandis que le SPD enregistrait son pire r\u00e9sultat depuis 1933. Comme en Roumanie, les craintes d\u2019interf\u00e9rences \u00e9trang\u00e8res, notamment russes, ont \u00e9t\u00e9 signal\u00e9es, avec des campagnes de d\u00e9sinformation aliment\u00e9es par l\u2019intelligence artificielle.<\/p>\n<p>Cette mont\u00e9e des partis populistes en Allemagne, similaire \u00e0 la campagne de C\u0103lin Georgescu en Roumanie, refl\u00e8te <strong>une insatisfaction croissante envers les \u00e9lites et les institutions europ\u00e9ennes<\/strong>. Cependant, contrairement \u00e0 la Roumanie, l\u2019Allemagne n\u2019a pas vu ses \u00e9lections annul\u00e9es, bien que des inqui\u00e9tudes persistent sur l\u2019int\u00e9grit\u00e9 du processus \u00e9lectoral. Les r\u00e9sultats montrent une polarisation croissante, avec l\u2019AfD exploitant des narratifs anti-UE et anti-immigration, tandis que le CDU\/CSU reste dominant malgr\u00e9 un score historiquement faible.<\/p>\n<p>Cette comparaison sugg\u00e8re que la Roumanie pourrait servir de \u00ab <em>laboratoire<\/em> \u00bb pour des tactiques autoritaires que d\u2019autres pays europ\u00e9ens, comme l\u2019Allemagne, pourraient adopter si les populistes gagnent du terrain. C\u0103lin Georgescu lui-m\u00eame pr\u00e9vient : \u00ab <em>l\u2019Allemagne pourrait \u00eatre la prochaine : leurs \u00e9lections pourraient, elles aussi \u00eatre vol\u00e9es.\u00a0\u00bb<\/em> \u00a0Si l\u2019UE ne r\u00e9agit pas, la crise roumaine pourrait pr\u00e9figurer une fragmentation plus large, o\u00f9 la d\u00e9mocratie elle-m\u00eame est mise en p\u00e9ril.<\/p>\n<p>\u00a0<\/p>\n<p><strong>La Roumanie, garante du devenir de l\u2019Europe ?<\/strong><\/p>\n<p>La question de savoir si la Roumanie est le garant du devenir de l\u2019Europe m\u00e9rite une r\u00e9flexion approfondie. L\u2019interview de C\u0103lin Georgescu pr\u00e9sente la Roumanie comme un <strong>champ de bataille symbolique pour la d\u00e9mocratie et la souverainet\u00e9 nationale<\/strong> face \u00e0 une UE per\u00e7ue comme corrompue et bureaucratique. Il affirme que la Roumanie, avec son mouvement populaire, pourrait inspirer une r\u00e9volution conservatrice en Europe\u00a0: \u00ab <em>je travaille pour mon peuple. C\u2019est la philosophie que l\u2019\u00e9lite craint le plus<\/em>.\u00a0\u00bb<\/p>\n<p>Cependant, cette vision est controvers\u00e9e. La Roumanie, bien qu\u2019importante comme membre de l\u2019UE et de l\u2019OTAN, souffre de d\u00e9fis structurels : corruption end\u00e9mique, faiblesse institutionnelle et d\u00e9pendance \u00e9conomique que C\u0103lin Georgescu et George Simion aimeraient \u00e9radiquer. De plus, les accusations de liens pro-russes et d\u2019extr\u00e9misme, \u00e9voqu\u00e9 par le lobby pro-f\u00e9d\u00e9ral europ\u00e9en Politico contribuent \u00e0 ternir l\u2019image de C\u0103lin et limitent son influence r\u00e9gionale et internationale. Les outils habituels utilis\u00e9s par les pro-europe f\u00e9d\u00e9rale sont de sortie, peu importe ce que pense le peuple ! George Simion avait d\u00e9clar\u00e9 \u00e0 France-Soir\u00a0: \u00ab\u00a0<a target=\"_blank\" href=\"https:\/\/www.francesoir.fr\/videos-l-entretien-essentiel\/la-france-est-un-geant-qui-dort-alors-allez-enfant-de-la-patrie\"><em>nous, (les Roumains) n\u2019avons pas bien vot\u00e9, du moins pas comme ils pensent que nous devrions voter, \u00a0alors ils ont annul\u00e9 les \u00e9lections.\u00a0<\/em><\/a><em>\u00bb<\/em>\u00a0<\/p>\n<p><iframe style=\"left:0;position:absolute;top:0;\" width=\"100%\" height=\"100%\" frameborder=\"0\" allow=\"accelerometer; autoplay; encrypted-media; gyroscope; picture-in-picture\" allowfullscreen=\"true\" referrerpolicy=\"unsafe-url\" class=\"lazyload\" data-src=\"https:\/\/app.videas.fr\/embed\/media\/21854d32-7ad7-487f-b2a7-7084dbac15e5\/\"><\/iframe><\/p>\n<p>\u00a0<\/p>\n<p>La <strong>Roumanie est donc un miroir des luttes internes de l\u2019Europe, o\u00f9 des tensions similaires<\/strong> \u2013 populisme, interf\u00e9rences \u00e9trang\u00e8res, crise d\u00e9mocratique \u2013 se manifestent. Pour devenir un leader et \u00e9ventuellement \u00ab\u00a0garant des libert\u00e9s\u00a0et droits fondamentaux \u00bb, la Roumanie devra surmonter ses d\u00e9fis internes et prouver <strong>qu\u2019elle peut d\u00e9fendre la d\u00e9mocratie sans tomber dans l\u2019autoritarisme<\/strong> ou <strong>la d\u00e9pendance envers des puissances \u00e9trang\u00e8res<\/strong>. On peut noter que <a target=\"_blank\" href=\"https:\/\/www.francesoir.fr\/politique-monde-societe-economie\/conference-mega-2025-bruxelles-un-second-rassemblement-pour-le\">le mouvement M.E.G.A (Make Europe Great Again) qui est n\u00e9 en Roumanie, lanc\u00e9 par George Simion prend \u00e9norm\u00e9ment d\u2019ampleur et fournit une base substantielle de leadership sur la d\u00e9fense des droits fondamentaux<\/a>.<\/p>\n<p><img decoding=\"async\" data-entity-uuid=\"7d598a8e-9842-4a46-b15c-15aba4841f0e\" data-entity-type=\"file\" alt=\"MEGA Conference\" width=\"945\" height=\"531\" loading=\"lazy\" class=\"lazyload\" src=\"https:\/\/www.francesoir.fr\/sites\/default\/files\/inline-images\/image_85.png\"\/><\/p>\n<p>\u00a0<\/p>\n<p><strong>Vers un nouvel ordre europ\u00e9en ?<\/strong><\/p>\n<p>L\u2019interview de C\u0103lin Georgescu r\u00e9v\u00e8le une Europe en proie \u00e0 des d\u00e9fis existentiels : une d\u00e9mocratie fragilis\u00e9e, des interf\u00e9rences g\u00e9opolitiques et une mont\u00e9e du populisme. La Roumanie, bien qu\u2019affect\u00e9e par ces dynamiques, n\u2019est pas seule \u2013 les \u00e9lections allemandes de 2025 montrent des tendances similaires, mais avec des r\u00e9sultats diff\u00e9rents. L\u2019avenir de l\u2019Europe d\u00e9pendra de sa capacit\u00e9 \u00e0 r\u00e9former ses institutions, contrer les interf\u00e9rences et \u00e9couter les voix populaires, tout en \u00e9vitant les d\u00e9rives autoritaires.<\/p>\n<p>C\u0103lin Georgescu conclut avec un appel \u00e0 l\u2019espoir : \u00ab <em>DOGE est n\u00e9cessaire en Europe. La richesse de la Roumanie, ce sont ses gens. <\/em>\u00bb Si cet espoir se concr\u00e9tise, l\u2019Europe pourrait \u00e9merger plus forte, mais cela n\u00e9cessitera un effort collectif et une vigilance accrue.<\/p>\n<p>Une question l\u00e9gitime se pose suite \u00e0 plusieurs \u00e9changes autour du meeting annuel CPAC (Conf\u00e9rence sur les actions politiques des conservateurs) \u00e0 Washington :\u00a0<\/p>\n<blockquote class=\"twitter-tweet\">\n<p lang=\"en\" dir=\"ltr\">\ud83c\uddf7\ud83c\uddf4Will <a target=\"_blank\" href=\"https:\/\/twitter.com\/CG_Romania?ref_src=twsrc%5Etfw\">@CG_Romania<\/a> and <a target=\"_blank\" href=\"https:\/\/twitter.com\/georgesimion?ref_src=twsrc%5Etfw\">@georgesimion<\/a> become the new heroes of Europe bringing back from the US the wind of renewed trust in politicians who respect the people ?\u00a0<\/p>\n<p>Est-ce que <a target=\"_blank\" href=\"https:\/\/twitter.com\/CG_Romania?ref_src=twsrc%5Etfw\">@CG_Romania<\/a> et <a target=\"_blank\" href=\"https:\/\/twitter.com\/georgesimion?ref_src=twsrc%5Etfw\">@georgesimion<\/a> deviendront les nouveaux h\u00e9ros de l&rsquo;Europe apportant le vent du renouveau de\u2026<\/p>\n<p>\u2014 Xavier Azalbert FreeSpeech \ud83c\udde7\ud83c\uddf7 \ud83c\uddeb\ud83c\uddf7 (@xazalbert) <a target=\"_blank\" href=\"https:\/\/twitter.com\/xazalbert\/status\/1893081038014022108?ref_src=twsrc%5Etfw\">February 21, 2025<\/a><\/p>\n<\/blockquote>\n<\/div>\n<p><script async src=\"\/\/platform.twitter.com\/widgets.js\" charset=\"utf-8\"><\/script><script>(function(d, s, id) {  var js, fjs = d.getElementsByTagName(s)[0];  if (d.getElementById(id)) return;  js = d.createElement(s); js.id = id;  js.src = \"\/\/connect.facebook.net\/fr_FR\/sdk.js#xfbml=1&version=v2.3\";  fjs.parentNode.insertBefore(js, fjs);}(document, \"script\", \"facebook-jssdk\"));<\/script><br \/>\n<br \/><br \/>\n<br \/><a href=\"https:\/\/www.francesoir.fr\/politique-monde\/la-bataille-pour-la-democratie-l-interview-explosive-de-calin-georgescu-et-les\" target=\"_blank\"\">Source link <\/a><\/p>\n","protected":false},"excerpt":{"rendered":"<p>\u00c9lection annul\u00e9e, un cri pour la libert\u00e9 &#8211; le 19 f\u00e9vrier 2025, Mario Nawfal, journaliste et figure influente sur X, a publi\u00e9 une interview choc avec C\u0103lin Georgescu, le politicien&hellip; <\/p>\n","protected":false},"author":1,"featured_media":3241,"comment_status":"open","ping_status":"open","sticky":false,"template":"","format":"standard","meta":{"footnotes":""},"categories":[1],"tags":[],"class_list":["post-3240","post","type-post","status-publish","format-standard","has-post-thumbnail","hentry","category-non-classe"],"_links":{"self":[{"href":"https:\/\/monde25.info\/index.php\/wp-json\/wp\/v2\/posts\/3240","targetHints":{"allow":["GET"]}}],"collection":[{"href":"https:\/\/monde25.info\/index.php\/wp-json\/wp\/v2\/posts"}],"about":[{"href":"https:\/\/monde25.info\/index.php\/wp-json\/wp\/v2\/types\/post"}],"author":[{"embeddable":true,"href":"https:\/\/monde25.info\/index.php\/wp-json\/wp\/v2\/users\/1"}],"replies":[{"embeddable":true,"href":"https:\/\/monde25.info\/index.php\/wp-json\/wp\/v2\/comments?post=3240"}],"version-history":[{"count":0,"href":"https:\/\/monde25.info\/index.php\/wp-json\/wp\/v2\/posts\/3240\/revisions"}],"wp:featuredmedia":[{"embeddable":true,"href":"https:\/\/monde25.info\/index.php\/wp-json\/wp\/v2\/media\/3241"}],"wp:attachment":[{"href":"https:\/\/monde25.info\/index.php\/wp-json\/wp\/v2\/media?parent=3240"}],"wp:term":[{"taxonomy":"category","embeddable":true,"href":"https:\/\/monde25.info\/index.php\/wp-json\/wp\/v2\/categories?post=3240"},{"taxonomy":"post_tag","embeddable":true,"href":"https:\/\/monde25.info\/index.php\/wp-json\/wp\/v2\/tags?post=3240"}],"curies":[{"name":"wp","href":"https:\/\/api.w.org\/{rel}","templated":true}]}}