{"id":3244,"date":"2025-02-24T09:01:36","date_gmt":"2025-02-24T08:01:36","guid":{"rendered":"https:\/\/monde25.info\/index.php\/2025\/02\/24\/la-droite-en-tete-score-historique-pour-les-nationalistes-rt-en-francais\/"},"modified":"2025-02-24T09:01:36","modified_gmt":"2025-02-24T08:01:36","slug":"la-droite-en-tete-score-historique-pour-les-nationalistes-rt-en-francais","status":"publish","type":"post","link":"https:\/\/monde25.info\/index.php\/2025\/02\/24\/la-droite-en-tete-score-historique-pour-les-nationalistes-rt-en-francais\/","title":{"rendered":"la droite en t\u00eate, score historique pour les nationalistes \u2014 RT en fran\u00e7ais"},"content":{"rendered":"<p> <br \/>\n<br \/><img decoding=\"async\" src=\"https:\/\/mf.b37mrtl.ru\/french\/images\/2025.02\/thumbnail\/67bc10b487f3ec053d222404.jpg\" \/><\/p>\n<div>\n<p class=\"text__summary\">\n                                        Les \u00e9lections f\u00e9d\u00e9rales allemandes du 23 f\u00e9vrier ont confirm\u00e9 les tendances r\u00e9v\u00e9l\u00e9es par les sondages. La CDU arrive en t\u00eate avec pr\u00e8s de 29 % des suffrages, devan\u00e7ant les nationalistes de l\u2019AfD qui s&rsquo;imposent comme la deuxi\u00e8me force politique. Les sociaux-d\u00e9mocrates, bien que distanc\u00e9s, devraient \u00eatre amen\u00e9s \u00e0 gouverner au sein d\u2019une coalition.\n                                    <\/p>\n<p>\u00abNous avons remport\u00e9 cette \u00e9lection f\u00e9d\u00e9rale, et nous l\u2019avons fait de mani\u00e8re tr\u00e8s claire et distincte. Je m&rsquo;efforcerai de former un gouvernement f\u00e9d\u00e9ral qui repr\u00e9sente l&rsquo;ensemble de la population allemande et qui r\u00e9sout les probl\u00e8mes de notre pays\u00bb. Dans un message post\u00e9 le 23 f\u00e9vrier au soir sur le r\u00e9seau social X, le chef de file de la droite allemande (CDU)\u00a0<a target=\"_blank\" href=\"https:\/\/x.com\/_FriedrichMerz\/status\/1893747716741644369\">Friedrich Merz<\/a>\u00a0s&rsquo;est r\u00e9joui du score de son parti, arriv\u00e9 en t\u00eate aux \u00e9lections f\u00e9d\u00e9rales.<\/p>\n<div class=\"rtcode\">\n<blockquote class=\"twitter-tweet\">\n<p lang=\"de\" dir=\"ltr\">\u201eWir haben diese Bundestagswahl gewonnen, und zwar sehr klar und sehr deutlich. Ich werde mich darum bem\u00fchen, eine Bundesregierung zu bilden, die die ganze deutsche Bev\u00f6lkerung repr\u00e4sentiert und die Probleme unseres Landes l\u00f6st.\u201c &#8482;<\/p>\n<p>\u2014 Friedrich Merz (@_FriedrichMerz) <a target=\"_blank\" href=\"https:\/\/twitter.com\/_FriedrichMerz\/status\/1893747716741644369?ref_src=twsrc%5Etfw\">February 23, 2025<\/a><\/p><\/blockquote>\n<\/div>\n<p><a target=\"_blank\" href=\"https:\/\/x.com\/EmmanuelMacron\/status\/1893789269598068809\"\/>Les sociaux-d\u00e9mocrates (SPD), jusqu\u2019alors au pouvoir en Allemagne avec le chancelier Olaf Scholz, ont \u00e9t\u00e9 largement d\u00e9faits et se retrouvent en troisi\u00e8me position avec 16% des suffrages,\u00a0leur plus mauvais r\u00e9sultat\u00a0\u00e0 des \u00e9lections l\u00e9gislatives depuis l\u2019apr\u00e8s-guerre. L\u2019\u00e9v\u00e9nement marquant de ce scrutin est le score du parti nationaliste AfD, qui se place en deuxi\u00e8me position avec plus de 20% des voix.<\/p>\n<h2>L\u2019AfD c\u00e9l\u00e8bre une victoire historique<\/h2>\n<p>\u00abUn succ\u00e8s incroyable qui montre clairement que les citoyens veulent un changement politique !\u00bb Sur X, <a target=\"_blank\" href=\"https:\/\/x.com\/Alice_Weidel\/status\/1893733524898759034\">Alice Weidel<\/a>, co-pr\u00e9sidente du parti nationaliste AfD, n\u2019a pas cach\u00e9 sa joie face \u00e0 un score sup\u00e9rieur \u00e0 20% des voix, qui fait de son parti la deuxi\u00e8me force politique du pays.<\/p>\n<div class=\"rtcode\">\n<blockquote class=\"twitter-tweet\">\n<p lang=\"de\" dir=\"ltr\">Herzlichen Dank an alle W\u00e4hler und die vielen engagierten Wahlk\u00e4mpfer. Die AfD konnte ihr Ergebnis verdoppeln &#8211; ein unglaublicher Erfolg, der deutlich macht: Die B\u00fcrger wollen den politischen Wandel! <a target=\"_blank\" href=\"https:\/\/t.co\/7W6e3mFwKh\">pic.twitter.com\/7W6e3mFwKh<\/a><\/p>\n<p>\u2014 Alice Weidel (@Alice_Weidel) <a target=\"_blank\" href=\"https:\/\/twitter.com\/Alice_Weidel\/status\/1893733524898759034?ref_src=twsrc%5Etfw\">February 23, 2025<\/a><\/p><\/blockquote>\n<\/div>\n<p><a target=\"_blank\" href=\"https:\/\/x.com\/Alice_Weidel\/status\/1893733524898759034\"\/>Le parti, favorable \u00e0 une sortie de l\u2019euro et \u00e0 un rapprochement avec Moscou, avait re\u00e7u le soutien d\u2019Elon Musk durant la campagne. Il devance de plus de 4 points les sociaux-d\u00e9mocrates du chancelier sortant.<br \/>La gauche allemande\u00a0pourrait n\u00e9anmoins demeurer dans une coalition gouvernementale avec la droite, dans une alliance potentiellement une nouvelle fois tripartite, incluant la CDU et les Verts, dont le score s\u2019approche des 12%. Seuls, le SPD et la CDU disposeraient d\u2019une majorit\u00e9 pr\u00e9caire.<\/p>\n<p>Outre l\u2019AfD, la gauche radicale allemande a \u00e9galement progress\u00e9 avec le parti Die Linke, passant de moins de 5% \u00e0 pr\u00e8s de 9%. \u00c0 cela s\u2019ajoute le score de l\u2019autre parti de gauche radicale, le BSW de Sahra Wagenknecht, qui rate de peu son entr\u00e9e au Bundestag avec 4,9% des voix.<br \/>Les lib\u00e9raux du FDP, qui faisaient partie de la coalition Scholz, ne si\u00e9geront pas non plus au Parlement, avec un score de 4,3% des voix.<\/p>\n<\/div>\n<p><script async src=\"\/\/platform.twitter.com\/widgets.js\" charset=\"utf-8\"><\/script><br \/>\n<br \/><br \/>\n<br \/><a href=\"https:\/\/francais.rt.com\/international\/117178-allemagne-droite-tete-score-historique\" target=\"_blank\"\">Source link <\/a><\/p>\n","protected":false},"excerpt":{"rendered":"<p>Les \u00e9lections f\u00e9d\u00e9rales allemandes du 23 f\u00e9vrier ont confirm\u00e9 les tendances r\u00e9v\u00e9l\u00e9es par les sondages. La CDU arrive en t\u00eate avec pr\u00e8s de 29 % des suffrages, devan\u00e7ant les nationalistes&hellip; <\/p>\n","protected":false},"author":1,"featured_media":3245,"comment_status":"open","ping_status":"open","sticky":false,"template":"","format":"standard","meta":{"footnotes":""},"categories":[1],"tags":[],"class_list":["post-3244","post","type-post","status-publish","format-standard","has-post-thumbnail","hentry","category-non-classe"],"_links":{"self":[{"href":"https:\/\/monde25.info\/index.php\/wp-json\/wp\/v2\/posts\/3244","targetHints":{"allow":["GET"]}}],"collection":[{"href":"https:\/\/monde25.info\/index.php\/wp-json\/wp\/v2\/posts"}],"about":[{"href":"https:\/\/monde25.info\/index.php\/wp-json\/wp\/v2\/types\/post"}],"author":[{"embeddable":true,"href":"https:\/\/monde25.info\/index.php\/wp-json\/wp\/v2\/users\/1"}],"replies":[{"embeddable":true,"href":"https:\/\/monde25.info\/index.php\/wp-json\/wp\/v2\/comments?post=3244"}],"version-history":[{"count":0,"href":"https:\/\/monde25.info\/index.php\/wp-json\/wp\/v2\/posts\/3244\/revisions"}],"wp:featuredmedia":[{"embeddable":true,"href":"https:\/\/monde25.info\/index.php\/wp-json\/wp\/v2\/media\/3245"}],"wp:attachment":[{"href":"https:\/\/monde25.info\/index.php\/wp-json\/wp\/v2\/media?parent=3244"}],"wp:term":[{"taxonomy":"category","embeddable":true,"href":"https:\/\/monde25.info\/index.php\/wp-json\/wp\/v2\/categories?post=3244"},{"taxonomy":"post_tag","embeddable":true,"href":"https:\/\/monde25.info\/index.php\/wp-json\/wp\/v2\/tags?post=3244"}],"curies":[{"name":"wp","href":"https:\/\/api.w.org\/{rel}","templated":true}]}}