{"id":3268,"date":"2025-02-24T19:34:37","date_gmt":"2025-02-24T18:34:37","guid":{"rendered":"https:\/\/monde25.info\/index.php\/2025\/02\/24\/des-pots-de-yaourt-recyclables-mais-pas-recycles\/"},"modified":"2025-02-24T19:34:37","modified_gmt":"2025-02-24T18:34:37","slug":"des-pots-de-yaourt-recyclables-mais-pas-recycles","status":"publish","type":"post","link":"https:\/\/monde25.info\/index.php\/2025\/02\/24\/des-pots-de-yaourt-recyclables-mais-pas-recycles\/","title":{"rendered":"Des pots de yaourt recyclables, mais pas recycl\u00e9s"},"content":{"rendered":"<p> <br \/>\n<\/p>\n<div style=\"position:relative;\">\n        <picture><source type=\"image\/webp\" srcset=\"https:\/\/reporterre.net\/local\/cache-vignettes\/L720xH480\/14530791572_a57d8736a8_o_1_1_-95843.jpg@.webp?1740410262\"><img loading=\"lazy\" decoding=\"async\" src=\"https:\/\/reporterre.net\/local\/cache-vignettes\/L720xH480\/14530791572_a57d8736a8_o_1_1_-95843.jpg?1740410262\" width=\"720\" height=\"480\" alt=\"Des pots de yaourt recyclables, mais pas recycl\u00e9s\" class=\"image_logo voir_logo\"\/><\/p>\n<p><\/source><\/picture>\n<p class=\"legende_logo\">Moins de 5 % des pots de yaourt consomm\u00e9s en France sont recycl\u00e9s. <span class=\"copyright_logo\">&#8211; Flickr \/ CC BY-SA 2.0 \/ Jacqui Brown<\/span><\/p>\n<p class=\"legende_logo_480\">Moins de 5 % des pots de yaourt consomm\u00e9s en France sont recycl\u00e9s. <span class=\"copyright_logo\">&#8211; Flickr \/ CC BY-SA 2.0 \/ Jacqui Brown<\/span><\/p>\n<\/p><\/div>\n<div>\n        <span class=\"date\">24 f\u00e9vrier 2025  \u00e0 16h48<\/span><\/p>\n<p class=\"duree_lecture\">\n        Dur\u00e9e de lecture : 2 minutes\n      <\/p>\n<\/p><\/div>\n<div>\n<p><i>\u00ab<small class=\"fine d-inline\">\u00a0<\/small>Si je vais au tri, je serai recycl\u00e9<small class=\"fine d-inline\">\u00a0<\/small>\u00bb<\/i>. Lanc\u00e9e fin f\u00e9vrier, une campagne de communication baptis\u00e9e #TriTonPot, vise \u00e0 encourager le tri des pots de yaourt usag\u00e9s. Initi\u00e9e par Syndifrais, le syndicat professionnel qui regroupe les fabricants de produits laitiers frais (Yoplait, Lactalis, Nestl\u00e9\u2026), l\u2019op\u00e9ration masque en r\u00e9alit\u00e9 plusieurs probl\u00e8mes.<\/p>\n<p>\u00c0 commencer par la difficult\u00e9 \u00e0 recycler ces pots. Peu co\u00fbteux, l\u00e9gers et facilement d\u00e9tachables, la plupart sont fabriqu\u00e9s en polystyr\u00e8ne, un mat\u00e9riau dont les propri\u00e9t\u00e9s compliquent un \u00e9ventuel recyclage. <i>\u00ab<small class=\"fine d-inline\">\u00a0<\/small>Moins de 5<small class=\"fine d-inline\">\u00a0<\/small>% au mieux sont aujourd\u2019hui transform\u00e9s en cintres ou en pots de fleurs dans une usine implant\u00e9e\u2026 en Espagne<small class=\"fine d-inline\">\u00a0<\/small>\u00bb<\/i>, r\u00e9v\u00e8le <a target=\"_blank\" href=\"https:\/\/www.lemonde.fr\/planete\/article\/2025\/02\/24\/si-je-vais-au-tri-je-serai-recycle-la-campagne-en-trompe-l-il-qui-ne-dit-pas-tout-sur-les-pots-de-yaourt-en-polystyrene_6561289_3244.html\" class=\"spip_out\" rel=\"external\"><i>Le Monde<\/i><\/a>, qui a enqu\u00eat\u00e9 sur les dessous du lobbying des industriels laitiers.<\/p>\n<h2 class=\"spip\">Cinq ans de retard sur l\u2019objectif<\/h2>\n<p>D\u2019autant que la pollution entra\u00een\u00e9e par le polystyr\u00e8ne est largement document\u00e9e\u00a0: ses fragments repr\u00e9sentent un tiers des d\u00e9chets plastiques qui polluent les fonds marins. Adopt\u00e9e en 2021, <a target=\"_blank\" href=\"https:\/\/reporterre.net\/Loi-Climat-Quand-on-entre-dans-le-detail-ca-ne-va-pas\">la loi Climat et r\u00e9silience<\/a> ent\u00e9rinait l\u2019interdiction des emballages en polystyr\u00e8ne \u00e0 partir du 1<sup class=\"typo_exposants\">er<\/sup>\u00a0janvier 2025. D\u2019ici l\u00e0, les fabricants de yaourts devaient alors plancher sur une fili\u00e8re fran\u00e7aise de recyclage du polystyr\u00e8ne.<\/p>\n<p>Face au lobbying des industriels laitiers, le l\u00e9gislateur a finalement recul\u00e9, <a target=\"_blank\" href=\"https:\/\/reporterre.net\/Yaourts-les-lobbies-esquivent-l-interdiction-du-polystyrene\">autorisant un sursis jusqu\u2019en 2030<\/a>. Mais, comme l\u2019indique <i>Le Monde<\/i>, le projet de fili\u00e8re fran\u00e7aise a finalement \u00e9t\u00e9 abandonn\u00e9 au profit d\u2019une usine bas\u00e9e \u00e0 Anvers, en Belgique, dont l\u2019inauguration est annonc\u00e9e en mai, apr\u00e8s plusieurs reports. Quoiqu\u2019il en soit, la quantit\u00e9 pr\u00e9vue de pots recycl\u00e9s, autour de 8<small class=\"fine d-inline\">\u00a0<\/small>%, est jug\u00e9e <i>\u00ab<small class=\"fine d-inline\">\u00a0<\/small>d\u00e9risoire<small class=\"fine d-inline\">\u00a0<\/small>\u00bb<\/i>  par l\u2019association Zero Waste France.<\/p>\n<aside class=\"boite_encarts\">\n<div class=\"encart encart_gris noprint\">\n<p><strong>Puisque vous \u00eates l\u00e0&#8230;<\/strong><\/p>\n<p>&#8230; nous avons un petit service \u00e0 vous demander.<br class=\"autobr\"\/><br \/>\nEntre la pr\u00e9sence d\u2019un climatosceptique \u00e0 la t\u00eate de la premi\u00e8re puissance mondiale, un gouvernement fran\u00e7ais qui flirte avec l\u2019extr\u00eame-droite, et les catastrophes climatiques qui s\u2019enchainent&#8230; Faire vivre l\u2019\u00e9cologie dans le d\u00e9bat public est un enjeu crucial.<\/p>\n<p>Personne ne modifie ce que nous publions. Nous n\u2019avons ni actionnaire, ni propri\u00e9taire milliardaire \u2014 seulement une \u00e9quipe d\u2019irr\u00e9ductibles journalistes, pleine de d\u00e9termination.<\/p>\n<p>Nous avons la conviction que l\u2019urgence \u00e9cologique est l\u2019enjeu majeur de notre \u00e9poque. Et comme plus de 2 millions de lectrices et lecteurs chaque mois, vous partagez sans doute cette conviction&#8230;<\/p>\n<p><strong>Depuis 12 ans, nous publions des articles de qualit\u00e9 sur l\u2019\u00e9cologie, en acc\u00e8s libre et sans publicit\u00e9, pour tous.<\/strong><br class=\"autobr\"\/><br \/>\nMais ce travail demande beaucoup de temps et de ressources.<\/p>\n<p>Alors, si vous en avez les moyens, sachez qu\u2019un don, m\u00eame d\u20191\u20ac, est un acte de soutien fort pour l\u2019\u00e9cologie et le journalisme ind\u00e9pendant.<br class=\"autobr\"\/><br \/>\n(Et \u00e7a vous prendra moins de temps que la lecture de ce texte).<\/p>\n<p><strong>Si vous le pouvez, choisissez un soutien mensuel. Merci.<\/strong><\/p>\n<p><a target=\"_blank\" href=\"https:\/\/reporterre.net\/dons\" class=\"bt_soutenir\">Je soutiens <i>Reporterre<\/i><\/a><\/p>\n<\/p><\/div>\n<div class=\"encart encart_vert noprint montre_1023\">\n<div class=\"infolettre-form-container noprint\">\n<p>Abonnez-vous \u00e0 la lettre d\u2019info de Reporterre<\/p>\n<\/div><\/div>\n<\/aside>\n<aside class=\"boite_apresarticle encart_note\">\n<h4>Apr\u00e8s cet article<\/h4>\n<p>      <a target=\"_blank\" href=\"https:\/\/reporterre.net\/Emballages-plastiques-Les-industriels-ne-jouent-pas-le-jeu\" class=\"lien_article\">\n      <picture class=\"vignette_gauche\"><source type=\"image\/webp\" srcset=\"https:\/\/reporterre.net\/local\/cache-vignettes\/L450xH300\/20230601_rencontre_plastique_-47-c3e23.jpg@.webp?1737368304\"><img decoding=\"async\" src=\"https:\/\/reporterre.net\/local\/cache-vignettes\/L450xH300\/20230601_rencontre_plastique_-47-c3e23.jpg?1737368304\" width=\"450\" height=\"300\" alt=\"\" class=\"marge12\" loading=\"lazy\"\/><br \/>\n<\/source><\/picture>\n<p class=\"libelle\">\n<p>      Plastique\n    <\/p>\n<p class=\"titre pol20\">Emballages plastiques\u00a0: \u00ab<small class=\"fine d-inline\">\u00a0<\/small>Les industriels ne jouent pas le jeu<small class=\"fine d-inline\">\u00a0<\/small>\u00bb<\/p>\n<p>      <\/a><br \/>\n    <\/aside>\n<aside class=\"boite_complement texte\">\n<p>      <!-- zone_forum --><br \/>\n          <\/aside>\n<aside class=\"boite_lireaussi noprint\">\n<\/aside>\n<aside class=\"colonne\">\n<div class=\"article_info cache_1023 noprint\">\n        <span class=\"date\">24 f\u00e9vrier 2025  \u00e0 16h48<\/span><\/p>\n<p class=\"duree_lecture\">\n        Dur\u00e9e de lecture : 2 minutes\n      <\/p>\n<\/p><\/div>\n<div class=\"bloc_infolettre\">\n<div class=\"infolettre-form-container noprint\">\n<p>Abonnez-vous \u00e0 la lettre d\u2019info de Reporterre<\/p>\n<\/div><\/div>\n<\/aside>\n<div id=\"galerie\">\n  <img decoding=\"async\" src=\"\" class=\"principale\" id=\"principale\"\/><\/p>\n<p id=\"legende\">legende<\/p>\n<\/div>\n<footer class=\"noprint\">\n<\/footer>\n<\/div>\n<p><br \/>\n<br \/><a href=\"https:\/\/reporterre.net\/Des-pots-de-yaourt-recyclables-mais-pas-recycles\" target=\"_blank\"\">Source link <\/a><\/p>\n","protected":false},"excerpt":{"rendered":"<p>Moins de 5 % des pots de yaourt consomm\u00e9s en France sont recycl\u00e9s. &#8211; Flickr \/ CC BY-SA 2.0 \/ Jacqui Brown Moins de 5 % des pots de yaourt&hellip; <\/p>\n","protected":false},"author":1,"featured_media":3269,"comment_status":"open","ping_status":"open","sticky":false,"template":"","format":"standard","meta":{"footnotes":""},"categories":[1],"tags":[],"class_list":["post-3268","post","type-post","status-publish","format-standard","has-post-thumbnail","hentry","category-non-classe"],"_links":{"self":[{"href":"https:\/\/monde25.info\/index.php\/wp-json\/wp\/v2\/posts\/3268","targetHints":{"allow":["GET"]}}],"collection":[{"href":"https:\/\/monde25.info\/index.php\/wp-json\/wp\/v2\/posts"}],"about":[{"href":"https:\/\/monde25.info\/index.php\/wp-json\/wp\/v2\/types\/post"}],"author":[{"embeddable":true,"href":"https:\/\/monde25.info\/index.php\/wp-json\/wp\/v2\/users\/1"}],"replies":[{"embeddable":true,"href":"https:\/\/monde25.info\/index.php\/wp-json\/wp\/v2\/comments?post=3268"}],"version-history":[{"count":0,"href":"https:\/\/monde25.info\/index.php\/wp-json\/wp\/v2\/posts\/3268\/revisions"}],"wp:featuredmedia":[{"embeddable":true,"href":"https:\/\/monde25.info\/index.php\/wp-json\/wp\/v2\/media\/3269"}],"wp:attachment":[{"href":"https:\/\/monde25.info\/index.php\/wp-json\/wp\/v2\/media?parent=3268"}],"wp:term":[{"taxonomy":"category","embeddable":true,"href":"https:\/\/monde25.info\/index.php\/wp-json\/wp\/v2\/categories?post=3268"},{"taxonomy":"post_tag","embeddable":true,"href":"https:\/\/monde25.info\/index.php\/wp-json\/wp\/v2\/tags?post=3268"}],"curies":[{"name":"wp","href":"https:\/\/api.w.org\/{rel}","templated":true}]}}