{"id":3278,"date":"2025-02-24T22:21:08","date_gmt":"2025-02-24T21:21:08","guid":{"rendered":"https:\/\/monde25.info\/index.php\/2025\/02\/24\/lukraine-ne-sera-pas-membre-de-lotan-affirme-orban-rt-en-francais\/"},"modified":"2025-02-24T22:21:08","modified_gmt":"2025-02-24T21:21:08","slug":"lukraine-ne-sera-pas-membre-de-lotan-affirme-orban-rt-en-francais","status":"publish","type":"post","link":"https:\/\/monde25.info\/index.php\/2025\/02\/24\/lukraine-ne-sera-pas-membre-de-lotan-affirme-orban-rt-en-francais\/","title":{"rendered":"\u00abL\u2019Ukraine ne sera pas membre de l\u2019OTAN\u00bb, affirme Orban \u2014 RT en fran\u00e7ais"},"content":{"rendered":"<p> <br \/>\n<br \/><img decoding=\"async\" src=\"https:\/\/mf.b37mrtl.ru\/french\/images\/2025.02\/thumbnail\/67bcc33687f3ec3b4a63b5c0.jpg\" \/><\/p>\n<div>\n<p class=\"text__summary\">\n                                        Le Premier ministre hongrois a d\u00e9clar\u00e9 ce 24 f\u00e9vrier que l\u2019Ukraine ne rejoindrait pas l\u2019OTAN et resterait une zone tampon entre la Russie et l\u2019Alliance atlantique, une r\u00e9alit\u00e9 confirm\u00e9e selon lui apr\u00e8s la victoire de Donald Trump \u00e0 la pr\u00e9sidentielle am\u00e9ricaine.\n                                    <\/p>\n<p>Lors de son discours d\u2019ouverture de la session de printemps du parlement hongrois, ce 24 f\u00e9vrier, Viktor Orban a d\u00e9clar\u00e9 que l\u2019avenir de l\u2019Ukraine \u00e9tait d\u00e9sormais fix\u00e9. Selon lui, apr\u00e8s l\u2019\u00e9lection pr\u00e9sidentielle am\u00e9ricaine, il est devenu \u00e9vident que \u00abl\u2019Ukraine ne deviendra pas membre de l\u2019OTAN\u00bb. Il a ajout\u00e9 que son statut futur devra \u00eatre n\u00e9goci\u00e9 dans un trait\u00e9 de paix garantissant la s\u00e9curit\u00e9 des \u00c9tats membres de l\u2019Alliance, y compris la Hongrie.<\/p>\n<p>Il a insist\u00e9 sur l\u2019importance du r\u00f4le de la Hongrie dans ces discussions, pr\u00e9cisant que l\u2019Ukraine aurait \u00e0 fonctionner \u00e0 nouveau comme une zone tampon entre la Russie et l\u2019Occident. \u00abCette d\u00e9cision ne sera pas prise uniquement par les Europ\u00e9ens, et peut-\u00eatre m\u00eame pas principalement par eux\u00bb, a-t-il d\u00e9clar\u00e9, selon des propos rapport\u00e9s par TASS.<\/p>\n<p>Le Premier ministre a \u00e9galement rappel\u00e9 que, selon lui, le conflit en Ukraine ne concernait pas uniquement Kiev, mais plut\u00f4t l\u2019utilisation de ce territoire par l\u2019OTAN contre la Russie. Ces d\u00e9clarations font \u00e9chos aux r\u00e9cents propos de membres de l\u2019administration Trump, qui ont sugg\u00e9r\u00e9 que l\u2019Ukraine devrait abandonner ses ambitions d\u2019adh\u00e9sion \u00e0 l\u2019Alliance atlantique.<\/p>\n<h2><strong>Ukraine et\u00a0UE : la Hongrie entend avoir son mot\u00a0\u00e0 dire<\/strong><\/h2>\n<p>Viktor Orban a \u00e9galement abord\u00e9 la question de l\u2019adh\u00e9sion de l\u2019Ukraine \u00e0 l\u2019Union europ\u00e9enne, affirmant que cette d\u00e9cision d\u00e9pendra fortement de la Hongrie. Selon <em>RIA Novosti<\/em>, il a d\u00e9clar\u00e9 devant le parlement que l\u2019Ukraine ne pourra pas rejoindre l\u2019UE sans l\u2019accord de Budapest. \u00abAujourd\u2019hui, l\u2019Ukraine ne r\u00e9pond \u00e0 aucune des conditions d\u2019adh\u00e9sion. Une int\u00e9gration pr\u00e9cipit\u00e9e d\u00e9truirait les agriculteurs hongrois et porterait un coup fatal \u00e0 l\u2019ensemble de notre \u00e9conomie nationale\u00bb, a-t-il affirm\u00e9.<\/p>\n<p>Le Premier ministre a d\u00e9nonc\u00e9 les pressions exerc\u00e9es par Bruxelles pour acc\u00e9l\u00e9rer l\u2019int\u00e9gration de Kiev dans l\u2019UE. Il a rappel\u00e9 que son gouvernement ne soutiendrait aucune avanc\u00e9e significative de l\u2019Ukraine tant que les droits de la minorit\u00e9 hongroise en Transcarpatie ne seraient pas restaur\u00e9s. Son ministre des Affaires \u00e9trang\u00e8res, Peter Szijjarto, a d\u2019ailleurs r\u00e9it\u00e9r\u00e9 cette position \u00e0 plusieurs reprises, accusant Kiev d\u2019agir de mani\u00e8re \u00abcynique\u00bb sur cette question cruciale pour Budapest.<\/p>\n<p>Le premier ministre hongrois a r\u00e9affirm\u00e9 que l\u2019int\u00e9gration de Kiev dans l\u2019UE se heurterait \u00e0 un veto hongrois, d\u00e9clarant que \u00abcontre la volont\u00e9 de la Hongrie et des Hongrois, l\u2019Ukraine ne sera jamais membre de l\u2019Union europ\u00e9enne\u00bb.<\/p>\n<p>Enfin, Viktor Orban a insist\u00e9 sur le fait que l\u2019ann\u00e9e 2025 serait une \u00abann\u00e9e difficile\u00bb entre la Hongrie et Bruxelles. Il a identifi\u00e9 cinq domaines sur lesquels il n\u2019y a pour l\u2019instant pas de terrain d\u2019entente avec l\u2019UE : l\u2019immigration, la protection de l\u2019enfance, le syst\u00e8me de retraite, les prix de l\u2019\u00e9nergie et l\u2019Ukraine.<\/p>\n<\/div>\n<p><br \/>\n<br \/><a href=\"https:\/\/francais.rt.com\/international\/117211-viktor-orban-affirme-ukraine-membre\" target=\"_blank\"\">Source link <\/a><\/p>\n","protected":false},"excerpt":{"rendered":"<p>Le Premier ministre hongrois a d\u00e9clar\u00e9 ce 24 f\u00e9vrier que l\u2019Ukraine ne rejoindrait pas l\u2019OTAN et resterait une zone tampon entre la Russie et l\u2019Alliance atlantique, une r\u00e9alit\u00e9 confirm\u00e9e selon&hellip; <\/p>\n","protected":false},"author":1,"featured_media":3279,"comment_status":"open","ping_status":"open","sticky":false,"template":"","format":"standard","meta":{"footnotes":""},"categories":[1],"tags":[],"class_list":["post-3278","post","type-post","status-publish","format-standard","has-post-thumbnail","hentry","category-non-classe"],"_links":{"self":[{"href":"https:\/\/monde25.info\/index.php\/wp-json\/wp\/v2\/posts\/3278","targetHints":{"allow":["GET"]}}],"collection":[{"href":"https:\/\/monde25.info\/index.php\/wp-json\/wp\/v2\/posts"}],"about":[{"href":"https:\/\/monde25.info\/index.php\/wp-json\/wp\/v2\/types\/post"}],"author":[{"embeddable":true,"href":"https:\/\/monde25.info\/index.php\/wp-json\/wp\/v2\/users\/1"}],"replies":[{"embeddable":true,"href":"https:\/\/monde25.info\/index.php\/wp-json\/wp\/v2\/comments?post=3278"}],"version-history":[{"count":0,"href":"https:\/\/monde25.info\/index.php\/wp-json\/wp\/v2\/posts\/3278\/revisions"}],"wp:featuredmedia":[{"embeddable":true,"href":"https:\/\/monde25.info\/index.php\/wp-json\/wp\/v2\/media\/3279"}],"wp:attachment":[{"href":"https:\/\/monde25.info\/index.php\/wp-json\/wp\/v2\/media?parent=3278"}],"wp:term":[{"taxonomy":"category","embeddable":true,"href":"https:\/\/monde25.info\/index.php\/wp-json\/wp\/v2\/categories?post=3278"},{"taxonomy":"post_tag","embeddable":true,"href":"https:\/\/monde25.info\/index.php\/wp-json\/wp\/v2\/tags?post=3278"}],"curies":[{"name":"wp","href":"https:\/\/api.w.org\/{rel}","templated":true}]}}