{"id":3291,"date":"2025-02-25T03:49:37","date_gmt":"2025-02-25T02:49:37","guid":{"rendered":"https:\/\/monde25.info\/index.php\/2025\/02\/25\/les-pays-industrialises-sont-plus-allergiques-au-pollen\/"},"modified":"2025-02-25T03:49:37","modified_gmt":"2025-02-25T02:49:37","slug":"les-pays-industrialises-sont-plus-allergiques-au-pollen","status":"publish","type":"post","link":"https:\/\/monde25.info\/index.php\/2025\/02\/25\/les-pays-industrialises-sont-plus-allergiques-au-pollen\/","title":{"rendered":"Les pays industrialis\u00e9s sont plus allergiques au pollen"},"content":{"rendered":"<p> <br \/>\n<\/p>\n<div>\n<p><strong>Les allergies au pollen frappent plus durement les pays industrialis\u00e9s, notamment \u00e0 cause de la pollution qui y r\u00e8gne, et l\u2019hygi\u00e9nisme excessif que nous avons adopt\u00e9. Et la situation s&rsquo;aggrave d&rsquo;ann\u00e9e en ann\u00e9e, touchant une population de plus en plus large.<\/strong><\/p>\n<p>Les yeux qui pleurent et les narines qui grattent sont monnaie courante lorsque le printemps pointe le bout de son nez. En France, plus de 80 d\u00e9partements sont d\u00e9j\u00e0 en alerte rouge. La cause ? Un hiver doux, propice \u00e0 la floraison pr\u00e9coce de diverses esp\u00e8ces v\u00e9g\u00e9tales, mais aussi un mode de vie aseptis\u00e9 qui semble avoir \u00ab\u00a0permis\u00a0\u00bb \u00e0 notre syst\u00e8me immunitaire de s\u2019emballer. Aupr\u00e8s de <em>Reporterre<\/em>, l\u2019allergologue Sophie Silcret-Grieu souligne que \u00ab notre syst\u00e8me immunitaire se met \u00e0 lutter contre des agresseurs imaginaires. \u00bb Les germes ayant disparu de notre quotidien, notre corps n\u2019a plus que les pollens \u00e0 attaquer, une \u00e9volution qu\u2019on appelle l\u2019hypoth\u00e8se hygi\u00e9niste.<\/p>\n<p>Pourtant, ces allergies ne sont pas uniquement un effet de mode de vie. La pollution, dans les villes en particulier, aggrave la situation. Elle fragilise les voies respiratoires et alt\u00e8re les pollens, augmentant leur capacit\u00e9 \u00e0 d\u00e9clencher des r\u00e9actions allergiques. En agissant comme un catalyseur, elle rend les citadins particuli\u00e8rement vuln\u00e9rables. Comme l\u2019explique Sophie Silcret-Grieu \u00ab les polluants ab\u00eement la coquille des grains de pollen, rendant les allerg\u00e8nes plus expos\u00e9s \u00bb.<\/p>\n<p>Mais le plus inqui\u00e9tant, selon <em>Reporterre<\/em>, demeure l\u2019impact du d\u00e9r\u00e8glement climatique. Selon l\u2019OMS, d\u2019ici \u00e0 2050, 50 % de la population mondiale pourrait souffrir de maladies allergiques. Aujourd\u2019hui, 30 % des adultes sont d\u00e9j\u00e0 concern\u00e9s, et le chiffre ne cesse d&rsquo;augmenter, notamment en raison de printemps plus pr\u00e9coces, de plantes allergisantes qui s\u2019\u00e9tendent et de la pollution qui modifie l\u2019environnement. Si la situation continue de s&rsquo;aggraver, l\u2019impact \u00e9conomique pourrait aussi devenir colossal. Rien qu&rsquo;en Auvergne-Rh\u00f4ne-Alpes, les d\u00e9penses publiques li\u00e9es \u00e0 l&rsquo;ambroisie d\u00e9passaient les 22 millions d\u2019euros en 2016.<\/p>\n<\/div>\n<p><script>(function(d, s, id) {  var js, fjs = d.getElementsByTagName(s)[0];  if (d.getElementById(id)) return;  js = d.createElement(s); js.id = id;  js.src = \"\/\/connect.facebook.net\/fr_FR\/sdk.js#xfbml=1&version=v2.3\";  fjs.parentNode.insertBefore(js, fjs);}(document, \"script\", \"facebook-jssdk\"));<\/script><br \/>\n<br \/><br \/>\n<br \/><a href=\"https:\/\/www.francesoir.fr\/societe-environnement\/les-pays-industrialises-sont-plus-allergiques-au-pollen\" target=\"_blank\"\">Source link <\/a><\/p>\n","protected":false},"excerpt":{"rendered":"<p>Les allergies au pollen frappent plus durement les pays industrialis\u00e9s, notamment \u00e0 cause de la pollution qui y r\u00e8gne, et l\u2019hygi\u00e9nisme excessif que nous avons adopt\u00e9. Et la situation s&rsquo;aggrave&hellip; <\/p>\n","protected":false},"author":1,"featured_media":3292,"comment_status":"open","ping_status":"open","sticky":false,"template":"","format":"standard","meta":{"footnotes":""},"categories":[1],"tags":[],"class_list":["post-3291","post","type-post","status-publish","format-standard","has-post-thumbnail","hentry","category-non-classe"],"_links":{"self":[{"href":"https:\/\/monde25.info\/index.php\/wp-json\/wp\/v2\/posts\/3291","targetHints":{"allow":["GET"]}}],"collection":[{"href":"https:\/\/monde25.info\/index.php\/wp-json\/wp\/v2\/posts"}],"about":[{"href":"https:\/\/monde25.info\/index.php\/wp-json\/wp\/v2\/types\/post"}],"author":[{"embeddable":true,"href":"https:\/\/monde25.info\/index.php\/wp-json\/wp\/v2\/users\/1"}],"replies":[{"embeddable":true,"href":"https:\/\/monde25.info\/index.php\/wp-json\/wp\/v2\/comments?post=3291"}],"version-history":[{"count":0,"href":"https:\/\/monde25.info\/index.php\/wp-json\/wp\/v2\/posts\/3291\/revisions"}],"wp:featuredmedia":[{"embeddable":true,"href":"https:\/\/monde25.info\/index.php\/wp-json\/wp\/v2\/media\/3292"}],"wp:attachment":[{"href":"https:\/\/monde25.info\/index.php\/wp-json\/wp\/v2\/media?parent=3291"}],"wp:term":[{"taxonomy":"category","embeddable":true,"href":"https:\/\/monde25.info\/index.php\/wp-json\/wp\/v2\/categories?post=3291"},{"taxonomy":"post_tag","embeddable":true,"href":"https:\/\/monde25.info\/index.php\/wp-json\/wp\/v2\/tags?post=3291"}],"curies":[{"name":"wp","href":"https:\/\/api.w.org\/{rel}","templated":true}]}}