{"id":3300,"date":"2025-02-25T07:15:07","date_gmt":"2025-02-25T06:15:07","guid":{"rendered":"https:\/\/monde25.info\/index.php\/2025\/02\/25\/plus-de-20-000-enfants-palestiniens-rendus-orphelins-dans-le-carnage-israelien-a-gaza-enfant-de-la-societe-sott-net\/"},"modified":"2025-02-25T07:15:07","modified_gmt":"2025-02-25T06:15:07","slug":"plus-de-20-000-enfants-palestiniens-rendus-orphelins-dans-le-carnage-israelien-a-gaza-enfant-de-la-societe-sott-net","status":"publish","type":"post","link":"https:\/\/monde25.info\/index.php\/2025\/02\/25\/plus-de-20-000-enfants-palestiniens-rendus-orphelins-dans-le-carnage-israelien-a-gaza-enfant-de-la-societe-sott-net\/","title":{"rendered":"Plus de 20 000 enfants palestiniens rendus orphelins dans le carnage isra\u00e9lien \u00e0 Gaza \u2014 Enfant de la Soci\u00e9t\u00e9 \u2014 Sott.net"},"content":{"rendered":"<p> <br \/>\n<\/p>\n<div>\n      Les familles palestiniennes s&rsquo;efforcent de prendre en charge les enfants qui n&rsquo;\u00e9taient pas les leurs, mais le nombre d&rsquo;enfants rendus orphelins par la guerre est proprement \u00e9pouvantable.<br \/>\n<\/p>\n<div class=\"article-image-super to-center\"><a target=\"_blank\" href=\"https:\/\/fr.sott.net\/image\/s36\/722145\/full\/israel_gaza_shoes_2402255b.jpg\" target=\"_blank\"><img decoding=\"async\" src=\"https:\/\/fr.sott.net\/image\/s36\/722145\/super\/israel_gaza_shoes_2402255b.jpg\" alt=\"rfghyuj\" title=\"Cliquer pour agrandir\"\/><\/a><\/div>\n<p>KHAN YOUNIS &#8211; Mohammad Sharaara, \u00e2g\u00e9 de onze ans, est allong\u00e9 seul sur un lit d&rsquo;h\u00f4pital au complexe m\u00e9dical <a target=\"_blank\" href=\"https:\/\/www.chroniquepalestine.com\/les-israeliens-ont-commis-nouveau-massacre-a-hopital-al-nasser\/\">Nasser<\/a>. Il est le seul survivant des six membres de sa famille tu\u00e9s lors d&rsquo;une frappe isra\u00e9lienne sur leur maison \u00e0 <a target=\"_blank\" href=\"https:\/\/www.chroniquepalestine.com\/ce-que-aida-de-khan-younis-nous-apprend-sur-le-courage\/\">Khan Younis<\/a> le mois dernier, y compris ses deux parents.<\/p>\n<p>Mohammad a perdu sa jambe gauche dans le bombardement. Il re\u00e7oit un traitement pour se r\u00e9tablir et reprendre sa vie avec un handicap permanent, mais il n&rsquo;a personne pour s&rsquo;occuper de lui ou pour subvenir \u00e0 ses besoins.<\/p>\n<p>Alors que la famille proche de Mohammad a fui la ville de Gaza vers le sud jusqu&rsquo;\u00e0 Khan Younis en d\u00e9cembre 2023, dans une qu\u00eate de s\u00e9curit\u00e9 vou\u00e9e \u00e0 l&rsquo;\u00e9chec, les autres membres de sa famille sont rest\u00e9s dans le nord.<\/p>\n<p>\u00ab La perte de ma jambe n&rsquo;est pas la plus grande perte de ma vie, ce qui me fait le plus mal, c&rsquo;est que je veux ma m\u00e8re. Je ne veux pas vivre sans elle \u00bb, a d\u00e9clar\u00e9 Mohammad \u00e0 <em>Drop Site News<\/em>, la voix d\u00e9chir\u00e9e par la douleur.<\/p>\n<p>Gr\u00e2ce \u00e0 un accord de <a target=\"_blank\" href=\"http:\/\/https\/\/www.chroniquepalestine.com\/tag\/cessez-le-feu\">cessez-le-feu<\/a> entr\u00e9 en vigueur le 19 janvier, les frappes a\u00e9riennes et les attaques incessantes d&rsquo;Isra\u00ebl \u00e0 Gaza ont, pour l&rsquo;instant, largement cess\u00e9.<\/p>\n<p>L&rsquo;aide a commenc\u00e9 \u00e0 arriver. Des pr\u00e9paratifs sont en cours pour la reprise des \u00e9vacuations m\u00e9dicales et les habitants d\u00e9plac\u00e9s pr\u00e9voient de retourner dans le nord.<\/p>\n<p>Les Palestiniens de Gaza commencent seulement \u00e0 prendre la mesure du bilan d\u00e9vastateur de la guerre : plus de 47 000 morts confirm\u00e9s, plus de 111 000 bless\u00e9s et de vastes pans de l&rsquo;enclave bombard\u00e9s, d\u00e9truits au bulldozer et en ruines.<\/p>\n<p>Pour les enfants de Gaza, le <a target=\"_blank\" href=\"https:\/\/www.chroniquepalestine.com\/gaza-un-carnage-sur-fond-de-famine\/\">carnage<\/a> est sans pr\u00e9c\u00e9dent dans l&rsquo;histoire r\u00e9cente.<\/p>\n<p><strong>Selon le minist\u00e8re de la sant\u00e9, plus de 14 500 enfants<\/strong> <a target=\"_blank\" href=\"https:\/\/www.chroniquepalestine.com\/pour-etat-genocidaire-tuer-enfants-palestiniens-est-norme\/\"><strong>ont \u00e9t\u00e9 tu\u00e9s<\/strong><\/a> depuis octobre 2023. Sur les 1,9 million de personnes &#8211; 9 habitants de Gaza sur 10 &#8211; qui ont \u00e9t\u00e9 d\u00e9plac\u00e9es \u00e0 l&rsquo;int\u00e9rieur du pays, la moiti\u00e9 sont des enfants, selon l&rsquo;UNICEF.<\/p>\n<p>Beaucoup d&rsquo;enfants qui ont surv\u00e9cu appartiennent \u00e0 une nouvelle g\u00e9n\u00e9ration d&rsquo;<a target=\"_blank\" href=\"https:\/\/www.chroniquepalestine.com\/les-orphelins-de-gaza-une-souffrance-sans-frontieres\/\">orphelins<\/a> palestiniens et Mohammad fait partie de cette g\u00e9n\u00e9ration.<\/p>\n<p>De temps en temps, les m\u00e8res d&rsquo;autres enfants soign\u00e9s en m\u00eame temps que lui le nourrissent et l&rsquo;aident \u00e0 aller aux toilettes.<\/p>\n<p>Aziza Hamid, dont l&rsquo;enfant est soign\u00e9 \u00e0 l&rsquo;h\u00f4pital Nasser apr\u00e8s avoir \u00e9t\u00e9 bless\u00e9 lors d&rsquo;une frappe a\u00e9rienne isra\u00e9lienne, a d\u00e9clar\u00e9 \u00e0 <em>Drop Site<\/em> qu&rsquo;elle essayait de prendre soin de Mohammad, en lui apportant des choses comme de la soupe, des tartes et du jus de fruit, quand elle pouvait en trouver. Il mange souvent seul.<\/p>\n<p>\u00ab J&rsquo;ai contact\u00e9 la grand-m\u00e8re de Mohammad qui vit dans la ville de Gaza, et elle m&rsquo;a demand\u00e9 de prendre soin de lui et de l&#8217;emmener avec moi dans notre maison lorsque son traitement sera termin\u00e9, jusqu&rsquo;\u00e0 ce que la guerre prenne fin \u00bb, a-t-elle racont\u00e9.<\/p>\n<p>Mohammad est l&rsquo;un des quelque 20 000 enfants orphelins qui ont perdu l&rsquo;un de leurs parents ou les deux depuis le d\u00e9but de la guerre d&rsquo;Isra\u00ebl contre Gaza il y a 15 mois, selon Ismail Al-Thawabtah, directeur g\u00e9n\u00e9ral du bureau des m\u00e9dias du gouvernement.<\/p>\n<p>Plus de 40 % des familles de Gaza s&rsquo;occupent d&rsquo;enfants qui ne sont pas les leurs a-t-il ajout\u00e9.<\/p>\n<p>\u00ab M\u00eame avant la guerre isra\u00e9lienne actuelle, il y avait un nombre stup\u00e9fiant d&rsquo;orphelins \u00e0 Gaza &#8211; 33 000 enfants \u2014 en raison des cinq guerres pr\u00e9c\u00e9dentes depuis 2008 \u00bb, a-t-il d\u00e9clar\u00e9 \u00e0 <em>Drop Site<\/em>.<\/p>\n<p>Les quatre orphelinats de Gaza ont \u00e9t\u00e9 transform\u00e9s en abris pour les personnes d\u00e9plac\u00e9es, laissant les enfants orphelins sans soins ou vivant avec d&rsquo;autres familles, a d\u00e9clar\u00e9 M. Al-Thawabtah.<\/p>\n<p>Le bilan de la brutale campagne militaire isra\u00e9lienne sur les enfants est apparu tr\u00e8s t\u00f4t dans la guerre.<\/p>\n<p>Peu apr\u00e8s le d\u00e9but des frappes a\u00e9riennes en octobre 2023, les m\u00e9decins de Gaza ont commenc\u00e9 \u00e0 utiliser un acronyme unique pour d\u00e9crire ce qui \u00e9tait rapidement devenu un ph\u00e9nom\u00e8ne courant : WCNSF, abr\u00e9viation de \u00ab <em>Wounded Child No Surviving Family<\/em> \u00bb (enfant bless\u00e9 sans famille survivante).<\/p>\n<p>Les familles palestiniennes sont intervenues pour tenter de prendre en charge les enfants qui n&rsquo;\u00e9taient pas les leurs. Mais le nombre de nouveaux orphelins, dont beaucoup sont bless\u00e9s, est \u00e9pouvantable.<\/p>\n<p>Osama al-Qarnawi, un b\u00e9b\u00e9 de huit mois, est devenu orphelin peu apr\u00e8s sa naissance. Sa m\u00e8re, Amani, qui l&rsquo;a mis au monde en juin apr\u00e8s avoir essay\u00e9 pendant 16 ans de fonder une famille, a \u00e9t\u00e9 tu\u00e9e peu apr\u00e8s lors d&rsquo;une frappe a\u00e9rienne qui a vis\u00e9 une \u00e9cole de Deir al-Balah abritant des personnes d\u00e9plac\u00e9es.<\/p>\n<p>En mai, avant la naissance d&rsquo;Oussama, son p\u00e8re, sa tante et sa grand-m\u00e8re ont \u00e9t\u00e9 tu\u00e9s lors d&rsquo;un autre bombardement de leur maison dans le camp de r\u00e9fugi\u00e9s d&rsquo;al-Bureij, au centre de Gaza.<\/p>\n<p>L&rsquo;une des tantes survivantes d&rsquo;Oussama, Hanaa al-Qarnawi, a d\u00e9cid\u00e9 de l&rsquo;adopter et de l&rsquo;\u00e9lever avec ses propres enfants.<\/p>\n<p>\u00ab Le p\u00e8re d&rsquo;Oussama lui avait achet\u00e9 tout ce dont il avait besoin lorsqu&rsquo;il \u00e9tait b\u00e9b\u00e9, comme des couches, du lait, des v\u00eatements et m\u00eame des jouets, mais les frappes a\u00e9riennes isra\u00e9liennes l&rsquo;ont emp\u00each\u00e9 de rester \u00e0 ses c\u00f4t\u00e9s \u00bb, a-t-elle expliqu\u00e9 \u00e0 <em>Drop Site<\/em>, alors qu&rsquo;Oussama dormait dans un lit m\u00e9tallique d\u00e9labr\u00e9, \u00e0 c\u00f4t\u00e9 d&rsquo;elle, dans une \u00e9cole accueillant des personnes d\u00e9plac\u00e9es.<\/p>\n<p>\u00ab Je me suis promis d&rsquo;\u00e9lever Oussama comme mes propres enfants \u00bb, a-t-elle encore dit.<\/p>\n<p>En raison de la guerre, il n&rsquo;y a pas de prise en charge officielle des enfants orphelins \u00e0 Gaza, a expliqu\u00e9 Hanaa. \u00ab J&rsquo;essaie de subvenir \u00e0 ses besoins, mais il a besoin de plus que ce que je peux lui offrir \u00bb, a-t-elle expliqu\u00e9. \u00ab Le lait et la nourriture suffisent \u00e0 peine, et l&rsquo;environnement ici n&rsquo;est pas adapt\u00e9 \u00e0 un nourrisson. \u00bb<\/p>\n<p>Dardah Al-Shaer, professeur de psychologie sociale \u00e0 l&rsquo;universit\u00e9 Al-Aqsa de Gaza, a d\u00e9clar\u00e9 \u00e0 <em>Drop Site<\/em> que de nombreux enfants qui ont perdu leurs parents doivent \u00e9galement <a target=\"_blank\" href=\"https:\/\/www.chroniquepalestine.com\/gaza-quand-fardeau-adultes-repose-sur-epaules-enfants\/\">subvenir aux besoins<\/a> de leurs jeunes fr\u00e8res et s\u0153urs.<\/p>\n<p>Les solutions temporaires ne r\u00e9soudront pas la crise des orphelins \u00e0 Gaza, a d\u00e9clar\u00e9 Al-Shaer. Gaza a besoin d&rsquo;un fonds sp\u00e9cial pour les orphelins afin d&rsquo;assurer les besoins de base tels que l&rsquo;\u00e9ducation, le logement, l&rsquo;habillement et la nourriture.<\/p>\n<p>En raison de la perte de leur famille et de leur exposition permanente aux horreurs de la guerre, les orphelins souffrent \u00e9galement de graves <a target=\"_blank\" href=\"https:\/\/www.chroniquepalestine.com\/blessures-ames-seront-longues-a-guerir\/\">traumatismes<\/a> psychologiques.<\/p>\n<p>Les sympt\u00f4mes comprennent des mictions involontaires, des convulsions, un comportement agressif et une nervosit\u00e9 excessive.<\/p>\n<p>Une \u00e9tude men\u00e9e par le Centre de formation communautaire pour la gestion des crises \u00e0 Gaza, publi\u00e9e le 12 d\u00e9cembre 2024, a r\u00e9v\u00e9l\u00e9 que 96 % des enfants de Gaza pensent que leur mort est imminente, tandis que 49 % d&rsquo;entre eux expriment le d\u00e9sir de mourir.<\/p>\n<p>\u00ab \u00c0 presque tous les \u00e9gards, 2024 a \u00e9t\u00e9 l&rsquo;une des pires ann\u00e9es pour les enfants dans les conflits dans l&rsquo;histoire de l&rsquo;UNICEF &#8211; \u00e0 la fois en termes de nombre d&rsquo;enfants touch\u00e9s et de niveau d&rsquo;impact sur leur vie \u00bb, a d\u00e9clar\u00e9 la directrice g\u00e9n\u00e9rale de l&rsquo;UNICEF, Catherine Russell, dans un communiqu\u00e9.<\/p>\n<p>\u00ab Nous ne pouvons pas permettre qu&rsquo;une g\u00e9n\u00e9ration d&rsquo;enfants devienne un dommage dit collat\u00e9ral des guerres incontr\u00f4l\u00e9es dans le monde. \u00bb<\/p>\n<div class=\"article-image-small to-left\"><a target=\"_blank\" href=\"https:\/\/fr.sott.net\/image\/s36\/722143\/full\/00.jpg\" target=\"_blank\"><img decoding=\"async\" loading=\"lazy\" src=\"https:\/\/fr.sott.net\/image\/s36\/722143\/pod\/00.jpg\" alt=\"jkl\u00f1\" title=\"Cliquer pour agrandir\"\/><\/a><\/div>\n<p> <strong>* Rasha Abu Jalal<\/strong> est auteure et journaliste \u00e0 Gaza.<br \/>\n<br \/>Elle couvre les \u00e9v\u00e9nements politiques et les questions humanitaires et elle a produit des reportages sur des questions sociales pour le journal local Istiklal pendant six ans.<br \/>\n<br \/>Rasha a \u00e9galement \u00e9t\u00e9 membre du jury de l&rsquo;\u00e9v\u00e9nement annuel sur la libert\u00e9 de la presse dans la bande de Gaza, Press House, en 2016. Son compte <a target=\"_blank\" href=\"https:\/\/twitter.com\/rashaaboujalal1\">Twitter<\/a>.<\/p>\n<p><em>Traduction : <a target=\"_blank\" href=\"https:\/\/www.chroniquepalestine.com\/plus-20000-enfants-palestiniens-rendus-orphelins-dans-carnage-israelien-gaza\">Chronique de Palestine<\/a><\/em>\n\t\t<\/p>\n<\/div>\n<p><script async src=\"\/\/platform.twitter.com\/widgets.js\" charset=\"utf-8\"><\/script><br \/>\n<br \/><br \/>\n<br \/><a href=\"https:\/\/fr.sott.net\/article\/44207-Plus-de-20-000-enfants-palestiniens-rendus-orphelins-dans-le-carnage-israelien-a-Gaza\" target=\"_blank\"\">Source link <\/a><\/p>\n","protected":false},"excerpt":{"rendered":"<p>Les familles palestiniennes s&rsquo;efforcent de prendre en charge les enfants qui n&rsquo;\u00e9taient pas les leurs, mais le nombre d&rsquo;enfants rendus orphelins par la guerre est proprement \u00e9pouvantable. KHAN YOUNIS &#8211;&hellip; <\/p>\n","protected":false},"author":1,"featured_media":3301,"comment_status":"open","ping_status":"open","sticky":false,"template":"","format":"standard","meta":{"footnotes":""},"categories":[1],"tags":[],"class_list":["post-3300","post","type-post","status-publish","format-standard","has-post-thumbnail","hentry","category-non-classe"],"_links":{"self":[{"href":"https:\/\/monde25.info\/index.php\/wp-json\/wp\/v2\/posts\/3300","targetHints":{"allow":["GET"]}}],"collection":[{"href":"https:\/\/monde25.info\/index.php\/wp-json\/wp\/v2\/posts"}],"about":[{"href":"https:\/\/monde25.info\/index.php\/wp-json\/wp\/v2\/types\/post"}],"author":[{"embeddable":true,"href":"https:\/\/monde25.info\/index.php\/wp-json\/wp\/v2\/users\/1"}],"replies":[{"embeddable":true,"href":"https:\/\/monde25.info\/index.php\/wp-json\/wp\/v2\/comments?post=3300"}],"version-history":[{"count":0,"href":"https:\/\/monde25.info\/index.php\/wp-json\/wp\/v2\/posts\/3300\/revisions"}],"wp:featuredmedia":[{"embeddable":true,"href":"https:\/\/monde25.info\/index.php\/wp-json\/wp\/v2\/media\/3301"}],"wp:attachment":[{"href":"https:\/\/monde25.info\/index.php\/wp-json\/wp\/v2\/media?parent=3300"}],"wp:term":[{"taxonomy":"category","embeddable":true,"href":"https:\/\/monde25.info\/index.php\/wp-json\/wp\/v2\/categories?post=3300"},{"taxonomy":"post_tag","embeddable":true,"href":"https:\/\/monde25.info\/index.php\/wp-json\/wp\/v2\/tags?post=3300"}],"curies":[{"name":"wp","href":"https:\/\/api.w.org\/{rel}","templated":true}]}}