{"id":3304,"date":"2025-02-25T09:28:48","date_gmt":"2025-02-25T08:28:48","guid":{"rendered":"https:\/\/monde25.info\/index.php\/2025\/02\/25\/a-22-ans-elle-a-repris-la-ferme-de-son-pere-a-sa-facon\/"},"modified":"2025-02-25T09:28:48","modified_gmt":"2025-02-25T08:28:48","slug":"a-22-ans-elle-a-repris-la-ferme-de-son-pere-a-sa-facon","status":"publish","type":"post","link":"https:\/\/monde25.info\/index.php\/2025\/02\/25\/a-22-ans-elle-a-repris-la-ferme-de-son-pere-a-sa-facon\/","title":{"rendered":"\u00c0 22 ans, elle a repris la ferme de son p\u00e8re&#8230; \u00e0 sa fa\u00e7on"},"content":{"rendered":"<p> <br \/>\n<\/p>\n<div>\n<p class=\"indication_lieu\">Saint-Jean-de-Vals (Tarn), reportage<\/p>\n<p>Debout dans sa cuisine, Cryst\u00e8le Gourjade, 23 ans, tourne les pages d\u2019un vieil album photo. Elle s\u2019arr\u00eate et d\u00e9signe un clich\u00e9 en papier glac\u00e9\u00a0: on y distingue une version miniature d\u2019elle-m\u00eame accompagn\u00e9e de son p\u00e8re, Jean-Pierre Gourjade, prenant la pose dans un tracteur rouge. L\u2019image a \u00e9t\u00e9 captur\u00e9e au d\u00e9but des ann\u00e9es 2000, quand la ferme situ\u00e9e \u00e0 Saint-Jean-de-Vals (Tarn) \u00e9tait un \u00e9levage bovin. <i>\u00ab<small class=\"fine d-inline\">\u00a0<\/small>Il n\u2019y a plus de vaches aujourd\u2019hui, mais le d\u00e9cor est toujours le m\u00eame<small class=\"fine d-inline\">\u00a0<\/small>\u00bb<\/i>, dit Cryst\u00e8le en souriant.<\/p>\n<p>La jeune femme a repris la ferme de son p\u00e8re en septembre 2023. Lui \u00e9levait une trentaine de vaches \u00e0 viande. Elle s\u2019occupe d\u00e9sormais d\u2019une cinquantaine de ch\u00e8vres angoras. <i>\u00ab<small class=\"fine d-inline\">\u00a0<\/small>Je ne me sentais pas capable d\u2019\u00e9lever des vaches<\/i>, confie Cryst\u00e8le. <i>Faire les v\u00ealages, avoir un gros cheptel, avec le march\u00e9 de la viande qui se casse la gueule\u2026 C\u2019\u00e9tait une pression qui n\u2019\u00e9tait pas possible.<small class=\"fine d-inline\">\u00a0<\/small>\u00bb<\/i> Elle tenait malgr\u00e9 tout \u00e0 travailler aupr\u00e8s d\u2019animaux, et cherchait ceux qui lui conviendraient. C\u2019est en 2022, lors d\u2019un passage au Salon de l\u2019agriculture \u00e0 Paris, que Cryst\u00e8le a d\u00e9couvert les ch\u00e8vres angoras. Ce fut une r\u00e9v\u00e9lation.<\/p>\n<div class=\"spip_document_88935 spip_document spip_documents spip_document_image spip_documents_center spip_document_center spip_document_avec_legende\" data-legende-len=\"181\" data-legende-lenx=\"xxx\">\n<figure class=\"spip_doc_inner\">\n      <picture><source type=\"image\/webp\" srcset=\"https:\/\/reporterre.net\/local\/cache-vignettes\/L1050xH700\/aberlioz-2024-11-07-18-fbfed.jpg@.webp?1740387578\"><img decoding=\"async\" src=\"https:\/\/reporterre.net\/IMG\/jpg\/aberlioz-2024-11-07-18.jpg\" width=\"1200\" height=\"800\" loading=\"lazy\" alt=\"\"\/><br \/>\n    <\/source><\/picture><figcaption class=\"spip_doc_legende\">\n<p>Son p\u00e8re \u00e9tait \u00e9leveur de bovins sur cette ferme depuis quatre g\u00e9n\u00e9rations. Cryst\u00e8le est la 5<sup class=\"typo_exposants\">e<\/sup> g\u00e9n\u00e9ration, mais la premi\u00e8re \u00e0 changer de production.<br \/>\n<i>\u00a9 Antoine Berlioz \/ Reporterre<\/i><\/p>\n<\/figcaption><\/figure>\n<\/p><\/div>\n<p>Prise de passion, Cryst\u00e8le a visit\u00e9 pendant un an diff\u00e9rents \u00e9levages d\u2019Occitanie pour se former sur cette esp\u00e8ce <i>\u00ab<small class=\"fine d-inline\">\u00a0<\/small>calme, tr\u00e8s sociable, tr\u00e8s intelligente<small class=\"fine d-inline\">\u00a0<\/small>\u00bb<\/i>. Elle a ensuite pris la d\u00e9cision d\u2019en \u00e9lever \u00e0 plein temps pour r\u00e9colter leur laine mohair. Celle-ci est d\u00e9sormais transform\u00e9e en v\u00eatements apr\u00e8s une multitude d\u2019\u00e9tapes \u2014 lavage, cardage, peignage et filage r\u00e9alis\u00e9s en Italie<small class=\"fine d-inline\">\u00a0<\/small>; puis teinture, tissage et tricotage op\u00e9r\u00e9s en France. Des bonnets, \u00e9charpes ou chaussettes que Cryst\u00e8le r\u00e9cup\u00e8re et propose \u00e0 la vente depuis 2024, <a target=\"_blank\" href=\"https:\/\/www.lemohairdegourjade.fr\/\" class=\"spip_out\" rel=\"external\">sur son site<\/a> et dans un petit local am\u00e9nag\u00e9 derri\u00e8re la ch\u00e8vrerie.<\/p>\n<div class=\"spip_document_88933 spip_document spip_documents spip_document_image spip_documents_center spip_document_center spip_document_avec_legende\" data-legende-len=\"236\" data-legende-lenx=\"xxx\">\n<figure class=\"spip_doc_inner\">\n      <picture><source type=\"image\/webp\" srcset=\"https:\/\/reporterre.net\/local\/cache-vignettes\/L1050xH700\/aberlioz-2024-11-07-16-942c0.jpg@.webp?1740387578\"><img decoding=\"async\" src=\"https:\/\/reporterre.net\/IMG\/jpg\/aberlioz-2024-11-07-16.jpg\" width=\"1200\" height=\"800\" loading=\"lazy\" alt=\"\"\/><br \/>\n    <\/source><\/picture><figcaption class=\"spip_doc_legende\">\n<p>Cryst\u00e8le est adh\u00e9rente de la Sica Mohair, une coop\u00e9rative r\u00e9unissant les \u00e9leveurs de ch\u00e8vres angoras en France. La Sica assure pour les \u00e9leveurs les prestations n\u00e9cessaires \u00e0 la transformation du mohair.<br \/>\n<i>\u00a9 Antoine Berlioz \/ Reporterre<\/i><\/p>\n<\/figcaption><\/figure>\n<\/p><\/div>\n<h2 class=\"spip\">\u00ab<small class=\"fine d-inline\">\u00a0<\/small>Je ne voulais pas de ce rythme<small class=\"fine d-inline\">\u00a0<\/small>\u00bb<\/h2>\n<p>La transmission du p\u00e8re \u00e0 sa fille n\u2019allait pas de soi. M\u00eame si les Gourjade sont agriculteurs depuis maintenant cinq g\u00e9n\u00e9rations, le p\u00e8re de Cryst\u00e8le ne tenait pas particuli\u00e8rement \u00e0 ce qu\u2019elle lui succ\u00e8de. <i>\u00ab<small class=\"fine d-inline\">\u00a0<\/small>C\u2019est un m\u00e9tier contraignant, pas tranquille. Ce n\u2019est pas comme quelqu\u2019un qui fait sa journ\u00e9e au bureau<small class=\"fine d-inline\">\u00a0<\/small>\u00bb<\/i>, affirme Jean-Pierre. <i>\u00ab<small class=\"fine d-inline\">\u00a0<\/small>Il avait peur<\/i>, se souvient Cryst\u00e8le. <i>Peur de la difficult\u00e9 physique, du manque de revenus, de la pression, de la solitude\u2026 Parce qu\u2019il l\u2019a v\u00e9cu lui aussi.<small class=\"fine d-inline\">\u00a0<\/small>\u00bb<\/i><\/p>\n<p>Elle se souvient avoir vu son p\u00e8re <i>\u00ab<small class=\"fine d-inline\">\u00a0<\/small>se tuer \u00e0 la t\u00e2che<small class=\"fine d-inline\">\u00a0<\/small>\u00bb<\/i> avec ses vaches. Jusqu\u2019\u00e0 lui causer des probl\u00e8mes d\u2019articulations \u2014 reconnus comme une maladie professionnelle \u2014 l\u2019obligeant \u00e0 se s\u00e9parer des animaux en 2010, et \u00e0 ne garder que ses cultures de c\u00e9r\u00e9ales. M\u00eame si Cryst\u00e8le r\u00eavait de reprendre la ferme depuis <i>\u00ab<small class=\"fine d-inline\">\u00a0<\/small>l\u2019\u00e2ge de 5-6\u00a0ans<small class=\"fine d-inline\">\u00a0<\/small>\u00bb<\/i>, il \u00e9tait hors de question pour elle de reproduire ce sch\u00e9ma.<\/p>\n<div class=\"spip_document_88931 spip_document spip_documents spip_document_image spip_documents_center spip_document_center spip_document_avec_legende\" data-legende-len=\"154\" data-legende-lenx=\"xxx\">\n<figure class=\"spip_doc_inner\">\n      <picture><source type=\"image\/webp\" srcset=\"https:\/\/reporterre.net\/local\/cache-vignettes\/L1050xH700\/aberlioz-2024-11-07-13-92d33.jpg@.webp?1740387578\"><img decoding=\"async\" src=\"https:\/\/reporterre.net\/IMG\/jpg\/aberlioz-2024-11-07-13.jpg\" width=\"1200\" height=\"800\" loading=\"lazy\" alt=\"\"\/><br \/>\n    <\/source><\/picture><figcaption class=\"spip_doc_legende\">\n<p>Petite, d\u00e9j\u00e0, son p\u00e8re lui apprenait \u00e0 conduire un tracteur, mais ce n\u2019est qu\u2019\u00e0 18 ans qu\u2019elle a pu en conduire un seule.<br \/>\n<i>\u00a9 Antoine Berlioz \/ Reporterre<\/i><\/p>\n<\/figcaption><\/figure>\n<\/p><\/div>\n<p><i>\u00ab<small class=\"fine d-inline\">\u00a0<\/small>Je ne voulais pas de ce rythme<\/i>, dit-elle. <i>Aujourd\u2019hui, je suis tr\u00e8s contente de r\u00e9ussir \u00e0 me lib\u00e9rer du temps. J\u2019arrive \u00e0 aller \u00e0 la salle de sport, \u00e0 voir des copains, \u00e0 sortir&#8230;<small class=\"fine d-inline\">\u00a0<\/small>\u00bb<\/i> Sa pr\u00e9sence aupr\u00e8s des ch\u00e8vres angoras demeure vitale 7\u00a0j\/7, mais demande moins de contraintes que des vaches laiti\u00e8res, par exemple, qui doivent \u00eatre traites \u00e0 des heures fixes. Le reste du temps, Cryst\u00e8le travaille dans ses champs de c\u00e9r\u00e9ales, comme son p\u00e8re avant elle. Une production qui lui permet d\u2019\u00eatre autonome dans l\u2019alimentation de ses animaux.<\/p>\n<h2 class=\"spip\">\u00ab<small class=\"fine d-inline\">\u00a0<\/small>Un tout petit emprunt<small class=\"fine d-inline\">\u00a0<\/small>\u00bb <\/h2>\n<p>Une fois la transmission finalement accept\u00e9e par son p\u00e8re, tout est all\u00e9 tr\u00e8s vite. D\u00e9j\u00e0, l\u2019\u00e9tape de la formation de Cryst\u00e8le n\u2019a pas \u00e9t\u00e9 n\u00e9cessaire. <i>\u00ab<small class=\"fine d-inline\">\u00a0<\/small>Elle n\u2019a pas commenc\u00e9 \u00e0 s\u2019int\u00e9resser \u00e0 l\u2019agriculture \u00e0 21 ou 22 ans<\/i>, pr\u00e9cise Jean-Pierre dans un rire. <i>Petite d\u00e9j\u00e0, elle venait sur le tracteur. Quand elle n\u2019\u00e9tait pas en cours elle m\u2019aidait \u00e0 pr\u00e9parer les semences, quand il fallait d\u00e9chaumer elle le faisait\u2026<small class=\"fine d-inline\">\u00a0<\/small>\u00bb<\/i> Avec cette exp\u00e9rience familiale et son dipl\u00f4me de <span class=\"caps\">BTS<\/span> agricole, Cryst\u00e8le \u00e9tait fin pr\u00eate \u00e0 reprendre la ferme.<\/p>\n<p>Tout juste a-t-il fallu modifier l\u2019exploitation. La stabulation (le b\u00e2timent destin\u00e9 initialement aux bovins) a d\u00fb \u00eatre am\u00e9nag\u00e9e pour accueillir les ch\u00e8vres. Les cornadis (les dispositifs pour limiter les mouvements des animaux au moment de manger) ont \u00e9t\u00e9 abaiss\u00e9s et les barri\u00e8res refaites.<\/p>\n<div class=\"spip_document_88938 spip_document spip_documents spip_document_image spip_documents_center spip_document_center spip_document_avec_legende\" data-legende-len=\"194\" data-legende-lenx=\"xxx\">\n<figure class=\"spip_doc_inner\">\n      <picture><source type=\"image\/webp\" srcset=\"https:\/\/reporterre.net\/local\/cache-vignettes\/L1050xH700\/aberlioz-2024-11-07-3-3-c7f57.jpg@.webp?1740387578\"><img decoding=\"async\" src=\"https:\/\/reporterre.net\/IMG\/jpg\/aberlioz-2024-11-07-3-3.jpg\" width=\"1200\" height=\"800\" loading=\"lazy\" alt=\"\"\/><br \/>\n    <\/source><\/picture><figcaption class=\"spip_doc_legende\">\n<p>Les ch\u00e8vres de r\u00e9forme (devenues trop \u00e2g\u00e9es pour la r\u00e9colte de la laine) ne sont pas envoy\u00e9es \u00e0 l\u2019abattoir, mais propos\u00e9es \u00e0 la vente comme animaux de compagnie.<br \/>\n<i>\u00a9 Antoine Berlioz \/ Reporterre<\/i><\/p>\n<\/figcaption><\/figure>\n<\/p><\/div>\n<p>Pour racheter l\u2019ancien mat\u00e9riel de son p\u00e8re et obtenir un cheptel de ch\u00e8vres angoras, Cryst\u00e8le a contract\u00e9 <i>\u00ab<small class=\"fine d-inline\">\u00a0<\/small>un tout petit emprunt<small class=\"fine d-inline\">\u00a0<\/small>\u00bb<\/i> de 50\u00a0000 euros \u2014 <i>\u00ab<small class=\"fine d-inline\">\u00a0<\/small>c\u2019est tr\u00e8s rare de demander aussi peu pour s\u2019installer en agriculture<small class=\"fine d-inline\">\u00a0<\/small>\u00bb<\/i>, souligne-t-elle. Elle a \u00e9galement b\u00e9n\u00e9fici\u00e9 d\u2019une dotation d\u2019installation, d\u2019un montant de 17\u00a0000 euros. Malgr\u00e9 sa passion, <i>\u00ab<small class=\"fine d-inline\">\u00a0<\/small>si je n\u2019avais pas eu la ferme, je ne serais jamais devenue agricultrice<small class=\"fine d-inline\">\u00a0<\/small>\u00bb<\/i>, reconna\u00eet-elle. <i>\u00ab<small class=\"fine d-inline\">\u00a0<\/small>Je vois les investissements que c\u2019est.<small class=\"fine d-inline\">\u00a0<\/small>\u00bb<\/i><\/p>\n<h2 class=\"spip\">Difficult\u00e9s \u00e0 transmettre en France<\/h2>\n<p>La transmission des fermes et leur financement sont justement un v\u00e9ritable enjeu pour l\u2019agriculture fran\u00e7aise. D\u2019ici dix ans, <i>\u00ab<small class=\"fine d-inline\">\u00a0<\/small>le nombre d\u2019exploitations devrait avoir baiss\u00e9 de 30<small class=\"fine d-inline\">\u00a0<\/small>%, avec 43<small class=\"fine d-inline\">\u00a0<\/small>% des chefs d\u2019exploitations en \u00e2ge de partir \u00e0 la retraite<small class=\"fine d-inline\">\u00a0<\/small>\u00bb<\/i>, <a target=\"_blank\" href=\"https:\/\/www.vie-publique.fr\/en-bref\/296110-les-freins-au-renouvellement-des-generations-dexploitants-agricoles\" class=\"spip_out\" rel=\"external\">pr\u00e9voit le gouvernement<\/a>. Qui va les remplacer<small class=\"fine d-inline\">\u00a0<\/small>? Comment emp\u00eacher la disparition de cette profession<small class=\"fine d-inline\">\u00a0<\/small>?<\/p>\n<p>Pour favoriser l\u2019installation des jeunes, Cryst\u00e8le plaide pour un revenu <i>\u00ab<small class=\"fine d-inline\">\u00a0<\/small>au d\u00e9but<small class=\"fine d-inline\">\u00a0<\/small>\u00bb<\/i>. <i>\u00ab<small class=\"fine d-inline\">\u00a0<\/small>Quand quelqu\u2019un cr\u00e9e une micro-entreprise, il a une aide les premi\u00e8res ann\u00e9es. Nous, on n\u2019en a pas. Alors qu\u2019on est chefs d\u2019entreprise nous aussi<small class=\"fine d-inline\">\u00a0<\/small>!<small class=\"fine d-inline\">\u00a0<\/small>\u00bb<\/i> d\u00e9fend-elle. Selon elle, cela permettrait aux nouveaux agriculteurs d\u2019acqu\u00e9rir des terres et de <i>\u00ab<small class=\"fine d-inline\">\u00a0<\/small>moins se mettre la pression les trois premi\u00e8res ann\u00e9es<small class=\"fine d-inline\">\u00a0<\/small>\u00bb<\/i>.<\/p>\n<div class=\"spip_document_88928 spip_document spip_documents spip_document_image spip_documents_center spip_document_center spip_document_avec_legende\" data-legende-len=\"137\" data-legende-lenx=\"xxx\">\n<figure class=\"spip_doc_inner\">\n      <picture><source type=\"image\/webp\" srcset=\"https:\/\/reporterre.net\/local\/cache-vignettes\/L1050xH700\/aberlioz-2024-11-07-9-3-a99b9.jpg@.webp?1740387578\"><img decoding=\"async\" src=\"https:\/\/reporterre.net\/IMG\/jpg\/aberlioz-2024-11-07-9-3.jpg\" width=\"1200\" height=\"800\" loading=\"lazy\" alt=\"\"\/><br \/>\n    <\/source><\/picture><figcaption class=\"spip_doc_legende\">\n<p>Cryst\u00e8le fait aussi de la vente d\u2019animaux de compagnie, de foin et des visites p\u00e9dagogiques de sa ferme.<br \/>\n<i>\u00a9 Antoine Berlioz \/ Reporterre<\/i><\/p>\n<\/figcaption><\/figure>\n<\/p><\/div>\n<p>Outre le manque de financement, un autre \u00e9l\u00e9ment peut freiner le renouvellement agricole\u00a0: le mode de vie. <i>\u00ab<small class=\"fine d-inline\">\u00a0<\/small>Les gens aiment bien les loisirs, \u00eatre tranquilles, partir \u00e0 droite \u00e0 gauche&#8230;<small class=\"fine d-inline\">\u00a0<\/small>\u00bb<\/i>, analyse Jean-Pierre. Ce qui n\u2019est pas toujours compatible avec la vie agricole. Lui-m\u00eame n\u2019est jamais parti en vacances, <i>\u00ab<small class=\"fine d-inline\">\u00a0<\/small>ou peut-\u00eatre 1\u00a0ou 2\u00a0jours, par ci, par l\u00e0<small class=\"fine d-inline\">\u00a0<\/small>\u00bb<\/i>. Il devait rester aupr\u00e8s de ses animaux.<\/p>\n<p><i>\u00ab<small class=\"fine d-inline\">\u00a0<\/small>Si on pouvait avoir deux jours d\u2019aide par mois pour l\u2019astreinte, pay\u00e9s par la <span class=\"caps\">MSA<\/span> [la s\u00e9curit\u00e9 sociale agricole], pour pouvoir se lib\u00e9rer des week-ends, ce serait \u00e9norme<small class=\"fine d-inline\">\u00a0<\/small>\u00bb<\/i>, imagine Cryst\u00e8le.<\/p>\n<h2 class=\"spip\">Une bonne premi\u00e8re ann\u00e9e<\/h2>\n<p>M\u00eame si elle plaide pour ce syst\u00e8me d\u2019aide ponctuelle, la jeune femme tient \u00e0 rester seule au quotidien. Elle est en couple, mais veut garder son compagnon hors de ses champs. <i>\u00ab<small class=\"fine d-inline\">\u00a0<\/small>La ferme reste \u00e0 la ferme<small class=\"fine d-inline\">\u00a0<\/small>\u00bb<\/i>, se marre-t-elle. Et payer un employ\u00e9 serait <i>\u00ab<small class=\"fine d-inline\">\u00a0<\/small>trop cher<small class=\"fine d-inline\">\u00a0<\/small>\u00bb<\/i> pour le moment.<\/p>\n<p>Elle b\u00e9n\u00e9ficie toutefois de l\u2019aide de son p\u00e8re, qui revient r\u00e9guli\u00e8rement conduire le tracteur ou donner du foin aux ch\u00e8vres. <i>\u00ab<small class=\"fine d-inline\">\u00a0<\/small>Si je lui dis de ne pas venir, il se f\u00e2che<small class=\"fine d-inline\">\u00a0<\/small>!<small class=\"fine d-inline\">\u00a0<\/small>\u00bb<\/i> rigole-t-elle. <i>\u00ab<small class=\"fine d-inline\">\u00a0<\/small>Elle s\u2019en sort bien sans moi, mais ce qui me fait peur, c\u2019est quand je ne serai plus l\u00e0<\/i>, dit Jean-Pierre. <i>Tant que je suis l\u00e0, elle a quelqu\u2019un \u00e0 qui demander si besoin.<small class=\"fine d-inline\">\u00a0<\/small>\u00bb<\/i><\/p>\n<div class=\"spip_document_88926 spip_document spip_documents spip_document_image spip_documents_center spip_document_center spip_document_avec_legende\" data-legende-len=\"130\" data-legende-lenx=\"xxx\">\n<figure class=\"spip_doc_inner\">\n      <picture><source type=\"image\/webp\" srcset=\"https:\/\/reporterre.net\/local\/cache-vignettes\/L1050xH700\/aberlioz-2024-11-07-7-3-a0105.jpg@.webp?1740387579\"><img decoding=\"async\" src=\"https:\/\/reporterre.net\/IMG\/jpg\/aberlioz-2024-11-07-7-3.jpg\" width=\"1200\" height=\"800\" loading=\"lazy\" alt=\"\"\/><br \/>\n    <\/source><\/picture><figcaption class=\"spip_doc_legende\">\n<p>Le mois de mars va \u00eatre charg\u00e9 pour Cryst\u00e8le\u00a0: elle devra s\u2019occuper des naissances des chevreaux.<br \/>\n<i>\u00a9 Antoine Berlioz \/ Reporterre<\/i><\/p>\n<\/figcaption><\/figure>\n<\/p><\/div>\n<p>Cryst\u00e8le entame donc sa deuxi\u00e8me ann\u00e9e \u00e0 la ferme. Elle reconna\u00eet qu\u2019elle n\u2019avait <i>\u00ab<small class=\"fine d-inline\">\u00a0<\/small>pas anticip\u00e9 que les ventes de v\u00eatements en mohair \u00e9taient autant saisonni\u00e8res<small class=\"fine d-inline\">\u00a0<\/small>\u00bb<\/i>, mais se r\u00e9jouit surtout qu\u2019aucune ch\u00e8vre ne soit d\u00e9c\u00e9d\u00e9e, \u00e0 cause d\u2019une naissance ou d\u2019une maladie. Pour ne pas mettre toutes ses pelotes de laine dans le m\u00eame panier, elle a choisi de diversifier ses activit\u00e9s\u00a0: vente d\u2019animaux de compagnie (lapins, cochons d\u2019Inde, poneys\u2026), de foin, visites p\u00e9dagogiques de sa ferme\u2026<\/p>\n<p><i>\u00ab<small class=\"fine d-inline\">\u00a0<\/small>Mon p\u00e8re pensait que \u00e7a ne marcherait pas, il ne comprenait pas pourquoi des gens auraient envie de venir. Mais moi, j\u2019ai vu des gens \u00e9merveill\u00e9s de voir une poule<small class=\"fine d-inline\">\u00a0<\/small>\u00bb<\/i>, dit-elle. Cryst\u00e8le documente aussi <a target=\"_blank\" href=\"https:\/\/www.tiktok.com\/@lemohairdegourjade\" class=\"spip_out\" rel=\"external\">son quotidien sur TikTok<\/a>, dans des petites vid\u00e9os pour faire conna\u00eetre son travail et ses v\u00eatements. Autant de d\u00e9cisions qui tranchent avec ce que faisait son p\u00e8re auparavant.<\/p>\n<p>Cryst\u00e8le ne stresse pas pour l\u2019avenir. Si la vente des articles en mohair venait \u00e0 ne pas suffire, elle dit seulement qu\u2019elle <i>\u00ab<small class=\"fine d-inline\">\u00a0<\/small>r\u00e9fl\u00e9chira \u00e0 quoi faire de plus<small class=\"fine d-inline\">\u00a0<\/small>\u00bb<\/i>. <i>\u00ab<small class=\"fine d-inline\">\u00a0<\/small>Je me vois faire \u00e7a toute ma vie, mais peut-\u00eatre diff\u00e9remment, avec plus de visites de la ferme et moins de ch\u00e8vres<\/i>, explique-t-elle. <i>Ou alors j\u2019aurai un autre emploi \u00e0 c\u00f4t\u00e9.<small class=\"fine d-inline\">\u00a0<\/small>\u00bb<\/i> Une chose est s\u00fbre, l\u2019agriculture ne sera plus comme on l\u2019a connue ces derni\u00e8res ann\u00e9es.<\/p>\n<p><center><br \/>\n  <\/p>\n<p><\/center><\/p>\n<aside class=\"boite_encarts\">\n<div class=\"encart encart_gris noprint\">\n<p><strong>Puisque vous \u00eates l\u00e0&#8230;<\/strong><\/p>\n<p>&#8230; nous avons un petit service \u00e0 vous demander.<br class=\"autobr\"\/><br \/>\nEntre la pr\u00e9sence d\u2019un climatosceptique \u00e0 la t\u00eate de la premi\u00e8re puissance mondiale, un gouvernement fran\u00e7ais qui flirte avec l\u2019extr\u00eame-droite, et les catastrophes climatiques qui s\u2019enchainent&#8230; Faire vivre l\u2019\u00e9cologie dans le d\u00e9bat public est un enjeu crucial.<\/p>\n<p>Personne ne modifie ce que nous publions. Nous n\u2019avons ni actionnaire, ni propri\u00e9taire milliardaire \u2014 seulement une \u00e9quipe d\u2019irr\u00e9ductibles journalistes, pleine de d\u00e9termination.<\/p>\n<p>Nous avons la conviction que l\u2019urgence \u00e9cologique est l\u2019enjeu majeur de notre \u00e9poque. Et comme plus de 2 millions de lectrices et lecteurs chaque mois, vous partagez sans doute cette conviction&#8230;<\/p>\n<p><strong>Depuis 12 ans, nous publions des articles de qualit\u00e9 sur l\u2019\u00e9cologie, en acc\u00e8s libre et sans publicit\u00e9, pour tous.<\/strong><br class=\"autobr\"\/><br \/>\nMais ce travail demande beaucoup de temps et de ressources.<\/p>\n<p>Alors, si vous en avez les moyens, sachez qu\u2019un don, m\u00eame d\u20191\u20ac, est un acte de soutien fort pour l\u2019\u00e9cologie et le journalisme ind\u00e9pendant.<br class=\"autobr\"\/><br \/>\n(Et \u00e7a vous prendra moins de temps que la lecture de ce texte).<\/p>\n<p><strong>Si vous le pouvez, choisissez un soutien mensuel. Merci.<\/strong><\/p>\n<p><a target=\"_blank\" href=\"https:\/\/reporterre.net\/dons\" class=\"bt_soutenir\">Je soutiens <i>Reporterre<\/i><\/a><\/p>\n<\/p><\/div>\n<div class=\"encart encart_vert noprint montre_1023\">\n<div class=\"infolettre-form-container noprint\">\n<p>Abonnez-vous \u00e0 la lettre d\u2019info de Reporterre<\/p>\n<\/div><\/div>\n<\/aside>\n<aside class=\"boite_apresarticle encart_note\">\n<\/aside>\n<aside class=\"boite_complement texte\">\n<p>      <!-- zone_forum --><br \/>\n          <\/aside>\n<aside class=\"boite_lireaussi noprint\">\n<\/aside>\n<aside class=\"colonne\">\n<div class=\"article_info cache_1023 noprint\">\n<p>    <span class=\"date\">25 f\u00e9vrier 2025  \u00e0 09h27<\/span><\/p>\n<p class=\"duree_lecture\">\n        Dur\u00e9e de lecture : 7 minutes\n      <\/p>\n<\/p><\/div>\n<div class=\"bloc_infolettre\">\n<div class=\"infolettre-form-container noprint\">\n<p>Abonnez-vous \u00e0 la lettre d\u2019info de Reporterre<\/p>\n<\/div><\/div>\n<\/aside><\/div>\n<p><br \/>\n<br \/><a href=\"https:\/\/reporterre.net\/A-22-ans-elle-a-repris-la-ferme-de-son-pere-a-sa-facon\" target=\"_blank\"\">Source link <\/a><\/p>\n","protected":false},"excerpt":{"rendered":"<p>Saint-Jean-de-Vals (Tarn), reportage Debout dans sa cuisine, Cryst\u00e8le Gourjade, 23 ans, tourne les pages d\u2019un vieil album photo. Elle s\u2019arr\u00eate et d\u00e9signe un clich\u00e9 en papier glac\u00e9\u00a0: on y distingue&hellip; <\/p>\n","protected":false},"author":1,"featured_media":3305,"comment_status":"open","ping_status":"open","sticky":false,"template":"","format":"standard","meta":{"footnotes":""},"categories":[1],"tags":[],"class_list":["post-3304","post","type-post","status-publish","format-standard","has-post-thumbnail","hentry","category-non-classe"],"_links":{"self":[{"href":"https:\/\/monde25.info\/index.php\/wp-json\/wp\/v2\/posts\/3304","targetHints":{"allow":["GET"]}}],"collection":[{"href":"https:\/\/monde25.info\/index.php\/wp-json\/wp\/v2\/posts"}],"about":[{"href":"https:\/\/monde25.info\/index.php\/wp-json\/wp\/v2\/types\/post"}],"author":[{"embeddable":true,"href":"https:\/\/monde25.info\/index.php\/wp-json\/wp\/v2\/users\/1"}],"replies":[{"embeddable":true,"href":"https:\/\/monde25.info\/index.php\/wp-json\/wp\/v2\/comments?post=3304"}],"version-history":[{"count":0,"href":"https:\/\/monde25.info\/index.php\/wp-json\/wp\/v2\/posts\/3304\/revisions"}],"wp:featuredmedia":[{"embeddable":true,"href":"https:\/\/monde25.info\/index.php\/wp-json\/wp\/v2\/media\/3305"}],"wp:attachment":[{"href":"https:\/\/monde25.info\/index.php\/wp-json\/wp\/v2\/media?parent=3304"}],"wp:term":[{"taxonomy":"category","embeddable":true,"href":"https:\/\/monde25.info\/index.php\/wp-json\/wp\/v2\/categories?post=3304"},{"taxonomy":"post_tag","embeddable":true,"href":"https:\/\/monde25.info\/index.php\/wp-json\/wp\/v2\/tags?post=3304"}],"curies":[{"name":"wp","href":"https:\/\/api.w.org\/{rel}","templated":true}]}}