{"id":3327,"date":"2025-02-25T17:13:43","date_gmt":"2025-02-25T16:13:43","guid":{"rendered":"https:\/\/monde25.info\/index.php\/2025\/02\/25\/novembre-decembre-1995-quen-reste-t-il-par-nicolas-da-silva-le-monde-diplomatique-fevrier-2023\/"},"modified":"2025-02-25T17:13:43","modified_gmt":"2025-02-25T16:13:43","slug":"novembre-decembre-1995-quen-reste-t-il-par-nicolas-da-silva-le-monde-diplomatique-fevrier-2023","status":"publish","type":"post","link":"https:\/\/monde25.info\/index.php\/2025\/02\/25\/novembre-decembre-1995-quen-reste-t-il-par-nicolas-da-silva-le-monde-diplomatique-fevrier-2023\/","title":{"rendered":"Novembre-d\u00e9cembre 1995, qu\u2019en reste-t-il ?, par Nicolas Da Silva (Le Monde diplomatique, f\u00e9vrier 2023)"},"content":{"rendered":"<p> <br \/>\n<\/p>\n<div>\n<p class=\"crayon article-surtitre-65533 surtitre\">Quand les ordonnances Jupp\u00e9 d\u00e9mantelaient la S\u00e9curit\u00e9 sociale<\/p>\n<div class=\"crayon article-chapo-65533 chapo\">\n<p>\u00c0 chaque r\u00e9forme des retraites, le gouvernement et les m\u00e9dias d\u00e9limitent un cadre de discussion qui laisse dans l\u2019ombre l\u2019enjeu le plus d\u00e9cisif. Le syst\u00e8me cr\u00e9\u00e9 en 1946 donnait en effet aux salari\u00e9s eux-m\u00eames, et non pas aux entreprises ou \u00e0 l\u2019\u00c9tat, la direction des caisses de la \u00ab<small class=\"fine\">\u00a0<\/small>S\u00e9cu<small class=\"fine\">\u00a0<\/small>\u00bb. Depuis, une volont\u00e9 a anim\u00e9 les r\u00e9formateurs de tout poil\u00a0: reprendre ce pouvoir.<\/p>\n<\/div><\/div>\n<div couleurfade=\"f0ebe5\" couleurclaire=\"ece5de\" couleurpale=\"eacdad\" couleurmi=\"836748\" couleurfoncee=\"7f4e19\" couleursombre=\"201912\" couleurfond=\"63584c\" couleurtexte=\"ffffff\">\n<div class=\"enapercu\">\n<figure class=\"spip_document_31006 spip_documents spip_documents_center xl\" style=\"width:890px;\">\n<div class=\"limage\">\n<p>\t\t\t<img loading=\"lazy\" decoding=\"async\" src=\"https:\/\/www.monde-diplomatique.fr\/\/local\/cache-vignettes\/L890xH890\/img019-2-10-c2a8c.jpg?1675175453\" width=\"890\" height=\"890\" class=\"spip_logos\" alt=\"JPEG - 132.4\u00a0ko\"\/><\/p><\/div><figcaption>\n<p>Marylin Cavin. \u2013 \u00ab<small class=\"fine\">\u00a0<\/small>Passe et pense<small class=\"fine\">\u00a0<\/small>\u00bb, 2022<\/p>\n<\/figcaption><\/figure>\n<p><span class=\"mot-lettrine\"><span class=\"lettrine\">M<\/span>adame<\/span> \u00c9lisabeth Borne l\u2019a confirm\u00e9 lors de sa pr\u00e9sentation \u00e0 la presse le 10\u00a0janvier\u00a02023\u00a0: sa r\u00e9forme des retraites figurera dans un projet de loi de financement de la S\u00e9curit\u00e9 sociale (LFSS) rectificatif. De l\u2019avis de certains constitutionnalistes, un tel choix m\u00e9conna\u00eetrait l\u2019esprit, sinon la lettre, de la Loi fondamentale. \u00c0 en croire la chronique politique, la premi\u00e8re ministre aurait retenu cette option car la Constitution lui permet d\u2019imposer tous ses textes budg\u00e9taires gr\u00e2ce au troisi\u00e8me alin\u00e9a de l\u2019article\u00a049 (le \u00ab<small class=\"fine\">\u00a0<\/small>49-3<small class=\"fine\">\u00a0<\/small>\u00bb), voire pour limiter le temps du d\u00e9bat parlementaire gr\u00e2ce aux dispositions du troisi\u00e8me alin\u00e9a de l\u2019article\u00a047-1\u2026 En tout \u00e9tat de cause, Mme\u00a0Borne a d\u00e9cid\u00e9 de s\u2019en prendre aux retraites en utilisant un dispositif, les LFSS, instaur\u00e9 en 1996 par le gouvernement de M.\u00a0Alain Jupp\u00e9 pour reprendre en main la S\u00e9curit\u00e9 sociale.<\/p>\n<p>La mobilisation contre le plan de r\u00e9forme de la protection sociale (ou \u00ab<small class=\"fine\">\u00a0<\/small>plan Jupp\u00e9<small class=\"fine\">\u00a0<\/small>\u00bb), annonc\u00e9 par le premier ministre le 15\u00a0novembre\u00a01995, a laiss\u00e9 le souvenir d\u2019une victoire syndicale. L\u2019opposition de la Conf\u00e9d\u00e9ration g\u00e9n\u00e9rale du travail (CGT) et de Force ouvri\u00e8re (FO) avait conduit la droite \u00e0 renoncer \u00e0 aligner les retraites du secteur public sur celles du secteur priv\u00e9. La mobilisation durera plus de trois semaines, sans train ni m\u00e9tro, souvent sans courrier. Apr\u00e8s que deux millions de personnes eurent manifest\u00e9 le 12\u00a0d\u00e9cembre, le premier ministre reculait le 15. Exit le projet de loi retraites.<\/p>\n<p>Mais, les mois qui suivirent, alors que les salari\u00e9s avaient cess\u00e9 de lutter, le gouvernement parvint \u00e0 cr\u00e9er le cadre institutionnel pr\u00e9vu dans le plan Jupp\u00e9\u00a0: loi constitutionnelle du 22\u00a0f\u00e9vrier\u00a01996, loi organique du 22\u00a0juillet, ordonnances prises le 24\u00a0janvier puis le 24\u00a0avril. Ce nouvel ordre juridique a facilit\u00e9 l\u2019adoption ult\u00e9rieure des mesures \u00e9vit\u00e9es en 1995 (en 2003 puis en 2010), contribu\u00e9 aux tr\u00e8s fortes pressions gestionnaires subies par les organismes de s\u00e9curit\u00e9 sociale \u2014 notamment l\u2019assurance-vieillesse \u2014 et fait aboutir un processus\u00a0(&#8230;)<\/p>\n<\/p><\/div>\n<p>Taille de l\u2019article complet\u00a0:\u00a0<span>3\u00a0628<\/span>\u00a0mots.<\/p>\n<div class=\"promo_dispo_article\">\n<h2 class=\"avantbloc\">\n\tCet article est r\u00e9serv\u00e9 aux\u00a0abonn\u00e9s<br \/>\n\t <br \/>\u00e0 notre offre\u00a0d&rsquo;archives<br \/>\n<\/h2>\n<div class=\"abo_inst\">\n\t<strong>Lyc\u00e9es, biblioth\u00e8ques, administrations, entreprises,<\/strong><br \/>\n\tacc\u00e9dez \u00e0 la base de donn\u00e9es en ligne de tous les articles du <i>Monde diplomatique<\/i> de 1954 \u00e0 nos\u00a0jours.<br \/>\n\t<a target=\"_blank\" id=\"pw-institutions\" class=\"suivi\" href=\"https:\/\/www.monde-diplomatique.fr\/archives\/institutions\">Retrouvez cette\u00a0offre sp\u00e9cifique<\/a>.\n<\/div>\n<\/div><\/div>\n<div>\n<p class=\"nom\">Nicolas Da Silva<\/p>\n<p>\n\t\t\t\t\tMa\u00eetre de conf\u00e9rences en sciences \u00e9conomiques \u00e0 l\u2019universit\u00e9 Sorbonne Paris Nord. Auteur de <i>La Bataille de la S\u00e9cu. Une histoire du syst\u00e8me de sant\u00e9,<\/i> La Fabrique, Paris, 2022.<\/p>\n<\/p><\/div>\n<p><br \/>\n<br \/><a href=\"https:\/\/www.monde-diplomatique.fr\/2023\/02\/DA_SILVA\/65533\" target=\"_blank\"\">Source link <\/a><\/p>\n","protected":false},"excerpt":{"rendered":"<p>Quand les ordonnances Jupp\u00e9 d\u00e9mantelaient la S\u00e9curit\u00e9 sociale \u00c0 chaque r\u00e9forme des retraites, le gouvernement et les m\u00e9dias d\u00e9limitent un cadre de discussion qui laisse dans l\u2019ombre l\u2019enjeu le plus&hellip; <\/p>\n","protected":false},"author":1,"featured_media":3328,"comment_status":"open","ping_status":"open","sticky":false,"template":"","format":"standard","meta":{"footnotes":""},"categories":[1],"tags":[],"class_list":["post-3327","post","type-post","status-publish","format-standard","has-post-thumbnail","hentry","category-non-classe"],"_links":{"self":[{"href":"https:\/\/monde25.info\/index.php\/wp-json\/wp\/v2\/posts\/3327","targetHints":{"allow":["GET"]}}],"collection":[{"href":"https:\/\/monde25.info\/index.php\/wp-json\/wp\/v2\/posts"}],"about":[{"href":"https:\/\/monde25.info\/index.php\/wp-json\/wp\/v2\/types\/post"}],"author":[{"embeddable":true,"href":"https:\/\/monde25.info\/index.php\/wp-json\/wp\/v2\/users\/1"}],"replies":[{"embeddable":true,"href":"https:\/\/monde25.info\/index.php\/wp-json\/wp\/v2\/comments?post=3327"}],"version-history":[{"count":0,"href":"https:\/\/monde25.info\/index.php\/wp-json\/wp\/v2\/posts\/3327\/revisions"}],"wp:featuredmedia":[{"embeddable":true,"href":"https:\/\/monde25.info\/index.php\/wp-json\/wp\/v2\/media\/3328"}],"wp:attachment":[{"href":"https:\/\/monde25.info\/index.php\/wp-json\/wp\/v2\/media?parent=3327"}],"wp:term":[{"taxonomy":"category","embeddable":true,"href":"https:\/\/monde25.info\/index.php\/wp-json\/wp\/v2\/categories?post=3327"},{"taxonomy":"post_tag","embeddable":true,"href":"https:\/\/monde25.info\/index.php\/wp-json\/wp\/v2\/tags?post=3327"}],"curies":[{"name":"wp","href":"https:\/\/api.w.org\/{rel}","templated":true}]}}