{"id":3335,"date":"2025-02-25T19:26:38","date_gmt":"2025-02-25T18:26:38","guid":{"rendered":"https:\/\/monde25.info\/index.php\/2025\/02\/25\/les-passoires-thermiques-des-stations-de-ski-huppees-valent-toujours-plus-cher\/"},"modified":"2025-02-25T19:26:38","modified_gmt":"2025-02-25T18:26:38","slug":"les-passoires-thermiques-des-stations-de-ski-huppees-valent-toujours-plus-cher","status":"publish","type":"post","link":"https:\/\/monde25.info\/index.php\/2025\/02\/25\/les-passoires-thermiques-des-stations-de-ski-huppees-valent-toujours-plus-cher\/","title":{"rendered":"Les passoires thermiques des stations de ski hupp\u00e9es valent toujours plus cher"},"content":{"rendered":"<p> <br \/>\n<\/p>\n<div style=\"position:relative;\">\n        <picture><source type=\"image\/webp\" srcset=\"https:\/\/reporterre.net\/local\/cache-vignettes\/L720xH480\/iserdeval-3ba7a.jpg@.webp?1740497141\"><img loading=\"lazy\" decoding=\"async\" src=\"https:\/\/reporterre.net\/local\/cache-vignettes\/L720xH480\/iserdeval-3ba7a.jpg?1740497141\" width=\"720\" height=\"480\" alt=\"Les passoires thermiques des stations de ski hupp\u00e9es valent toujours plus cher\" class=\"image_logo voir_logo\"\/><\/p>\n<p><\/source><\/picture>\n<p class=\"legende_logo\">La place des Dolomites \u00e0 Val-d&rsquo;Is\u00e8re, en juillet 2022. <span class=\"copyright_logo\">&#8211; Florian P\u00e9pellin \/ CC BY-SA 4.0 \/ Wikimedia Commons<\/span><\/p>\n<p class=\"legende_logo_480\">La place des Dolomites \u00e0 Val-d&rsquo;Is\u00e8re, en juillet 2022. <span class=\"copyright_logo\">&#8211; Florian P\u00e9pellin \/ CC BY-SA 4.0 \/ Wikimedia Commons<\/span><\/p>\n<\/p><\/div>\n<div>\n        <span class=\"date\">25 f\u00e9vrier 2025  \u00e0 16h54<\/span><\/p>\n<p>    <span class=\"date_modif\">Mis \u00e0 jour le 25 f\u00e9vrier 2025 \u00e0 18h52<\/span>      <\/p>\n<p class=\"duree_lecture\">\n        Dur\u00e9e de lecture : 2 minutes\n      <\/p>\n<\/p><\/div>\n<div>\n<p>Les passoires thermiques dans les stations de ski co\u00fbtent toujours plus cher, r\u00e9v\u00e8le <a target=\"_blank\" href=\"https:\/\/www.pap.fr\/blog\/immobilier-de-montagne-70-de-passoires-thermiques-mais-les-prix-senvolent\/a26848\" class=\"spip_out\" rel=\"external\">une \u00e9tude<\/a> du site Particulier \u00e0 particulier (<span class=\"caps\">PAP<\/span>) et de l\u2019Agence de la transition \u00e9cologique (Ademe) publi\u00e9e le 25\u00a0f\u00e9vrier.<\/p>\n<p>\u00c0 Courchevel, alors que le taux de passoires thermiques (habitations class\u00e9es F et G) atteint 37,5<small class=\"fine d-inline\">\u00a0<\/small>%, le prix du m\u00e8tre carr\u00e9 s\u2019\u00e9l\u00e8ve \u00e0 11\u00a0368 euros, en hausse de 78<small class=\"fine d-inline\">\u00a0<\/small>% en 5 ans. \u00c0 Val-d\u2019Is\u00e8re, les gens sont pr\u00eats \u00e0 payer 12\u00a0140 euros le m\u00e8tre carr\u00e9 (+25<small class=\"fine d-inline\">\u00a0<\/small>% en 5\u00a0ans) dans une station qui compte 25,2<small class=\"fine d-inline\">\u00a0<\/small>% de passoires thermiques. \u00c0 M\u00e9ribel, la facture s\u2019\u00e9l\u00e8ve 10\u00a0736 euros (+44<small class=\"fine d-inline\">\u00a0<\/small>% en 5\u00a0ans) pour 31,5<small class=\"fine d-inline\">\u00a0<\/small>% de passoires thermiques. \u00c0 Tignes, le m\u00e8tre carr\u00e9 co\u00fbte 8\u00a0932 euros (+89<small class=\"fine d-inline\">\u00a0<\/small>% en 5\u00a0ans) pour 34,8<small class=\"fine d-inline\">\u00a0<\/small>% de passoires thermiques. Enfin \u00e0 Morzine, comptez 7\u00a0432 euros le m\u00e8tre carr\u00e9 (+\u00a035<small class=\"fine d-inline\">\u00a0<\/small>% en 5\u00a0ans) pour 39,1<small class=\"fine d-inline\">\u00a0<\/small>% de passoires thermiques.<\/p>\n<p>Pourquoi un tel emballement<small class=\"fine d-inline\">\u00a0<\/small>? Parce que les acheteurs sont toujours plus nombreux. L\u2019\u00e9tude de <span class=\"caps\">PAP<\/span> \u00e9voque le cas des riches retrait\u00e9s achetant comptant ainsi que des Russes, Britanniques, Suisses et Moyen-Orientaux recherchant un pied-\u00e0-terre dans les stations les plus hupp\u00e9es.<\/p>\n<h2 class=\"spip\">Des b\u00e2timents anciens et mal r\u00e9nov\u00e9s<\/h2>\n<p>De plus, les meubl\u00e9s de tourisme profitent d\u2019une l\u00e9gislation beaucoup plus souple en mati\u00e8re de <span class=\"caps\">DPE<\/span>. La location saisonni\u00e8re en meubl\u00e9 touristique n\u2019est pas concern\u00e9e par <a target=\"_blank\" href=\"https:\/\/www.economie.gouv.fr\/cedef\/passoires-energetiques-meubles-touristiques-dpe\" class=\"spip_out\" rel=\"external\">l\u2019interdiction de location et le gel des loyers des passoires \u00e9nerg\u00e9tiques<\/a>. Ce qui encourage les propri\u00e9taires \u00e0 maintenir leurs biens dans leur \u00e9tat d\u2019origine.<\/p>\n<p>Enfin, les b\u00e2timents de ces stations sont anciens et mal isol\u00e9s, avec beaucoup de r\u00e9sidences des ann\u00e9es 60-80 mal r\u00e9nov\u00e9es. La faute au co\u00fbt des travaux, qui n\u00e9cessitent l\u2019accord des copropri\u00e9taires, souvent \u00e9trangers ou non-r\u00e9sidents \u00e0 l\u2019ann\u00e9e et peu enclins donc \u00e0 financer ces r\u00e9novations.<\/p>\n<p><i>\u00ab<small class=\"fine d-inline\">\u00a0<\/small>Si les prix continuent \u00e0 grimper malgr\u00e9 les interdictions, connues de tous depuis longtemps, cela prouve bien que la loi Climat<span class=\"spip_note_ref\">\u00a0[<a target=\"_blank\" href=\"#nb1\" class=\"spip_note\" rel=\"appendix\" title=\"Qui a interdit la location des passoires thermiques.\" id=\"nh1\">1<\/a>]<\/span> est trop d\u00e9connect\u00e9e des r\u00e9alit\u00e9s \u00e9conomiques, et trop ambitieuse, pour \u00eatre v\u00e9ritablement appliqu\u00e9e<small class=\"fine d-inline\">\u00a0<\/small>\u00bb<\/i>, estime l\u2019\u00e9tude de <span class=\"caps\">PAP<\/span>.<\/p>\n<aside class=\"boite_encarts\">\n<div class=\"encart encart_gris noprint\">\n<p><strong>Puisque vous \u00eates l\u00e0&#8230;<\/strong><\/p>\n<p>&#8230; nous avons un petit service \u00e0 vous demander.<br class=\"autobr\"\/><br \/>\nEntre la pr\u00e9sence d\u2019un climatosceptique \u00e0 la t\u00eate de la premi\u00e8re puissance mondiale, un gouvernement fran\u00e7ais qui flirte avec l\u2019extr\u00eame-droite, et les catastrophes climatiques qui s\u2019enchainent&#8230; Faire vivre l\u2019\u00e9cologie dans le d\u00e9bat public est un enjeu crucial.<\/p>\n<p>Personne ne modifie ce que nous publions. Nous n\u2019avons ni actionnaire, ni propri\u00e9taire milliardaire \u2014 seulement une \u00e9quipe d\u2019irr\u00e9ductibles journalistes, pleine de d\u00e9termination.<\/p>\n<p>Nous avons la conviction que l\u2019urgence \u00e9cologique est l\u2019enjeu majeur de notre \u00e9poque. Et comme plus de 2 millions de lectrices et lecteurs chaque mois, vous partagez sans doute cette conviction&#8230;<\/p>\n<p><strong>Depuis 12 ans, nous publions des articles de qualit\u00e9 sur l\u2019\u00e9cologie, en acc\u00e8s libre et sans publicit\u00e9, pour tous.<\/strong><br class=\"autobr\"\/><br \/>\nMais ce travail demande beaucoup de temps et de ressources.<\/p>\n<p>Alors, si vous en avez les moyens, sachez qu\u2019un don, m\u00eame d\u20191\u20ac, est un acte de soutien fort pour l\u2019\u00e9cologie et le journalisme ind\u00e9pendant.<br class=\"autobr\"\/><br \/>\n(Et \u00e7a vous prendra moins de temps que la lecture de ce texte).<\/p>\n<p><strong>Si vous le pouvez, choisissez un soutien mensuel. Merci.<\/strong><\/p>\n<p><a target=\"_blank\" href=\"https:\/\/reporterre.net\/dons\" class=\"bt_soutenir\">Je soutiens <i>Reporterre<\/i><\/a><\/p>\n<\/p><\/div>\n<div class=\"encart encart_vert noprint montre_1023\">\n<div class=\"infolettre-form-container noprint\">\n<p>Abonnez-vous \u00e0 la lettre d\u2019info de Reporterre<\/p>\n<\/div><\/div>\n<\/aside>\n<aside class=\"boite_apresarticle encart_note\">\n<h4>Apr\u00e8s cet article<\/h4>\n<p>      <a target=\"_blank\" href=\"https:\/\/reporterre.net\/Louer-des-passoires-thermiques-reste-interdit\" class=\"lien_article\">\n      <picture class=\"vignette_gauche\"><source type=\"image\/webp\" srcset=\"https:\/\/reporterre.net\/https:\/\/reporterre.net\/local\/cache-vignettes\/L450xH300\/afp__20250121__6775903__v1__highres__6775903_1_-53bfb.jpg@.webp?1738248085\"><img decoding=\"async\" src=\"https:\/\/reporterre.net\/local\/cache-vignettes\/L450xH300\/afp__20250121__6775903__v1__highres__6775903_1_-53bfb.jpg?1738248085\" width=\"450\" height=\"300\" alt=\"\" class=\"marge12\" loading=\"lazy\"\/><br \/>\n<\/source><\/picture>\n<p class=\"libelle\">\n<p>      \u00c9nergie\n    <\/p>\n<p class=\"titre pol20\">Louer des passoires thermiques reste interdit<\/p>\n<p>      <\/a><br \/>\n    <\/aside>\n<aside class=\"boite_complement texte\">\n<p>      <!-- zone_forum --><br \/>\n          <\/aside>\n<aside class=\"boite_lireaussi noprint\">\n<\/aside>\n<aside class=\"colonne\">\n<div class=\"article_info cache_1023 noprint\">\n        <span class=\"date\">25 f\u00e9vrier 2025  \u00e0 16h54<\/span><\/p>\n<p>    <span class=\"date_modif\">Mis \u00e0 jour le 25 f\u00e9vrier 2025 \u00e0 18h52<\/span>      <\/p>\n<p class=\"duree_lecture\">\n        Dur\u00e9e de lecture : 2 minutes\n      <\/p>\n<\/p><\/div>\n<div class=\"bloc_infolettre\">\n<div class=\"infolettre-form-container noprint\">\n<p>Abonnez-vous \u00e0 la lettre d\u2019info de Reporterre<\/p>\n<\/div><\/div>\n<\/aside>\n<div id=\"galerie\">\n  <img decoding=\"async\" src=\"\" class=\"principale\" id=\"principale\"\/><\/p>\n<p id=\"legende\">legende<\/p>\n<\/div>\n<footer class=\"noprint\">\n<\/footer>\n<\/div>\n<p><br \/>\n<br \/><a href=\"https:\/\/reporterre.net\/Les-passoires-thermiques-des-stations-de-ski-huppees-valent-toujours-plus-cher\" target=\"_blank\"\">Source link <\/a><\/p>\n","protected":false},"excerpt":{"rendered":"<p>La place des Dolomites \u00e0 Val-d&rsquo;Is\u00e8re, en juillet 2022. &#8211; Florian P\u00e9pellin \/ CC BY-SA 4.0 \/ Wikimedia Commons La place des Dolomites \u00e0 Val-d&rsquo;Is\u00e8re, en juillet 2022. &#8211; Florian&hellip; <\/p>\n","protected":false},"author":1,"featured_media":3336,"comment_status":"open","ping_status":"open","sticky":false,"template":"","format":"standard","meta":{"footnotes":""},"categories":[1],"tags":[],"class_list":["post-3335","post","type-post","status-publish","format-standard","has-post-thumbnail","hentry","category-non-classe"],"_links":{"self":[{"href":"https:\/\/monde25.info\/index.php\/wp-json\/wp\/v2\/posts\/3335","targetHints":{"allow":["GET"]}}],"collection":[{"href":"https:\/\/monde25.info\/index.php\/wp-json\/wp\/v2\/posts"}],"about":[{"href":"https:\/\/monde25.info\/index.php\/wp-json\/wp\/v2\/types\/post"}],"author":[{"embeddable":true,"href":"https:\/\/monde25.info\/index.php\/wp-json\/wp\/v2\/users\/1"}],"replies":[{"embeddable":true,"href":"https:\/\/monde25.info\/index.php\/wp-json\/wp\/v2\/comments?post=3335"}],"version-history":[{"count":0,"href":"https:\/\/monde25.info\/index.php\/wp-json\/wp\/v2\/posts\/3335\/revisions"}],"wp:featuredmedia":[{"embeddable":true,"href":"https:\/\/monde25.info\/index.php\/wp-json\/wp\/v2\/media\/3336"}],"wp:attachment":[{"href":"https:\/\/monde25.info\/index.php\/wp-json\/wp\/v2\/media?parent=3335"}],"wp:term":[{"taxonomy":"category","embeddable":true,"href":"https:\/\/monde25.info\/index.php\/wp-json\/wp\/v2\/categories?post=3335"},{"taxonomy":"post_tag","embeddable":true,"href":"https:\/\/monde25.info\/index.php\/wp-json\/wp\/v2\/tags?post=3335"}],"curies":[{"name":"wp","href":"https:\/\/api.w.org\/{rel}","templated":true}]}}