{"id":334,"date":"2024-11-17T17:14:02","date_gmt":"2024-11-17T16:14:02","guid":{"rendered":"https:\/\/monde25.info\/index.php\/2024\/11\/17\/lafrique-en-quete-de-paix-depasser-lheritage-de-lesclavage-et-du-colonialisme\/"},"modified":"2024-11-17T17:14:02","modified_gmt":"2024-11-17T16:14:02","slug":"lafrique-en-quete-de-paix-depasser-lheritage-de-lesclavage-et-du-colonialisme","status":"publish","type":"post","link":"https:\/\/monde25.info\/index.php\/2024\/11\/17\/lafrique-en-quete-de-paix-depasser-lheritage-de-lesclavage-et-du-colonialisme\/","title":{"rendered":"L\u2019Afrique en qu\u00eate de paix : d\u00e9passer l\u2019h\u00e9ritage de l\u2019esclavage et du colonialisme"},"content":{"rendered":"<p> <br \/>\n<\/p>\n<div>\n<p>par <strong>Mohamed Lamine Kaba<\/strong><\/p>\n<p><strong>Les \u00abcivilisateurs\u00bb sont venus, ont vu, ont conquis\u2026 et ont asservi. L\u2019esclavage et le colonialisme, ces \u00abbienfaits\u00bb de l\u2019histoire, ont laiss\u00e9 l\u2019Afrique avec des cicatrices qui saignent encore.<\/strong><\/p>\n<p>Le \u00abfardeau de l\u2019homme occidental\u00bb s\u2019est transform\u00e9 en cha\u00eenes de servitude, en cultures d\u00e9truites et en r\u00eaves bris\u00e9s. Mais l\u2019Afrique se souvient, et elle se rel\u00e8ve. La question est : quand les \u00abcivilisateurs\u00bb s\u2019en souviendront-ils ?<\/p>\n<p>Berceau de l\u2019humanit\u00e9, l\u2019Afrique porte les cicatrices persistantes de l\u2019esclavage et du colonialisme, une histoire douloureuse qui continue de freiner son d\u00e9veloppement. Pour tracer la voie vers une paix durable et une souverainet\u00e9 \u00e9conomique, il est crucial de reconna\u00eetre cet h\u00e9ritage marqu\u00e9 par l\u2019exploitation \u00e9conomique, la destruction culturelle, la d\u00e9gradation environnementale et l\u2019instabilit\u00e9 politique.<\/p>\n<p>Aujourd\u2019hui, les d\u00e9fis \u00e0 relever incluent la corruption, la mauvaise gouvernance, la d\u00e9pendance \u00e9conomique, les conflits et les in\u00e9galit\u00e9s sociales \u2013 h\u00e9rit\u00e9s des seigneurs de <a target=\"_blank\" href=\"https:\/\/www.inshs.cnrs.fr\/fr\/les-resistances-lesclavage-en-afrique-passe-et-present\" target=\"_blank\" rel=\"noopener\" title=\"\">l\u2019esclavagisme<\/a> et du colonialisme. La solution r\u00e9side dans une r\u00e9ponse panafricaine et r\u00e9solue : promouvoir l\u2019\u00e9ducation, d\u00e9velopper les comp\u00e9tences locales, investir dans les infrastructures, encourager l\u2019entrepreneuriat africain et renforcer la coop\u00e9ration r\u00e9gionale. En conjuguant leurs efforts, les nations africaines peuvent viser une croissance durable et \u00e9quitable, ouvrant la voie \u00e0 la paix, la prosp\u00e9rit\u00e9, et l\u2019autonomie.<\/p>\n<h5 class=\"wp-block-heading\"><strong>L\u2019h\u00e9ritage de l\u2019esclavage et du colonialisme en Afrique : une histoire douloureuse<\/strong><\/h5>\n<p>L\u2019Afrique porte encore les cicatrices profondes et durables engendr\u00e9es par l\u2019esclavage et le colonialisme, qui ont touch\u00e9 tous les pans de la soci\u00e9t\u00e9, tant sur les plans sociaux, \u00e9conomiques, politiques que culturels. La <a target=\"_blank\" href=\"https:\/\/www.herodote.net\/La_traite_atlantique_du_XVIe_au_XIXe_siecle-synthese-14.php\">traite transatlantique<\/a> a vu 15 millions d\u2019Africains d\u00e9port\u00e9s vers les Am\u00e9riques, tandis que des millions \u00e9taient r\u00e9duits en esclavage sur leur propre sol, forc\u00e9s \u00e0 travailler dans des conditions inhumaines. Le <a target=\"_blank\" href=\"https:\/\/www.lafriquedesidees.org\/histoire-de-la-colonisation-de-lafrique-1-le-contexte\/\" target=\"_blank\" rel=\"noopener\" title=\"\">colonialisme<\/a> a marqu\u00e9 l\u2019histoire par l\u2019occupation territoriale, le pillage des ressources naturelles et l\u2019imposition de langues, religions et coutumes \u00e9trang\u00e8res, entra\u00eenant une d\u00e9pendance \u00e9conomique persistante vis-\u00e0-vis des puissances occidentales, une instabilit\u00e9 politique exacerb\u00e9e par des fronti\u00e8res artificielles, des in\u00e9galit\u00e9s sociales et une perte d\u2019identit\u00e9 culturelle.<\/p>\n<p>Des exemples concrets, tels que le Congo, l\u2019Afrique du Sud et Ha\u00efti, illustrent les cons\u00e9quences tragiques de cette histoire avec des millions de morts, une instabilit\u00e9 persistante et une s\u00e9gr\u00e9gation institutionnalis\u00e9e. Aujourd\u2019hui encore, les pays africains font face \u00e0 un d\u00e9veloppement in\u00e9gal, du terrorisme, de l\u2019extr\u00e9misme violent, du crime organis\u00e9 transnational, des conflits ethniques et politiques, et une migration due \u00e0 la pauvret\u00e9 et aux tensions. Appr\u00e9hender cet h\u00e9ritage est crucial pour reconna\u00eetre les torts pass\u00e9s, revendiquer l\u2019histoire et la culture africaines, b\u00e2tir une \u00e9conomie robuste et souveraine, et promouvoir la justice et l\u2019\u00e9galit\u00e9.<\/p>\n<h5 class=\"wp-block-heading\"><strong>Les d\u00e9fis \u00e0 relever pour une Afrique en paix<\/strong><\/h5>\n<p>Face aux d\u00e9fis \u00e9conomiques, politiques, sociaux et culturels qui freinent son d\u00e9veloppement, l\u2019Afrique se doit de r\u00e9inventer son avenir. La d\u00e9pendance \u00e9conomique, les in\u00e9galit\u00e9s croissantes et une gestion publique entach\u00e9e de corruption n\u00e9cessitent des solutions innovantes. L\u2019int\u00e9gration r\u00e9gionale, l\u2019\u00e9ducation de qualit\u00e9 et une gouvernance d\u00e9mocratique et transparente \u2013 non pas dans le sens impos\u00e9 de l\u2019Occident, mais dans le vrai sens du terme \u2013 figurent parmi les leviers cl\u00e9s pour un d\u00e9veloppement endog\u00e8ne et durable. L\u2019Alliance BRICS offre une garantie \u00e0 cet effet. De plus, valoriser l\u2019identit\u00e9 africaine et renforcer la coop\u00e9ration entre \u00c9tats apparaissent indispensables pour surmonter l\u2019instabilit\u00e9 politique, la radicalisation et la <a target=\"_blank\" href=\"https:\/\/le-corporate.com\/fuite-des-cerveaux-en-afrique-impact-et-strategies-de-retention\/\" target=\"_blank\" rel=\"noopener\" title=\"\">fuite des talents<\/a>. Les \u00c9tats africains, avec le soutien des organisations internationales, de la soci\u00e9t\u00e9 civile, du secteur priv\u00e9 et de la diaspora, doivent imp\u00e9rativement conjuguer leurs efforts pour construire une Afrique souveraine, prosp\u00e8re et en paix.<\/p>\n<h5 class=\"wp-block-heading\"><strong>Les solutions pour une Afrique en paix<\/strong><\/h5>\n<p>Pour aborder les d\u00e9fis et \u00e9tablir une paix durable en Afrique, la mise en \u0153uvre de solutions concr\u00e8tes est imp\u00e9rative. Sur le plan \u00e9conomique, il est essentiel de favoriser un d\u00e9veloppement endog\u00e8ne en exploitant les ressources locales, renforcer l\u2019int\u00e9gration r\u00e9gionale, investir dans les infrastructures vitales telles que les routes et l\u2019\u00e9nergie, promouvoir l\u2019entrepreneuriat en soutenant PME et start-ups, et g\u00e9rer les ressources naturelles de mani\u00e8re responsable. Politiquement, la gouvernance d\u00e9mocratique, la r\u00e9conciliation nationale, la s\u00e9curit\u00e9 r\u00e9gionale, l\u2019organisation d\u2019\u00e9lections libres et la consolidation des institutions sont primordiales. Socialement, garantir une \u00e9ducation de qualit\u00e9, \u00e9tablir des syst\u00e8mes de sant\u00e9 robustes, poursuivre le d\u00e9veloppement durable, favoriser l\u2019int\u00e9gration du genre dans le d\u00e9veloppement et cr\u00e9er des opportunit\u00e9s pour la jeunesse sont des priorit\u00e9s. Sur le plan culturel, il convient de valoriser l\u2019identit\u00e9 africaine, promouvoir les <a target=\"_blank\" href=\"https:\/\/journal-neo.su\/fr\/2024\/03\/03\/les-langues-africaines-comme-arme-de-combat-pour-retrecir-la-sphere-dinfluence-de-loccident-unipolariste-en-afrique\/\" target=\"_blank\" rel=\"noopener\" title=\"\">langues locales<\/a>, pr\u00e9server les traditions, d\u00e9velopper les m\u00e9dias africains et encourager la coop\u00e9ration culturelle r\u00e9gionale.<\/p>\n<p>Ces initiatives n\u00e9cessitent la collaboration des \u00c9tats africains, des organisations internationales telles que <a target=\"_blank\" href=\"https:\/\/infobrics.org\/\" target=\"_blank\" rel=\"noopener\" title=\"\">l\u2019Alliance BRICS<\/a> et l\u2019UA, ainsi que du secteur priv\u00e9 et de la diaspora. Les strat\u00e9gies d\u2019impl\u00e9mentation doivent inclure des plans d\u2019action clairs, des partenariats public-priv\u00e9, une mobilisation efficace des ressources et des syst\u00e8mes de suivi rigoureux. Des exemples concrets comme la <a target=\"_blank\" href=\"https:\/\/tradeunionsinafcfta.org\/fr\" target=\"_blank\" rel=\"noopener\" title=\"\">ZLECAf<\/a> et le Programme d\u2019autonomisation \u00e9conomique des femmes d\u00e9montrent la voie \u00e0 suivre. Seule une approche collective, panafricaine, r\u00e9solue et coordonn\u00e9e permettra d\u2019atteindre la paix durable en Afrique.<\/p>\n<p>De ce qui pr\u00e9c\u00e8de, nous pouvons d\u00e9duire que l\u2019esclavage et le colonialisme sont deux \u00abdonations\u00bb de l\u2019Occident \u00e0 l\u2019Afrique qui guident encore les relations contemporaines de ces deux mondes antinomiques. Des si\u00e8cles d\u2019oppression, de pillage et d\u2019effacement. Mais l\u2019Afrique r\u00e9siste, se lib\u00e8re et se reconstruit. Les \u00abma\u00eetres\u00bb d\u2019hier deviennent les \u00abinvit\u00e9s\u00bb d\u2019aujourd\u2019hui. L\u2019Afrique, berceau de l\u2019humanit\u00e9, reprend sa place. La v\u00e9ritable lib\u00e9ration commence.<\/p>\n<p>source : <a target=\"_blank\" href=\"https:\/\/journal-neo.su\/fr\/2024\/11\/16\/lafrique-en-quete-de-paix-depasser-lheritage-de-lesclavage-et-du-colonialisme\/\" target=\"_blank\" rel=\"noopener\" title=\"\">New Eastern Outlook<\/a><\/p>\n<div class=\"sharedaddy sd-block sd-like jetpack-likes-widget-wrapper jetpack-likes-widget-unloaded\" id=\"like-post-wrapper-237719536-431626-673a0be103fc7\" data-src=\"https:\/\/widgets.wp.com\/likes\/?ver=14.0#blog_id=237719536&amp;post_id=431626&amp;origin=reseauinternational.net&amp;obj_id=237719536-431626-673a0be103fc7&amp;n=1\" data-name=\"like-post-frame-237719536-431626-673a0be103fc7\" data-title=\"Aimer ou rebloguer\">\n<h3 class=\"sd-title\">J\u2019aime \u00e7a\u00a0:<\/h3>\n<p><span class=\"button\"><span>J\u2019aime<\/span><\/span> <span class=\"loading\">chargement\u2026<\/span><\/p>\n<p><span class=\"sd-text-color\"\/><a target=\"_blank\" class=\"sd-link-color\"\/><\/div>\n<p><meta itemscope=\"\" itemprop=\"mainEntityOfPage\" itemtype=\"https:\/\/schema.org\/WebPage\" itemid=\"https:\/\/reseauinternational.net\/lafrique-en-quete-de-paix-depasser-lheritage-de-lesclavage-et-du-colonialisme\/\"\/><meta itemprop=\"headline\" content=\"L\u2019Afrique en qu\u00eate de paix : d\u00e9passer l\u2019h\u00e9ritage de l\u2019esclavage et du colonialisme\"\/><span style=\"display: none;\" itemprop=\"author\" itemscope=\"\" itemtype=\"https:\/\/schema.org\/Person\"><meta itemprop=\"name\" content=\"R\u00e9seau International\"\/><\/span><span style=\"display: none;\" itemprop=\"image\" itemscope=\"\" itemtype=\"https:\/\/schema.org\/ImageObject\"><meta itemprop=\"url\" content=\"https:\/\/i0.wp.com\/reseauinternational.net\/wp-content\/uploads\/2024\/11\/Sans-titre-26-3.png?fit=800%2C467&amp;ssl=1\"\/><meta itemprop=\"width\" content=\"800\"\/><meta itemprop=\"height\" content=\"467\"\/><\/span><span style=\"display: none;\" itemprop=\"publisher\" itemscope=\"\" itemtype=\"https:\/\/schema.org\/Organization\"><span style=\"display: none;\" itemprop=\"logo\" itemscope=\"\" itemtype=\"https:\/\/schema.org\/ImageObject\"><meta itemprop=\"url\" content=\"https:\/\/reseauinternational.net\/wp-content\/uploads\/2022\/06\/Capture-de\u0301cran-2022-06-14-a\u0300-16.51.07.png\"\/><\/span><meta itemprop=\"name\" content=\"R\u00e9seau International\"\/><\/span><meta itemprop=\"datePublished\" content=\"2024-11-17T13:08:30+00:00\"\/><meta itemprop=\"dateModified\" content=\"2024-11-17T13:08:45+00:00\"\/><\/div>\n<p><br \/>\n<br \/><a href=\"https:\/\/reseauinternational.net\/lafrique-en-quete-de-paix-depasser-lheritage-de-lesclavage-et-du-colonialisme\/\" target=\"_blank\"\">Source link <\/a><\/p>\n","protected":false},"excerpt":{"rendered":"<p>par Mohamed Lamine Kaba Les \u00abcivilisateurs\u00bb sont venus, ont vu, ont conquis\u2026 et ont asservi. L\u2019esclavage et le colonialisme, ces \u00abbienfaits\u00bb de l\u2019histoire, ont laiss\u00e9 l\u2019Afrique avec des cicatrices qui&hellip; <\/p>\n","protected":false},"author":1,"featured_media":335,"comment_status":"open","ping_status":"open","sticky":false,"template":"","format":"standard","meta":{"footnotes":""},"categories":[1],"tags":[],"class_list":["post-334","post","type-post","status-publish","format-standard","has-post-thumbnail","hentry","category-non-classe"],"_links":{"self":[{"href":"https:\/\/monde25.info\/index.php\/wp-json\/wp\/v2\/posts\/334","targetHints":{"allow":["GET"]}}],"collection":[{"href":"https:\/\/monde25.info\/index.php\/wp-json\/wp\/v2\/posts"}],"about":[{"href":"https:\/\/monde25.info\/index.php\/wp-json\/wp\/v2\/types\/post"}],"author":[{"embeddable":true,"href":"https:\/\/monde25.info\/index.php\/wp-json\/wp\/v2\/users\/1"}],"replies":[{"embeddable":true,"href":"https:\/\/monde25.info\/index.php\/wp-json\/wp\/v2\/comments?post=334"}],"version-history":[{"count":0,"href":"https:\/\/monde25.info\/index.php\/wp-json\/wp\/v2\/posts\/334\/revisions"}],"wp:featuredmedia":[{"embeddable":true,"href":"https:\/\/monde25.info\/index.php\/wp-json\/wp\/v2\/media\/335"}],"wp:attachment":[{"href":"https:\/\/monde25.info\/index.php\/wp-json\/wp\/v2\/media?parent=334"}],"wp:term":[{"taxonomy":"category","embeddable":true,"href":"https:\/\/monde25.info\/index.php\/wp-json\/wp\/v2\/categories?post=334"},{"taxonomy":"post_tag","embeddable":true,"href":"https:\/\/monde25.info\/index.php\/wp-json\/wp\/v2\/tags?post=334"}],"curies":[{"name":"wp","href":"https:\/\/api.w.org\/{rel}","templated":true}]}}