{"id":3341,"date":"2025-02-25T21:06:40","date_gmt":"2025-02-25T20:06:40","guid":{"rendered":"https:\/\/monde25.info\/index.php\/2025\/02\/25\/une-carte-des-pesticides-en-france-pour-faire-agir-le-gouvernement\/"},"modified":"2025-02-25T21:06:40","modified_gmt":"2025-02-25T20:06:40","slug":"une-carte-des-pesticides-en-france-pour-faire-agir-le-gouvernement","status":"publish","type":"post","link":"https:\/\/monde25.info\/index.php\/2025\/02\/25\/une-carte-des-pesticides-en-france-pour-faire-agir-le-gouvernement\/","title":{"rendered":"Une carte des pesticides en France pour faire agir le gouvernement"},"content":{"rendered":"<p> <br \/>\n<\/p>\n<div>\n<p><strong>Une nouvelle plateforme met en lumi\u00e8re l\u2019exposition locale aux pesticides, gr\u00e2ce \u00e0 une carte interactive qui r\u00e9v\u00e8le les zones les plus touch\u00e9es. Lanc\u00e9e par plusieurs associations, cette initiative vise \u00e0 sensibiliser le public et \u00e0 interpeller les autorit\u00e9s pour une l\u00e9gislation plus stricte.\u00a0<\/strong><\/p>\n<p>La r\u00e9alit\u00e9 est implacable : une grande partie de la population vit dans des zones o\u00f9 les pesticides impr\u00e8gnent l\u2019air, l\u2019eau et m\u00eame l\u2019alimentation. La plateforme \u00ab\u00a0<a target=\"_blank\" href=\"https:\/\/tousexposes.fr\/\">Tous expos\u00e9s<\/a>\u00a0\u00bb permet de v\u00e9rifier, \u00e0 l&rsquo;aide d&rsquo;une carte interactive, le niveau de contamination des communes. En Normandie, notamment, les r\u00e9gions agricoles comme la plaine de Caen sont particuli\u00e8rement concern\u00e9es. Ce projet, soutenu par des associations comme \u00ab\u00a0G\u00e9n\u00e9rations Futures\u00a0\u00bb et \u00ab\u00a0On est Pr\u00eat\u00a0\u00bb, se veut un outil de sensibilisation face \u00e0 un danger souvent ignor\u00e9, malgr\u00e9 les preuves scientifiques qui s\u2019accumulent sur les effets d\u00e9l\u00e9t\u00e8res des produits chimiques.<\/p>\n<p>En utilisant ces cartes, les citoyens peuvent non seulement \u00e9valuer les risques dans leur environnement mais aussi interagir directement avec les politiques publiques. Magali Payen, du mouvement \u00ab\u00a0On est Pr\u00eat\u00a0\u00bb, le souligne aupr\u00e8s de <em>France Info<\/em> : \u00ab En un clic, vous pouvez demander au ministre de la Sant\u00e9 de l\u00e9gif\u00e9rer pour prot\u00e9ger notre sant\u00e9 et celle des agriculteurs. \u00bb Une d\u00e9marche participative qui, bien que prometteuse, semble d\u00e9risoire face \u00e0 la lenteur des r\u00e9formes n\u00e9cessaires. Les experts s\u2019accordent sur un point : la solution r\u00e9side dans la transition vers l\u2019agriculture biologique.<\/p>\n<p>Les r\u00e9centes lois agricoles adopt\u00e9es, dont la loi du 20 f\u00e9vrier 2025, ne semblent pas pr\u00eates \u00e0 r\u00e9pondre aux attentes de la soci\u00e9t\u00e9 civile. Selon Christophe Barnouin de \u00ab\u00a0La Maison de la Bio\u00a0\u00bb, \u00ab L\u2019agriculture biologique existe depuis 30 ans, et il est prouv\u00e9 que c\u2019est une alternative viable, mais le syst\u00e8me actuel privil\u00e9gie toujours les m\u00e9thodes chimiques. \u00bb Malgr\u00e9 la pression des associations, les d\u00e9cisions politiques continuent d\u2019ignorer la n\u00e9cessit\u00e9 d\u2019une r\u00e9gulation stricte des pesticides.<\/p>\n<\/div>\n<p><script>(function(d, s, id) {  var js, fjs = d.getElementsByTagName(s)[0];  if (d.getElementById(id)) return;  js = d.createElement(s); js.id = id;  js.src = \"\/\/connect.facebook.net\/fr_FR\/sdk.js#xfbml=1&version=v2.3\";  fjs.parentNode.insertBefore(js, fjs);}(document, \"script\", \"facebook-jssdk\"));<\/script><br \/>\n<br \/><br \/>\n<br \/><a href=\"https:\/\/www.francesoir.fr\/politique-france\/une-carte-des-pesticides-en-france-pour-faire-agir-le-gouvernement\" target=\"_blank\"\">Source link <\/a><\/p>\n","protected":false},"excerpt":{"rendered":"<p>Une nouvelle plateforme met en lumi\u00e8re l\u2019exposition locale aux pesticides, gr\u00e2ce \u00e0 une carte interactive qui r\u00e9v\u00e8le les zones les plus touch\u00e9es. Lanc\u00e9e par plusieurs associations, cette initiative vise \u00e0&hellip; <\/p>\n","protected":false},"author":1,"featured_media":3342,"comment_status":"open","ping_status":"open","sticky":false,"template":"","format":"standard","meta":{"footnotes":""},"categories":[1],"tags":[],"class_list":["post-3341","post","type-post","status-publish","format-standard","has-post-thumbnail","hentry","category-non-classe"],"_links":{"self":[{"href":"https:\/\/monde25.info\/index.php\/wp-json\/wp\/v2\/posts\/3341","targetHints":{"allow":["GET"]}}],"collection":[{"href":"https:\/\/monde25.info\/index.php\/wp-json\/wp\/v2\/posts"}],"about":[{"href":"https:\/\/monde25.info\/index.php\/wp-json\/wp\/v2\/types\/post"}],"author":[{"embeddable":true,"href":"https:\/\/monde25.info\/index.php\/wp-json\/wp\/v2\/users\/1"}],"replies":[{"embeddable":true,"href":"https:\/\/monde25.info\/index.php\/wp-json\/wp\/v2\/comments?post=3341"}],"version-history":[{"count":0,"href":"https:\/\/monde25.info\/index.php\/wp-json\/wp\/v2\/posts\/3341\/revisions"}],"wp:featuredmedia":[{"embeddable":true,"href":"https:\/\/monde25.info\/index.php\/wp-json\/wp\/v2\/media\/3342"}],"wp:attachment":[{"href":"https:\/\/monde25.info\/index.php\/wp-json\/wp\/v2\/media?parent=3341"}],"wp:term":[{"taxonomy":"category","embeddable":true,"href":"https:\/\/monde25.info\/index.php\/wp-json\/wp\/v2\/categories?post=3341"},{"taxonomy":"post_tag","embeddable":true,"href":"https:\/\/monde25.info\/index.php\/wp-json\/wp\/v2\/tags?post=3341"}],"curies":[{"name":"wp","href":"https:\/\/api.w.org\/{rel}","templated":true}]}}