{"id":3343,"date":"2025-02-25T21:39:38","date_gmt":"2025-02-25T20:39:38","guid":{"rendered":"https:\/\/monde25.info\/index.php\/2025\/02\/25\/le-rond-point-de-laes-inaugure-au-burkina-faso\/"},"modified":"2025-02-25T21:39:38","modified_gmt":"2025-02-25T20:39:38","slug":"le-rond-point-de-laes-inaugure-au-burkina-faso","status":"publish","type":"post","link":"https:\/\/monde25.info\/index.php\/2025\/02\/25\/le-rond-point-de-laes-inaugure-au-burkina-faso\/","title":{"rendered":"Le \u00ab\u00a0Rond-point de l\u2019AES\u00a0\u00bb inaugur\u00e9 au Burkina Faso"},"content":{"rendered":"<p> <br \/>\n<\/p>\n<div>\n<div class=\"article__meta\" itemscope=\"\" itemtype=\"https:\/\/schema.org\/Article\">\n<p>https:\/\/fr.sputniknews.africa\/20250225\/le-rond-point-de-laes-inaugure-au-burkina-faso-1070821403.html<\/p>\n<p><a target=\"_blank\" itemprop=\"url\" href=\"https:\/\/fr.sputniknews.africa\/20250225\/le-rond-point-de-laes-inaugure-au-burkina-faso-1070821403.html\" title=\"Le \" rond-point=\"\" de=\"\" l=\"\" inaugur=\"\" au=\"\" burkina=\"\" faso=\"\"\/><\/p>\n<p>Le \u00ab\u00a0Rond-point de l\u2019AES\u00a0\u00bb inaugur\u00e9 au Burkina Faso<\/p>\n<p>Le \u00ab\u00a0Rond-point de l\u2019AES\u00a0\u00bb inaugur\u00e9 au Burkina Faso<\/p>\n<p>Sputnik Afrique<\/p>\n<p>Des habitants de Djibo, \u00e0 200 km au nord d\u2019Ouagadougou, se sont r\u00e9unis dimanche matin pour c\u00e9l\u00e9brer cet \u00e9v\u00e9nement. 25.02.2025, Sputnik Afrique<\/p>\n<p>2025-02-25T20:13+0100<\/p>\n<p>2025-02-25T20:13+0100<\/p>\n<p>2025-02-25T20:13+0100<\/p>\n<p>burkina faso<\/p>\n<p>alliance des \u00e9tats du sahel (aes)<\/p>\n<p>afrique subsaharienne<\/p>\n<p>rond-point<\/p>\n<p>https:\/\/cdn1.img.sputniknews.africa\/img\/07e9\/02\/19\/1070821942_0:0:2597:1461_1920x0_80_0_0_a4525d3c0c10c6bcc9215852fa42c260.jpg<\/p>\n<p>La construction de ce rond-point a dur\u00e9 plusieurs semaines, les travaux ayant \u00e9t\u00e9 entam\u00e9s le 28 janvier. Il a alors \u00e9t\u00e9 symboliquement rebaptis\u00e9 en hommage \u00e0 l\u2019AES.La population avait ainsi c\u00e9l\u00e9br\u00e9 la sortie des pays de l\u2019Alliance des \u00c9tats du Sahel (AES), soit le Burkina Faso, le Mali, et le Niger, de la Communaut\u00e9 \u00e9conomique des \u00c9tats de l\u2019Afrique de l\u2019Ouest (CEDEAO).<\/p>\n<p>burkina faso<\/p>\n<p>afrique subsaharienne<\/p>\n<div itemprop=\"copyrightHolder\" itemscope=\"\" itemtype=\"http:\/\/schema.org\/Organization\">\n<p>Sputnik Afrique<\/p>\n<p><a target=\"_blank\" itemprop=\"url\" href=\"https:\/\/fr.sputniknews.africa\" title=\"Sputnik Afrique\"> <\/a><\/p>\n<p>feedback.fr@sputniknews.com<\/p>\n<p>+74956456601<\/p>\n<p>MIA \u201eRossiya Segodnya\u201c<\/p>\n<p><a target=\"_blank\" itemprop=\"sameAs\" href=\"https:\/\/t.me\/sputnik_afrique\"> <\/a><a target=\"_blank\" itemprop=\"sameAs\" href=\"https:\/\/t.me\/sputnik_africa\"> <\/a><a target=\"_blank\" itemprop=\"sameAs\" href=\"https:\/\/t.me\/sputnik_ethiopia\"> <\/a><a target=\"_blank\" itemprop=\"sameAs\" href=\"https:\/\/x.com\/sputnik_afrique\"> <\/a><a target=\"_blank\" itemprop=\"sameAs\" href=\"https:\/\/x.com\/sputnik_africa\"> <\/a><\/div>\n<p>2025<\/p>\n<div itemprop=\"creator\" itemscope=\"\" itemtype=\"http:\/\/schema.org\/Organization\">\n<p>Sputnik Afrique<\/p>\n<p><a target=\"_blank\" itemprop=\"url\" href=\"https:\/\/fr.sputniknews.africa\" title=\"Sputnik Afrique\"> <\/a><\/p>\n<p>feedback.fr@sputniknews.com<\/p>\n<p>+74956456601<\/p>\n<p>MIA \u201eRossiya Segodnya\u201c<\/p>\n<p><a target=\"_blank\" itemprop=\"sameAs\" href=\"https:\/\/t.me\/sputnik_afrique\"> <\/a><a target=\"_blank\" itemprop=\"sameAs\" href=\"https:\/\/t.me\/sputnik_africa\"> <\/a><a target=\"_blank\" itemprop=\"sameAs\" href=\"https:\/\/t.me\/sputnik_ethiopia\"> <\/a><a target=\"_blank\" itemprop=\"sameAs\" href=\"https:\/\/x.com\/sputnik_afrique\"> <\/a><a target=\"_blank\" itemprop=\"sameAs\" href=\"https:\/\/x.com\/sputnik_africa\"> <\/a><\/div>\n<p>Actus<\/p>\n<p>fr_FR<\/p>\n<div itemprop=\"sourceOrganization\" itemscope=\"\" itemtype=\"http:\/\/schema.org\/Organization\">\n<p>Sputnik Afrique<\/p>\n<p><a target=\"_blank\" itemprop=\"url\" href=\"https:\/\/fr.sputniknews.africa\" title=\"Sputnik Afrique\"> <\/a><\/p>\n<p>feedback.fr@sputniknews.com<\/p>\n<p>+74956456601<\/p>\n<p>MIA \u201eRossiya Segodnya\u201c<\/p>\n<p><a target=\"_blank\" itemprop=\"sameAs\" href=\"https:\/\/t.me\/sputnik_afrique\"> <\/a><a target=\"_blank\" itemprop=\"sameAs\" href=\"https:\/\/t.me\/sputnik_africa\"> <\/a><a target=\"_blank\" itemprop=\"sameAs\" href=\"https:\/\/t.me\/sputnik_ethiopia\"> <\/a><a target=\"_blank\" itemprop=\"sameAs\" href=\"https:\/\/x.com\/sputnik_afrique\"> <\/a><a target=\"_blank\" itemprop=\"sameAs\" href=\"https:\/\/x.com\/sputnik_africa\"> <\/a><\/div>\n<p><a target=\"_blank\" itemprop=\"thumbnailUrl\" href=\"https:\/\/cdn1.img.sputniknews.africa\/img\/07e9\/02\/19\/1070821942_0:0:2597:1461_1920x0_80_0_0_a4525d3c0c10c6bcc9215852fa42c260.jpg\"\/><a target=\"_blank\" itemprop=\"thumbnailUrl\" href=\"https:\/\/cdn1.img.sputniknews.africa\/img\/07e9\/02\/19\/1070821942_435:0:2556:1591_1920x0_80_0_0_199f5ac6e4dc83934e80af84a4f43beb.jpg\">https:\/\/cdn1.img.sputniknews.africa\/img\/07e9\/02\/19\/1070821942_435:0:2556:1591_1920x0_80_0_0_199f5ac6e4dc83934e80af84a4f43beb.jpg<\/a><a target=\"_blank\" itemprop=\"thumbnailUrl\" href=\"https:\/\/cdn1.img.sputniknews.africa\/img\/07e9\/02\/19\/1070821942_700:0:2291:1591_1920x0_80_0_0_a33176bb5048fdbbc758a8f1bcb26731.jpg\" title=\"Un rond-point\"\/><\/p>\n<div itemprop=\"publisher\" itemscope=\"\" itemtype=\"http:\/\/schema.org\/Organization\">\n<p>Sputnik Afrique<\/p>\n<p><a target=\"_blank\" itemprop=\"url\" href=\"https:\/\/fr.sputniknews.africa\" title=\"Sputnik Afrique\"> <\/a><\/p>\n<p>feedback.fr@sputniknews.com<\/p>\n<p>+74956456601<\/p>\n<p>MIA \u201eRossiya Segodnya\u201c<\/p>\n<p><a target=\"_blank\" itemprop=\"sameAs\" href=\"https:\/\/t.me\/sputnik_afrique\"> <\/a><a target=\"_blank\" itemprop=\"sameAs\" href=\"https:\/\/t.me\/sputnik_africa\"> <\/a><a target=\"_blank\" itemprop=\"sameAs\" href=\"https:\/\/t.me\/sputnik_ethiopia\"> <\/a><a target=\"_blank\" itemprop=\"sameAs\" href=\"https:\/\/x.com\/sputnik_afrique\"> <\/a><a target=\"_blank\" itemprop=\"sameAs\" href=\"https:\/\/x.com\/sputnik_africa\"> <\/a><\/div>\n<p>burkina faso, alliance des \u00e9tats du sahel (aes), afrique subsaharienne, rond-point<\/p>\n<div itemprop=\"about\" itemscope=\"\" itemtype=\"https:\/\/schema.org\/Thing\">\n<p>burkina faso, alliance des \u00e9tats du sahel (aes), afrique subsaharienne, rond-point<\/p>\n<\/div>\n<\/div>\n<div class=\"article__header\">\n<p>Des habitants de Djibo, \u00e0 200 km au nord d\u2019Ouagadougou, se sont r\u00e9unis dimanche matin pour c\u00e9l\u00e9brer cet \u00e9v\u00e9nement.<\/p>\n<\/div>\n<div class=\"article__body\">\n<div class=\"article__block\" data-type=\"text\">\n<p>La construction de ce rond-point a dur\u00e9 plusieurs semaines, les travaux ayant \u00e9t\u00e9 entam\u00e9s le 28 janvier. Il a alors \u00e9t\u00e9 symboliquement rebaptis\u00e9 en hommage \u00e0 l\u2019AES.<\/p>\n<\/div>\n<div class=\"article__block\" data-type=\"text\">\n<p>La population avait ainsi c\u00e9l\u00e9br\u00e9 la sortie des pays de l\u2019Alliance des \u00c9tats du Sahel (AES), soit le Burkina Faso, le Mali, et le Niger, de la Communaut\u00e9 \u00e9conomique des \u00c9tats de l\u2019Afrique de l\u2019Ouest (CEDEAO).<\/p>\n<\/div>\n<\/div>\n<\/div>\n<p><script async=\"async\" type=\"text\/plain\" class=\"_iub_cs_activate\" data-iub-purposes=\"3\" data-suppressedsrc=\"https:\/\/connect.facebook.net\/en_US\/sdk.js#xfbml=1&amp;version=v3.2\"><\/script><br \/>\n<br \/><br \/>\n<br \/><a href=\"https:\/\/fr.sputniknews.africa\/20250225\/le-rond-point-de-laes-inaugure-au-burkina-faso-1070821403.html\" target=\"_blank\"\">Source link <\/a><\/p>\n","protected":false},"excerpt":{"rendered":"<p>https:\/\/fr.sputniknews.africa\/20250225\/le-rond-point-de-laes-inaugure-au-burkina-faso-1070821403.html Le \u00ab\u00a0Rond-point de l\u2019AES\u00a0\u00bb inaugur\u00e9 au Burkina Faso Le \u00ab\u00a0Rond-point de l\u2019AES\u00a0\u00bb inaugur\u00e9 au Burkina Faso Sputnik Afrique Des habitants de Djibo, \u00e0 200 km au nord d\u2019Ouagadougou, se&hellip; <\/p>\n","protected":false},"author":1,"featured_media":3344,"comment_status":"open","ping_status":"open","sticky":false,"template":"","format":"standard","meta":{"footnotes":""},"categories":[1],"tags":[],"class_list":["post-3343","post","type-post","status-publish","format-standard","has-post-thumbnail","hentry","category-non-classe"],"_links":{"self":[{"href":"https:\/\/monde25.info\/index.php\/wp-json\/wp\/v2\/posts\/3343","targetHints":{"allow":["GET"]}}],"collection":[{"href":"https:\/\/monde25.info\/index.php\/wp-json\/wp\/v2\/posts"}],"about":[{"href":"https:\/\/monde25.info\/index.php\/wp-json\/wp\/v2\/types\/post"}],"author":[{"embeddable":true,"href":"https:\/\/monde25.info\/index.php\/wp-json\/wp\/v2\/users\/1"}],"replies":[{"embeddable":true,"href":"https:\/\/monde25.info\/index.php\/wp-json\/wp\/v2\/comments?post=3343"}],"version-history":[{"count":0,"href":"https:\/\/monde25.info\/index.php\/wp-json\/wp\/v2\/posts\/3343\/revisions"}],"wp:featuredmedia":[{"embeddable":true,"href":"https:\/\/monde25.info\/index.php\/wp-json\/wp\/v2\/media\/3344"}],"wp:attachment":[{"href":"https:\/\/monde25.info\/index.php\/wp-json\/wp\/v2\/media?parent=3343"}],"wp:term":[{"taxonomy":"category","embeddable":true,"href":"https:\/\/monde25.info\/index.php\/wp-json\/wp\/v2\/categories?post=3343"},{"taxonomy":"post_tag","embeddable":true,"href":"https:\/\/monde25.info\/index.php\/wp-json\/wp\/v2\/tags?post=3343"}],"curies":[{"name":"wp","href":"https:\/\/api.w.org\/{rel}","templated":true}]}}