{"id":3349,"date":"2025-02-25T23:51:49","date_gmt":"2025-02-25T22:51:49","guid":{"rendered":"https:\/\/monde25.info\/index.php\/2025\/02\/25\/trump-va-t-il-provoquer-une-nouvelle-cartographie-politique-en-europe-les-moutons-enrages\/"},"modified":"2025-02-25T23:51:49","modified_gmt":"2025-02-25T22:51:49","slug":"trump-va-t-il-provoquer-une-nouvelle-cartographie-politique-en-europe-les-moutons-enrages","status":"publish","type":"post","link":"https:\/\/monde25.info\/index.php\/2025\/02\/25\/trump-va-t-il-provoquer-une-nouvelle-cartographie-politique-en-europe-les-moutons-enrages\/","title":{"rendered":"Trump va-t-il provoquer une nouvelle cartographie politique en Europe? \u2013 Les moutons enrag\u00e9s"},"content":{"rendered":"<p> <br \/>\n<\/p>\n<div>\n<p>Par <em>Germ\u00e1n Gorraiz L\u00f3pez, analyste politique<\/em> pour <a target=\"_blank\" href=\"https:\/\/www.observateur-continental.fr\/?module=articles&amp;action=view&amp;id=6675\" data-type=\"link\" data-id=\"https:\/\/www.observateur-continental.fr\/?module=articles&amp;action=view&amp;id=6675\">Observateur Continental<\/a><\/p>\n<div class=\"wp-block-image\">\n<figure class=\"aligncenter size-large is-resized\"><img fetchpriority=\"high\" decoding=\"async\" width=\"550\" height=\"330\" src=\"https:\/\/lesmoutonsenrages.fr\/wp-content\/uploads\/2025\/02\/image-87-550x330.png\" alt=\"\" class=\"wp-image-165623\" style=\"width:403px;height:auto\" srcset=\"https:\/\/lesmoutonsenrages.fr\/wp-content\/uploads\/2025\/02\/image-87-550x330.png 550w, https:\/\/lesmoutonsenrages.fr\/wp-content\/uploads\/2025\/02\/image-87-250x150.png 250w, https:\/\/lesmoutonsenrages.fr\/wp-content\/uploads\/2025\/02\/image-87-150x90.png 150w, https:\/\/lesmoutonsenrages.fr\/wp-content\/uploads\/2025\/02\/image-87.png 672w\" sizes=\"(max-width: 550px) 100vw, 550px\"\/><\/figure>\n<\/div>\n<p><strong>Apr\u00e8s les \u00e9lections allemandes, Macron et Merz pourraient mener l\u2019\u00e9norme t\u00e2che de r\u00e9affirmer la souverainet\u00e9 europ\u00e9enne face aux \u00c9tats-Unis et de construire une nouvelle carte europ\u00e9enne.<\/strong>\u00a0<\/p>\n<p>Crise d\u2019identit\u00e9 europ\u00e9enne. L\u2019Europe souffre d\u2019une crise d\u2019identit\u00e9 aigu\u00eb, aggrav\u00e9e par le conflit en Ukraine, l\u2019entr\u00e9e en r\u00e9cession de la locomotive allemande et le \u00abprocessus de balkanisation europ\u00e9enne\u00bb imagin\u00e9 par les USA, \u00e0 travers des attentats terroristes s\u00e9lectifs, la crise des r\u00e9fugi\u00e9s, l\u2019application de tarifs douaniers par Trump et le r\u00e9veil du d\u00e9sir d\u2019ind\u00e9pendance des nations europ\u00e9ennes. Les USA tentent de provoquer l\u2019\u00e9mergence de forces centrifuges qui acc\u00e9l\u00e9reront le d\u00e9membrement de l\u2019Union europ\u00e9enne actuelle.\u00a0<\/p>\n<p><a target=\"_blank\" class=\"wp-block-read-more\" href=\"https:\/\/lesmoutonsenrages.fr\/2025\/02\/25\/trump-va-t-il-provoquer-une-nouvelle-cartographie-politique-en-europe\/\" target=\"_self\">Lire la suite<span class=\"screen-reader-text\">\u00a0: Trump va-t-il provoquer une nouvelle cartographie politique en Europe?<\/span><\/a><\/p>\n<p>L\u2019axe Paris-Berlin comme colonne vert\u00e9brale de la nouvelle Europe? La victoire des conservateurs de Friedrich Merz aux \u00e9lections allemandes de dimanche laisse esp\u00e9rer \u00e0 Paris que le tandem franco-allemand conna\u00eetra un nouveau souffle sous la chancellerie de Merz, apr\u00e8s trois ann\u00e9es d\u00e9sastreuses sous Olaf Scholz.\u00a0<\/p>\n<p>Paris mise sur Merz que beaucoup d\u2019observateurs consid\u00e8rent comme un candidat plus appropri\u00e9 pour Macron, car tous deux \u00abpartagent la conviction que l\u2019Europe a besoin de cette relation franco-allemande pour faire la diff\u00e9rence\u00bb, <a target=\"_blank\" href=\"https:\/\/www.euractiv.fr\/section\/elections\/news\/a-lapproche-des-elections-allemandes-paris-espere-une-renaissance-du-couple-franco-allemand\/\" target=\"_blank\" rel=\"noreferrer noopener\">a d\u00e9clar\u00e9<\/a>\u00a0le ministre fran\u00e7ais de l\u2019UE, Benjamin Haddad.\u00a0<\/p>\n<p>Merz a d\u00e9clar\u00e9\u00a0que l\u2019Allemagne et la France doivent <a target=\"_blank\" href=\"https:\/\/www.inforadio.de\/rubriken\/interviews\/2024\/05\/24\/friedrich-merz-cdu-deutschland-besuch-macron-frankreich.html\" target=\"_blank\" rel=\"noreferrer noopener\">avancer ensemble<\/a> montrant son soutien \u00e0 Emmanuel Macron.\u00a0<\/p>\n<p>Merz a \u00e9galement promis\u00a0que <a target=\"_blank\" href=\"https:\/\/www.bild.de\/politik\/inland\/nach-paris-und-warschau-merz-plant-seine-ersten-reisen-als-kanzler-67b98e7f59401b1aa0c8012f\" target=\"_blank\" rel=\"noreferrer noopener\">son premier voyage<\/a> en tant que chancelier serait Paris et la Pologne, ce qui a suscit\u00e9 des espoirs europ\u00e9ens \u00e0 l\u2019Elys\u00e9e.\u00a0<\/p>\n<p>La guerre commerciale entre l\u2019UE et les \u00c9tats-Unis va-t-elle d\u00e9clencher une r\u00e9affirmation tardive de la souverainet\u00e9 europ\u00e9enne? L\u2019instauration\u00a0par Trump de <a target=\"_blank\" href=\"https:\/\/www.touteleurope.eu\/l-ue-dans-le-monde\/l-ue-prete-a-contre-attaquer-face-aux-nouvelles-taxes-de-trump-sur-l-acier-et-l-aluminium\/\" target=\"_blank\" rel=\"noreferrer noopener\">tarifs douaniers<\/a> de 25% sur l\u2019acier et l\u2019aluminium europ\u00e9ens et de tarifs pr\u00e9visibles de 10% sur les industries automobile, \u00e9olienne et pharmaceutique pourrait conduire \u00e0 une d\u00e9saffection europ\u00e9enne envers les \u00c9tats-Unis et \u00e0 une r\u00e9affirmation tardive de la souverainet\u00e9 europ\u00e9enne par la France et l\u2019Allemagne, ce qui serait la gen\u00e8se d\u2019un nouveau projet europ\u00e9en.\u00a0<\/p>\n<p>Ainsi, suite \u00e0 la signature d\u2019un accord de paix en Ukraine, nous pourrions assister, d\u2019ici 2030, au d\u00e9membrement de l\u2019actuelle Union europ\u00e9enne et \u00e0 son remplacement par une constellation de pays satellites dans l\u2019orbite de l\u2019alliance franco-allemande (la soi-disant Europe des Six), compos\u00e9e de la France, de l\u2019Allemagne, de la Belgique, des Pays-Bas, du Luxembourg et de l\u2019Autriche.\u00a0<\/p>\n<p>Le reste des pays p\u00e9riph\u00e9riques europ\u00e9ens (Portugal, Espagne, Irlande, Italie, Gr\u00e8ce, Slov\u00e9nie, Malte et Chypre) graviteront dans les anneaux orbitaux des Six. L\u2019embryon de la nouvelle Europe sera dirig\u00e9 par Macron et Merz et sera marqu\u00e9 par la ratification de la politique de bon voisinage avec la Russie, \u00e0 travers la signature d\u2019accords pr\u00e9f\u00e9rentiels avec la France et l\u2019Allemagne pour assurer l\u2019approvisionnement en gaz et p\u00e9trole russes et accro\u00eetre les \u00e9changes commerciaux ainsi que par la cr\u00e9ation d\u2019une arm\u00e9e europ\u00e9enne en dehors de l\u2019OTAN.\u00a0<\/p>\n<p>Les pays p\u00e9riph\u00e9riques (Italie, Gr\u00e8ce, Portugal, Espagne, Irlande, Malte et Chypre) devront revenir \u00e0 leurs monnaies nationales et subir la d\u00e9pr\u00e9ciation ult\u00e9rieure de celles-ci, la r\u00e9gression aux niveaux de revenus typiques des ann\u00e9es 1990 et le d\u00e9but de l\u2019exode vers les zones rurales d\u2019une population urbaine touch\u00e9e par l\u2019asphyxie \u00e9conomique, la saisie des maisons et l\u2019inscription sur les listes de ch\u00f4mage, avec pour cons\u00e9quence la revitalisation de grandes zones rurales, le rajeunissement de leur population et le retour \u00e0 des sc\u00e9narios d\u00e9j\u00e0 oubli\u00e9s d\u2019une \u00e9conomie autarcique.\u00a0<\/p>\n<p>Pendant ce temps, les pays nordiques seraient int\u00e9gr\u00e9s \u00e0 la F\u00e9d\u00e9ration scandinave (Norv\u00e8ge, Su\u00e8de, Danemark, Finlande, Islande, Lettonie, Estonie et Lituanie) et les pays d\u2019Europe centrale et orientale, qui s\u2019\u00e9tendraient de la Pologne \u00e0 la nouvelle Ukraine, en passant par la R\u00e9publique tch\u00e8que, la Slovaquie, la Hongrie, la Roumanie et la Bulgarie, pourraient osciller entre l\u2019orbite russe et am\u00e9ricaine.\u00a0<\/p>\n<p>De son c\u00f4t\u00e9, apr\u00e8s le Brexit, le Royaume-Uni tentera de combiner des accords commerciaux avec les Six europ\u00e9ens et les \u00c9tats-Unis, ainsi que de piloter le vaisseau amiral d\u2019un Commonwealth revitalis\u00e9.\u00a0<\/p>\n<p>En bref, apr\u00e8s les \u00e9lections allemandes, Macron et Merz pourraient mener l\u2019\u00e9norme t\u00e2che de r\u00e9affirmer la souverainet\u00e9 europ\u00e9enne face aux \u00c9tats-Unis et de construire une nouvelle architecture g\u00e9opolitique en Europe.\u00a0<\/p>\n<p><em>Germ\u00e1n Gorraiz L\u00f3pez, analyste politique<\/em><\/p>\n<p>Tous les articles, la tribune libre et commentaires sont sous la responsabilit\u00e9 de leurs auteurs. Les Moutons Enrag\u00e9s ne sauraient \u00eatre tenus responsables de leur contenu ou orientation.<\/p>\n<\/p><\/div>\n<p><br \/>\n<br \/><a href=\"https:\/\/lesmoutonsenrages.fr\/2025\/02\/25\/trump-va-t-il-provoquer-une-nouvelle-cartographie-politique-en-europe\/\" target=\"_blank\"\">Source link <\/a><\/p>\n","protected":false},"excerpt":{"rendered":"<p>Par Germ\u00e1n Gorraiz L\u00f3pez, analyste politique pour Observateur Continental Apr\u00e8s les \u00e9lections allemandes, Macron et Merz pourraient mener l\u2019\u00e9norme t\u00e2che de r\u00e9affirmer la souverainet\u00e9 europ\u00e9enne face aux \u00c9tats-Unis et de&hellip; <\/p>\n","protected":false},"author":1,"featured_media":3350,"comment_status":"open","ping_status":"open","sticky":false,"template":"","format":"standard","meta":{"footnotes":""},"categories":[1],"tags":[],"class_list":["post-3349","post","type-post","status-publish","format-standard","has-post-thumbnail","hentry","category-non-classe"],"_links":{"self":[{"href":"https:\/\/monde25.info\/index.php\/wp-json\/wp\/v2\/posts\/3349","targetHints":{"allow":["GET"]}}],"collection":[{"href":"https:\/\/monde25.info\/index.php\/wp-json\/wp\/v2\/posts"}],"about":[{"href":"https:\/\/monde25.info\/index.php\/wp-json\/wp\/v2\/types\/post"}],"author":[{"embeddable":true,"href":"https:\/\/monde25.info\/index.php\/wp-json\/wp\/v2\/users\/1"}],"replies":[{"embeddable":true,"href":"https:\/\/monde25.info\/index.php\/wp-json\/wp\/v2\/comments?post=3349"}],"version-history":[{"count":0,"href":"https:\/\/monde25.info\/index.php\/wp-json\/wp\/v2\/posts\/3349\/revisions"}],"wp:featuredmedia":[{"embeddable":true,"href":"https:\/\/monde25.info\/index.php\/wp-json\/wp\/v2\/media\/3350"}],"wp:attachment":[{"href":"https:\/\/monde25.info\/index.php\/wp-json\/wp\/v2\/media?parent=3349"}],"wp:term":[{"taxonomy":"category","embeddable":true,"href":"https:\/\/monde25.info\/index.php\/wp-json\/wp\/v2\/categories?post=3349"},{"taxonomy":"post_tag","embeddable":true,"href":"https:\/\/monde25.info\/index.php\/wp-json\/wp\/v2\/tags?post=3349"}],"curies":[{"name":"wp","href":"https:\/\/api.w.org\/{rel}","templated":true}]}}