{"id":3355,"date":"2025-02-26T02:36:46","date_gmt":"2025-02-26T01:36:46","guid":{"rendered":"https:\/\/monde25.info\/index.php\/2025\/02\/26\/a-bure-la-lutte-antinucleaire-se-reinvente\/"},"modified":"2025-02-26T02:36:46","modified_gmt":"2025-02-26T01:36:46","slug":"a-bure-la-lutte-antinucleaire-se-reinvente","status":"publish","type":"post","link":"https:\/\/monde25.info\/index.php\/2025\/02\/26\/a-bure-la-lutte-antinucleaire-se-reinvente\/","title":{"rendered":"\u00e0 Bure, la lutte antinucl\u00e9aire se r\u00e9invente"},"content":{"rendered":"<p> <br \/>\n<\/p>\n<div>\n<p class=\"indication_lieu\">Bure (Meuse), reportage<\/p>\n<p>Il y a comme un air de printemps anticip\u00e9, ce dimanche 23\u00a0f\u00e9vrier \u00e0 Bure (Meuse). Les bancs de la\u00a0Maison de r\u00e9sistance \u00e0 la poubelle nucl\u00e9aire\u00a0ont \u00e9t\u00e9 sortis pour prendre le d\u00e9jeuner \u2014 une assiette de l\u00e9gumes et de pois chiches \u2014 au soleil. Un border collie fl\u00e2ne, \u00e0 la recherche de caresses, entre les jambes des militants et militantes. Ils et elles ferment les yeux, aveugl\u00e9s par la lumi\u00e8re r\u00e9chauffante, profitant de cet interm\u00e8de pour reprendre des forces entre deux conf\u00e9rences et d\u00e9bats.<\/p>\n<p><i>\u00ab<small class=\"fine d-inline\">\u00a0<\/small>Je me sens d\u00e9bord\u00e9e d\u2019infos<small class=\"fine d-inline\">\u00a0<\/small>\u00bb<\/i>, raconte en souriant L\u2019Arnaque<span class=\"spip_note_ref\">\u00a0[<a target=\"_blank\" href=\"#nb1\" class=\"spip_note\" rel=\"appendix\" title=\"Son pseudonyme.\" id=\"nh1\">1<\/a>]<\/span>. La jeune femme de 27 ans a parcouru plusieurs centaines de kilom\u00e8tres pour venir participer aux Bestiales, les <i>\u00ab<small class=\"fine d-inline\">\u00a0<\/small>rencontres antisp\u00e9cistes et antiautoritaires<small class=\"fine d-inline\">\u00a0<\/small>\u00bb<\/i>, qui se tenaient du 20 au 24\u00a0f\u00e9vrier. Pour elle, tout est nouveau. <i>\u00ab<small class=\"fine d-inline\">\u00a0<\/small>J\u2019ai appris le terme \u201cantisp\u00e9cisme\u201d [la pens\u00e9e selon laquelle l\u2019appartenance \u00e0 une esp\u00e8ce ne peut justifier des in\u00e9galit\u00e9s de consid\u00e9ration ou de traitement] il y a quelques semaines seulement<\/i>, confie-t-elle. <i>C\u2019\u00e9tait une r\u00e9flexion que j\u2019avais quand j\u2019\u00e9tais gamine, mais je n\u2019avais pas encore mis de mot dessus.<small class=\"fine d-inline\">\u00a0<\/small>\u00bb<\/i><\/p>\n<p><a target=\"_blank\" href=\"https:\/\/reporterre.net\/Liberation-animale-et-lutte-des-classes-une-histoire-commune\" class=\"lien_lireaussi\"><strong>Lire aussi : <\/strong> <span>Lib\u00e9ration animale et lutte des classes, une histoire commune<\/span><\/a><\/p>\n<p>Comme L\u2019Arnaque, quasiment 200 personnes ont fait le d\u00e9placement sur l\u2019ensemble du week-end pour apprendre et \u00e9changer sur le sujet. Les profils sont vari\u00e9s\u00a0: de simples curieux aux antisp\u00e9cistes convaincus, certains venus par les milieux \u00e9cof\u00e9ministes, d\u2019autres par la lutte antinucl\u00e9aire.<\/p>\n<p><i>\u00ab<small class=\"fine d-inline\">\u00a0<\/small>\u00c7a a du sens de venir parler d\u2019antisp\u00e9cisme ici, dans cet endroit qui parle de diff\u00e9rentes luttes<small class=\"fine d-inline\">\u00a0<\/small>\u00bb<\/i>, souligne Gab<span class=\"spip_note_ref\">\u00a0[<a target=\"_blank\" href=\"#nb_2A\" class=\"spip_note\" rel=\"appendix\" title=\"Le pr\u00e9nom a \u00e9t\u00e9 modifi\u00e9 \u00e0 sa demande.\" id=\"nh_2A\">*<\/a>]<\/span>. La\u00a0Maison de r\u00e9sistance \u00e0 la poubelle nucl\u00e9aire\u00a0est une ancienne ferme en ruine, rachet\u00e9e en 2004 et remise en \u00e9tat par des militantes et militants, <a target=\"_blank\" href=\"https:\/\/reporterre.net\/A-Bure-une-fleur-de-resistance-s-epanouit-contre-les-dechets-nucleaires\">pour fournir un toit aux personnes<\/a> voulant lutter contre Cig\u00e9o, <a target=\"_blank\" href=\"https:\/\/reporterre.net\/Dechets-radioactifs-plongee-au-coeur-de-Cigeo-projet-colossal-d-enfouissement\">le projet d\u2019enfouissement des d\u00e9chets nucl\u00e9aires<\/a> pr\u00e9vu \u00e0 Bure.<\/p>\n<h2 class=\"spip\">\u00ab<small class=\"fine d-inline\">\u00a0<\/small>Des mutations chez les papillons irradi\u00e9s<small class=\"fine d-inline\">\u00a0<\/small>\u00bb <\/h2>\n<p><i>\u00ab<small class=\"fine d-inline\">\u00a0<\/small>Les animaux aussi d\u00e9testent le nucl\u00e9aire<small class=\"fine d-inline\">\u00a0<\/small>\u00bb<\/i>, rappellent les organisateurs et organisatrices des Bestiales, \u00e0 l\u2019occasion de conf\u00e9rences et <a target=\"_blank\" href=\"https:\/\/bureburebure.info\/brochure-les-animaux-detestent-le-nucleaire-et-vice-versa\/\" class=\"spip_out\" rel=\"external\">dans des brochures<\/a> mises \u00e0 disposition. En raison des catastrophes nucl\u00e9aires bien s\u00fbr \u2014 des \u00e9tudes ont par exemple relev\u00e9 des mutations chez <a target=\"_blank\" href=\"https:\/\/www.lemonde.fr\/planete\/article\/2012\/08\/15\/des-papillons-mutants-autour-de-fukushima_1746252_3244.html\" class=\"spip_out\" rel=\"external\">des papillons irradi\u00e9s autour de Fukushima<\/a> (Japon) ou <a target=\"_blank\" href=\"https:\/\/www.liberation.fr\/sciences\/1997\/10\/14\/hirondelles-mutantes-a-tchernobyl_219431\/\" class=\"spip_out\" rel=\"external\">des hirondelles \u00e0 Tchernobyl<\/a> (Ukraine) \u2014 mais aussi des cons\u00e9quences de l\u2019activit\u00e9 nucl\u00e9aire civile quotidienne. <a target=\"_blank\" href=\"https:\/\/www.mediapart.fr\/journal\/france\/010820\/des-millions-de-poissons-pris-au-piege-des-centrales-nucleaires-en-france\" class=\"spip_out\" rel=\"external\">Un article de <i>Mediapart<\/i><\/a> a par exemple r\u00e9v\u00e9l\u00e9, en 2020, que des millions de poissons sont pris au pi\u00e8ge et meurent chaque ann\u00e9e dans les syst\u00e8mes de refroidissement des r\u00e9acteurs nucl\u00e9aires fran\u00e7ais.<\/p>\n<p><i>\u00ab<small class=\"fine d-inline\">\u00a0<\/small>Le concept du nucl\u00e9aire, c\u2019est de sacrifier des espaces et des vies au profit d\u2019autres. C\u2019est donc forc\u00e9ment sp\u00e9ciste et colonialiste<small class=\"fine d-inline\">\u00a0<\/small>\u00bb<\/i>, affirme un militant. Et de conclure\u00a0: <i>\u00ab<small class=\"fine d-inline\">\u00a0<\/small>Les luttes antisp\u00e9cistes doivent \u00eatre antinucl\u00e9aires, et les luttes antinucl\u00e9aires doivent prendre en compte les autres esp\u00e8ces.<small class=\"fine d-inline\">\u00a0<\/small>\u00bb<\/i><\/p>\n<blockquote class=\"spip\">\n<p>\u00ab<small class=\"fine d-inline\">\u00a0<\/small>L\u2019antisp\u00e9cisme est une lutte contre un \u00e9ni\u00e8me syst\u00e8me d\u2019oppression<small class=\"fine d-inline\">\u00a0<\/small>\u00bb<\/p>\n<\/blockquote>\n<p>\u00c0 la sortie des diff\u00e9rentes discussions, c\u2019est cette notion de convergence des luttes qui semble avoir marqu\u00e9 les esprits. <i>\u00ab<small class=\"fine d-inline\">\u00a0<\/small>Dans un \u00e9cosyst\u00e8me, il y a constamment des interactions entre les diff\u00e9rentes esp\u00e8ces vivantes. Ce qui va avoir un impact sur les humains en aura aussi sur les animaux non humains, et on doit aussi lutter contre<small class=\"fine d-inline\">\u00a0<\/small>\u00bb<\/i>, pense Nico.<\/p>\n<p><i>\u00ab<small class=\"fine d-inline\">\u00a0<\/small>Le sp\u00e9cisme, c\u2019est l\u2019humain qui s\u2019est senti sup\u00e9rieur par rapport \u00e0 d\u2019autres esp\u00e8ces<\/i>, r\u00e9sume Gab. <i>Il s\u2019est appropri\u00e9 la nature pour dire \u201cC\u2019est mon habitation, j\u2019en fais ce que je veux\u201d. Des colons ont fait la m\u00eame chose, ils sont all\u00e9s dans des endroits et ont dit \u201cC\u2019est chez nous\u201d, avec le m\u00eame ressenti de sup\u00e9riorit\u00e9. Ce sont des discours et des luttes qui sont tr\u00e8s li\u00e9s.<small class=\"fine d-inline\">\u00a0<\/small>\u00bb<\/i> <i>\u00ab<small class=\"fine d-inline\">\u00a0<\/small>L\u2019antisp\u00e9cisme est une lutte contre un \u00e9ni\u00e8me syst\u00e8me d\u2019oppression<small class=\"fine d-inline\">\u00a0<\/small>\u00bb<\/i>, synth\u00e9tise L\u2019Arnaque.<\/p>\n<h2 class=\"spip\">Le boycott, et apr\u00e8s<small class=\"fine d-inline\">\u00a0<\/small>? <\/h2>\n<p>Pendant cinq jours, les conf\u00e9rences et d\u00e9bats ont donc m\u00eal\u00e9 diff\u00e9rentes luttes, comme l\u2019antiracisme \u2014 en abordant l\u2019antitziganisme parfois pr\u00e9sent dans le milieu de la protection animale, sous couvert qu\u2019ils s\u2019occuperaient mal de leurs animaux. <i>\u00ab<small class=\"fine d-inline\">\u00a0<\/small>C\u2019est g\u00e9nial de r\u00e9ussir \u00e0 cr\u00e9er des dialogues, m\u00eame sur des sujets compliqu\u00e9s<small class=\"fine d-inline\">\u00a0<\/small>\u00bb<\/i>, se r\u00e9jouit Lau.<\/p>\n<p>Malgr\u00e9 la diversit\u00e9 des discussions et des conf\u00e9rences propos\u00e9es, les participants et participantes ont fait part de quelques manques en fin de journ\u00e9e. Des d\u00e9bats pour r\u00e9fl\u00e9chir \u00e0 la fa\u00e7on d\u2019inclure les \u00e9leveurs et \u00e9leveuses dans la transition antisp\u00e9ciste, par exemple, ou des questionnements au <i>\u00ab<small class=\"fine d-inline\">\u00a0<\/small>niveau organisationnel<small class=\"fine d-inline\">\u00a0<\/small>\u00bb<\/i>. <i>\u00ab<small class=\"fine d-inline\">\u00a0<\/small>Que doit-on faire pour \u00e9tablir un rapport de force, pour faire des actions, pour avoir un impact concret au-del\u00e0 du seul <a target=\"_blank\" href=\"https:\/\/reporterre.net\/Devenir-vegane-quatre-galeres-et-leurs-solutions\">boycott [des produits d\u2019origine animale]<\/a> sur toute l\u2019industrie sp\u00e9ciste<small class=\"fine d-inline\">\u00a0<\/small>?<small class=\"fine d-inline\">\u00a0<\/small>\u00bb<\/i> interroge Gab.<\/p>\n<p>Quelques bribes de r\u00e9ponse ont \u00e9t\u00e9 trouv\u00e9es\u00a0: politiser les <i>\u00ab<small class=\"fine d-inline\">\u00a0<\/small>cantines v\u00e9ganes<small class=\"fine d-inline\">\u00a0<\/small>\u00bb<\/i> dans les lieux de luttes \u2014 en clair, expliquer pourquoi l\u2019alimentation propos\u00e9e est d\u2019origine v\u00e9g\u00e9tale et faire de l\u2019\u00e9ducation populaire massive sur l\u2019antisp\u00e9cisme aupr\u00e8s des militants et militantes \u2014<small class=\"fine d-inline\">\u00a0<\/small>; se mettre en lien avec les travailleurs et travailleuses des abattoirs pour en faire des alli\u00e9s\u2026<\/p>\n<p>Autant de pistes qui vont (peut-\u00eatre) infuser dans les esprits des militants et militants. Et m\u00eame des n\u00e9ophytes. <i>\u00ab<small class=\"fine d-inline\">\u00a0<\/small>Un truc est en train de se d\u00e9bloquer dans ma t\u00eate<\/i>, se r\u00e9jouit L\u2019Arnaque. <i>Je sens que je vais \u00eatre plus fluide et pouvoir avancer dans ma d\u00e9marche de lutte.<small class=\"fine d-inline\">\u00a0<\/small>\u00bb<\/i> Reste \u00e0 voir si l\u2019antisp\u00e9cisme r\u00e9ussira r\u00e9ellement \u00e0 trouver une place au sein des autres r\u00e9sistances.<\/p>\n<aside class=\"boite_encarts\">\n<div class=\"encart encart_gris noprint\">\n<p><strong>Puisque vous \u00eates l\u00e0&#8230;<\/strong><\/p>\n<p>&#8230; nous avons un petit service \u00e0 vous demander.<br class=\"autobr\"\/><br \/>\nEntre la pr\u00e9sence d\u2019un climatosceptique \u00e0 la t\u00eate de la premi\u00e8re puissance mondiale, un gouvernement fran\u00e7ais qui flirte avec l\u2019extr\u00eame-droite, et les catastrophes climatiques qui s\u2019enchainent&#8230; Faire vivre l\u2019\u00e9cologie dans le d\u00e9bat public est un enjeu crucial.<\/p>\n<p>Personne ne modifie ce que nous publions. Nous n\u2019avons ni actionnaire, ni propri\u00e9taire milliardaire \u2014 seulement une \u00e9quipe d\u2019irr\u00e9ductibles journalistes, pleine de d\u00e9termination.<\/p>\n<p>Nous avons la conviction que l\u2019urgence \u00e9cologique est l\u2019enjeu majeur de notre \u00e9poque. Et comme plus de 2 millions de lectrices et lecteurs chaque mois, vous partagez sans doute cette conviction&#8230;<\/p>\n<p><strong>Depuis 12 ans, nous publions des articles de qualit\u00e9 sur l\u2019\u00e9cologie, en acc\u00e8s libre et sans publicit\u00e9, pour tous.<\/strong><br class=\"autobr\"\/><br \/>\nMais ce travail demande beaucoup de temps et de ressources.<\/p>\n<p>Alors, si vous en avez les moyens, sachez qu\u2019un don, m\u00eame d\u20191\u20ac, est un acte de soutien fort pour l\u2019\u00e9cologie et le journalisme ind\u00e9pendant.<br class=\"autobr\"\/><br \/>\n(Et \u00e7a vous prendra moins de temps que la lecture de ce texte).<\/p>\n<p><strong>Si vous le pouvez, choisissez un soutien mensuel. Merci.<\/strong><\/p>\n<p><a target=\"_blank\" href=\"https:\/\/reporterre.net\/dons\" class=\"bt_soutenir\">Je soutiens <i>Reporterre<\/i><\/a><\/p>\n<\/p><\/div>\n<div class=\"encart encart_vert noprint montre_1023\">\n<div class=\"infolettre-form-container noprint\">\n<p>Abonnez-vous \u00e0 la lettre d\u2019info de Reporterre<\/p>\n<\/div><\/div>\n<\/aside>\n<aside class=\"boite_apresarticle encart_note\">\n<h4>Apr\u00e8s cet article<\/h4>\n<p>      <a target=\"_blank\" href=\"https:\/\/reporterre.net\/En-Normandie-une-communaute-anarchiste-repense-la-vie-avec-les-animaux\" class=\"lien_article\">\n      <picture class=\"vignette_gauche\"><source type=\"image\/webp\" srcset=\"https:\/\/reporterre.net\/local\/cache-vignettes\/L450xH300\/i76a6013_laurane-36145.jpg@.webp?1737372580\"><img decoding=\"async\" src=\"https:\/\/reporterre.net\/local\/cache-vignettes\/L450xH300\/i76a6013_laurane-36145.jpg?1737372580\" width=\"450\" height=\"300\" alt=\"\" class=\"marge12\" loading=\"lazy\"\/><br \/>\n<\/source><\/picture>\n<p class=\"libelle\">\n<p>          Reportage \u2014<\/p>\n<p>      Animaux\n    <\/p>\n<p class=\"titre pol20\">En Normandie, une communaut\u00e9 anarchiste repense la vie avec les animaux<\/p>\n<p>      <\/a><br \/>\n    <\/aside>\n<aside class=\"boite_complement texte\">\n<div class=\"encart_note\">\n<h4>Notes<\/h4>\n<div id=\"nb_2A\">\n<p><span class=\"spip_note_ref\">[<a target=\"_blank\" href=\"#nh_2A\" class=\"spip_note\" title=\"Notes _2A\" rev=\"appendix\">*<\/a>]\u00a0<\/span>Le pr\u00e9nom a \u00e9t\u00e9 modifi\u00e9 \u00e0 sa demande.<\/p>\n<\/div><\/div>\n<p>      <!-- zone_forum --><br \/>\n          <\/aside>\n<aside class=\"boite_lireaussi noprint\">\n<\/aside>\n<aside class=\"colonne\">\n<div class=\"article_info cache_1023 noprint\">\n<p>    <span class=\"date\">25 f\u00e9vrier 2025  \u00e0 16h26<\/span><\/p>\n<p>    <span class=\"date_modif\">Mis \u00e0 jour le 25 f\u00e9vrier 2025 \u00e0 17h36<\/span>      <\/p>\n<p class=\"duree_lecture\">\n        Dur\u00e9e de lecture : 5 minutes\n      <\/p>\n<\/p><\/div>\n<div class=\"bloc_infolettre\">\n<div class=\"infolettre-form-container noprint\">\n<p>Abonnez-vous \u00e0 la lettre d\u2019info de Reporterre<\/p>\n<\/div><\/div>\n<\/aside>\n<div id=\"galerie\">\n  <img decoding=\"async\" src=\"\" class=\"principale\" id=\"principale\"\/><\/p>\n<p id=\"legende\">legende<\/p>\n<\/div>\n<footer class=\"noprint\">\n<\/footer>\n<\/div>\n<p><br \/>\n<br \/><a href=\"https:\/\/reporterre.net\/Les-animaux-detestent-le-nucleaire-a-Bure-la-lutte-antinucleaire-se-reinvente\" target=\"_blank\"\">Source link <\/a><\/p>\n","protected":false},"excerpt":{"rendered":"<p>Bure (Meuse), reportage Il y a comme un air de printemps anticip\u00e9, ce dimanche 23\u00a0f\u00e9vrier \u00e0 Bure (Meuse). Les bancs de la\u00a0Maison de r\u00e9sistance \u00e0 la poubelle nucl\u00e9aire\u00a0ont \u00e9t\u00e9 sortis&hellip; <\/p>\n","protected":false},"author":1,"featured_media":3356,"comment_status":"open","ping_status":"open","sticky":false,"template":"","format":"standard","meta":{"footnotes":""},"categories":[1],"tags":[],"class_list":["post-3355","post","type-post","status-publish","format-standard","has-post-thumbnail","hentry","category-non-classe"],"_links":{"self":[{"href":"https:\/\/monde25.info\/index.php\/wp-json\/wp\/v2\/posts\/3355","targetHints":{"allow":["GET"]}}],"collection":[{"href":"https:\/\/monde25.info\/index.php\/wp-json\/wp\/v2\/posts"}],"about":[{"href":"https:\/\/monde25.info\/index.php\/wp-json\/wp\/v2\/types\/post"}],"author":[{"embeddable":true,"href":"https:\/\/monde25.info\/index.php\/wp-json\/wp\/v2\/users\/1"}],"replies":[{"embeddable":true,"href":"https:\/\/monde25.info\/index.php\/wp-json\/wp\/v2\/comments?post=3355"}],"version-history":[{"count":0,"href":"https:\/\/monde25.info\/index.php\/wp-json\/wp\/v2\/posts\/3355\/revisions"}],"wp:featuredmedia":[{"embeddable":true,"href":"https:\/\/monde25.info\/index.php\/wp-json\/wp\/v2\/media\/3356"}],"wp:attachment":[{"href":"https:\/\/monde25.info\/index.php\/wp-json\/wp\/v2\/media?parent=3355"}],"wp:term":[{"taxonomy":"category","embeddable":true,"href":"https:\/\/monde25.info\/index.php\/wp-json\/wp\/v2\/categories?post=3355"},{"taxonomy":"post_tag","embeddable":true,"href":"https:\/\/monde25.info\/index.php\/wp-json\/wp\/v2\/tags?post=3355"}],"curies":[{"name":"wp","href":"https:\/\/api.w.org\/{rel}","templated":true}]}}