{"id":3357,"date":"2025-02-26T03:10:24","date_gmt":"2025-02-26T02:10:24","guid":{"rendered":"https:\/\/monde25.info\/index.php\/2025\/02\/26\/une-folle-journee-de-votes-a-lonu-et-a-la-verkhovna-rada-dukraine\/"},"modified":"2025-02-26T03:10:24","modified_gmt":"2025-02-26T02:10:24","slug":"une-folle-journee-de-votes-a-lonu-et-a-la-verkhovna-rada-dukraine","status":"publish","type":"post","link":"https:\/\/monde25.info\/index.php\/2025\/02\/26\/une-folle-journee-de-votes-a-lonu-et-a-la-verkhovna-rada-dukraine\/","title":{"rendered":"Une folle journ\u00e9e de votes \u00e0 l\u2019ONU et \u00e0 la Verkhovna Rada d\u2019Ukraine"},"content":{"rendered":"<p> <br \/>\n<\/p>\n<div>\n<ol class=\"campaign-loop campaign-list\">\n<li id=\"campaign-433393\" class=\"post-433393 campaign type-campaign status-publish hentry campaign-has-goal campaign-has-not-achieved-goal campaign-has-end-date campaign-has-not-ended\">\n\t<a target=\"_blank\" href=\"https:\/\/reseauinternational.net\/campaigns\/campagne-de-dons-decembre-2024\/\"><\/p>\n<h3>Soutenez R\u00e9seau International.<\/h3>\n<p>\t\t\t<\/a><\/p>\n<p>\n\tChers amis lecteurs, C\u2019est gr\u00e2ce \u00e0 vos dons que nous pouvons garder notre ind\u00e9pendance et\u00a0 vous fournir le meilleur de l\u2019information internationale alternative. Votre soutien nous est indispensable; nous comptons sur vous.<\/p>\n<\/li>\n<\/ol>\n<p>\u00c0 l\u2019assembl\u00e9e g\u00e9n\u00e9rale de l\u2019ONU : les \u00c9tats-Unis s\u2019abstiennent face \u00e0 leur propre motion et votent contre celle de l\u2019Europe et de l\u2019Ukraine, le tout avec un maximum d\u2019abstentions. \u00c0 la Verkhovna Rada d\u2019Ukraine, Zelenski n\u2019obtient pas le prolongement de son mandat. Pas de quoi se r\u00e9jouir, car \u00e7a peut devenir pire\u2026 On attend les r\u00e9sultats de l\u2019exp\u00e9dition de Macron pour convaincre Trump. Mais on peut signaler \u00e0 nos concitoyens que le seul chef de parti qui a eu une position susceptible d\u2019aller vers la paix lors de la discussion avec ledit Macron s\u2019av\u00e8re bien \u00eatre Fabien Roussel. Tous les autres ont particip\u00e9 \u00e0 leur mani\u00e8re \u00e0 cette situation o\u00f9 la corruption le dispute \u00e0 la surench\u00e8re dans la d\u00e9b\u00e2cle.<\/p>\n<p>Alors que les principales r\u00e9solutions de l\u2019Assembl\u00e9e des Nations Unies depuis f\u00e9vrier 2022 r\u00e9clamant la fin de la guerre et le respect de l\u2019int\u00e9grit\u00e9 territoriale de l\u2019Ukraine avaient recueilli jusqu\u2019ici autour de 140 voix, la r\u00e9solution pr\u00e9sent\u00e9e par l\u2019Europe et l\u2019Ukraine n\u2019a recueilli que 93 voix pour, 18 contre et 65 abstentions. On sait que ces 140 voix pour se divisent ensuite entre ceux qui veulent des sanctions et les autres qui rappellent simplement les principes de la charte des Nations Unies.<\/p>\n<p>il est vrai que ces votes sont intervenus dans une rare confusion puisque pour la premi\u00e8re non seulement les \u00c9tats-Unis ont vot\u00e9 contre mais ils ont menac\u00e9 d\u2019exercer leur droit de veto au conseil de s\u00e9curit\u00e9.<\/p>\n<p>Mais incontestablement c\u2019est l\u2019imbroglio autour de la motion pr\u00e9sent\u00e9e par les USA, qui est du jamais vu, les \u00c9tats- Unis ont pr\u00e9sent\u00e9 un tr\u00e8s court texte qui demandait \u00ab<em>instamment qu\u2019il soit mis fin au conflit dans les plus brefs d\u00e9lais et plaide pour une paix durable\u00bb n\u2019a pas \u00e9t\u00e9 mis aux voix tel quel. Il a en effet \u00e9t\u00e9 largement modifi\u00e9 par plusieurs amendements de pays europ\u00e9ens pointant clairement du doigt la Russie pour ce conflit, affirmant son attachement \u00e0 l\u2019int\u00e9grit\u00e9 territoriale de l\u2019Ukraine et r\u00e9clamant une \u00abpaix juste<\/em>\u00bb.<\/p>\n<p>Le texte modifi\u00e9 a \u00e9t\u00e9 adopt\u00e9 par 93 voix pour, 8 contre et 73 abstentions. Les \u00c9tats-Unis, qui avaient d\u00e9crit leur initiative comme \u00abhistorique\u00bb pour trouver \u00abun chemin vers la paix\u00bb, se sont finalement abstenus et la Russie, qui avait salu\u00e9 le projet am\u00e9ricain original comme \u00abun pas dans la bonne direction\u00bb, a vot\u00e9 contre.<\/p>\n<p>M\u00eame si les Europ\u00e9ens, canadiens en r\u00e9bellion parlent d\u2019un vote historique, il convient de noter que Zelenski qui parait chercher une porte de sortie a aussit\u00f4t sign\u00e9 un accord avec Trump lui offrant les terres rares qu\u2019il semble d\u2019ailleurs ne pas poss\u00e9der. Et il a dans la foul\u00e9e assur\u00e9 qu\u2019il donnait sa d\u00e9mission si on acceptait d\u2019int\u00e9grer l\u2019Ukraine dans l\u2019OTAN. Peut-\u00eatre souhaite-t-il qu\u2019on lui assure le sort d\u2019un Bachar El Assad, \u00e0 savoir une protection y compris contre ses concitoyens. C\u2019est du moins la conclusion \u00e0 laquelle on pourrait aboutir au vu des votes intervenus le m\u00eame jour \u00e0 la Verkhovna Rada d\u2019Ukraine.<\/p>\n<p>Ce m\u00eame lundi la Verkhovna Rada d\u2019Ukraine a refus\u00e9 de prolonger le mandat de Zelenski<\/p>\n<p>La Verkhovna Rada d\u2019Ukraine a d\u00e9sapprouv\u00e9 une r\u00e9solution visant\u00a0\u00e0 prolonger le mandat du pr\u00e9sident du r\u00e9gime de Kiev, Vladimir Zelensky, jusqu\u2019\u00e0 ce qu\u2019un pr\u00e9sident nouvellement \u00e9lu prenne ses fonctions \u00e0 la suite des \u00e9lections.<\/p>\n<p>La proposition n\u00e9cessitait au moins 226 voix favorables, mais n\u2019a obtenu que le soutien de 218 d\u00e9put\u00e9s. Une d\u00e9l\u00e9gation de la commission europ\u00e9enne et le fan club des europ\u00e9ens \u00e9taient venus soutenir Zelenski ils ont assist\u00e9 \u00e0 ce d\u00e9saveu.<\/p>\n<p>Comme l\u2019a rapport\u00e9 le parlementaire Yaroslav Zhelezniak sur son compte Telegram,\u00a0la proposition n\u00e9cessitait au moins 226 voix favorables, mais n\u2019a obtenu que le soutien de 218 d\u00e9put\u00e9s.<\/p>\n<p>Zhelezniak a partag\u00e9 un fragment du document, qui soulignait\u00a0\u00ab<em>la n\u00e9cessit\u00e9 de respecter le principe de continuit\u00e9 institutionnelle du pouvoir<\/em>\u00bb,\u00a0en particulier dans le contexte de la loi martiale qui est en vigueur en Ukraine depuis le d\u00e9but de l\u2019op\u00e9ration militaire russe.<\/p>\n<p>L\u2019Ukraine devait organiser des \u00e9lections pr\u00e9sidentielles en mars 2024, mais le\u00a0dirigeant du r\u00e9gime a suspendu les \u00e9lections sous pr\u00e9texte de la loi martiale.\u00a0\u00c0 cet \u00e9gard, Moscou a r\u00e9it\u00e9r\u00e9 que Zelenski n\u2019avait pas la l\u00e9gitimit\u00e9 de participer aux n\u00e9gociations de paix sur le conflit en Ukraine.<\/p>\n<p>Dans le m\u00eame temps, les dirigeants de l\u2019Union europ\u00e9enne sont eux arriv\u00e9s \u00e0 Kiev pour exprimer leur soutien \u00e0 l\u2019Ukraine au troisi\u00e8me anniversaire de l\u2019invasion russe. Le Premier ministre espagnol Pedro Sanchez \u00e9tait pr\u00e9sent, de m\u00eame que la pr\u00e9sidente de la Commission europ\u00e9enne Ursula von der Leyen. Cependant,\u00a0 ils auraient pu constater que\u00a0l\u2019\u00e9chec du vote refl\u00e8te les divisions internes et le manque de cr\u00e9dibilit\u00e9 du gouvernement, principalement \u00e0 la suite du changement de politique des \u00c9tats-Unis concernant le soutien \u00e0 l\u2019Ukraine.\u00a0Mais ils ont continu\u00e9 \u00e0 promettre des finances et des armes, 3,5 milliards annonc\u00e9s\u2026<\/p>\n<p>R\u00e9cemment, le pr\u00e9sident am\u00e9ricain\u00a0a critiqu\u00e9 la position de Zelensky, l\u2019accusant d\u2019\u00eatre un dictateur et de refuser de convoquer des \u00e9lections pour maintenir le contr\u00f4le des op\u00e9rations militaires et de l\u2019approvisionnement en ressources.<\/p>\n<p>Le fait est que comme nous l\u2019avons signal\u00e9 dans un pr\u00e9c\u00e9dent article nul ne peut se r\u00e9jouir de ce r\u00e9sultat, vu que non seulement les communistes sont interdits, arr\u00eat\u00e9s et m\u00eames assassin\u00e9s, mais quatorze partis subissent le m\u00eame sort. Les r\u00e9gions \u00abs\u00e9paratistes\u00bb ne votent pas il y a donc toute chance pour que le successeur de Zelenski soit un extremiste aux sympathies n\u00e9onazies et belliciste \u00e0 l\u2019extr\u00eame, comme le favori qui est actuellement ambassadeur en Grance Bretagne? Volodymyr Zelensky a envoy\u00e9 ce militaire populaire au poste honorifique d\u2019ambassadeur au Royaume-Uni. Il est tout \u00e0 fait certain que le pr\u00e9sident ukrainien aurait largement pr\u00e9f\u00e9r\u00e9 \u00e9liminer Zaloujny qui est son plus grand concurrent politique dans les futures \u00e9lections pr\u00e9sidentielles, comme il l\u2019a fait avec tant d\u2019autres de ses rivaux. N\u00e9anmoins, \u00e9tant consid\u00e9rablement domin\u00e9 par ses superviseurs britanniques qui sont directement et tr\u00e8s largement derri\u00e8re les n\u00e9fastes \u00e9v\u00e9nements que l\u2019Ukraine a connus depuis 2014 et derri\u00e8re la poursuite de la guerre sur le sol ukrainien, Zelensky n\u2019a certainement pas pu leur refuser \u00abl\u2019exfiltration\u00bb vers Londres de leur nouveau favori qui doit leur servir de rempla\u00e7ant \u00e0 l\u2019actuel occupant du si\u00e8ge du pouvoir supr\u00eame en Ukraine.<\/p>\n<p>De cette \u00e9trange journ\u00e9e avec ses votes assez stup\u00e9fiants, Ursula Von Leyen a conclu qu\u2019elle \u00e9tait \u00abhistorique\u00bb et que probablement l\u2019Ukraine serait int\u00e9gr\u00e9e dans l\u2019UE tr\u00e8s rapidement.<\/p>\n<p>Si cela continue comme \u00e7a, il ne restera plus aucune institution cr\u00e9dible alors qu\u2019effectivement il faudra bien n\u00e9gocier la paix et cr\u00e9er les conditions d\u2019un dialogue international.<\/p>\n<p>La Chine pour sa part continue \u00e0 se r\u00e9jouir que des n\u00e9gociations aient d\u00e9but\u00e9 en vue de r\u00e9soudre le conflit et se multiplient les \u00e9changes entre Russie et Chine pour se tenir au courant des avanc\u00e9es.<\/p>\n<p>La seule explication \u00e0 laquelle nos europ\u00e9ens ne veulent pas se r\u00e9signer est qu\u2019effectivement les \u00c9tats-Unis soient contraints \u00e0 reconnaitre qu\u2019ils n\u2019ont plus les moyens de leur guerre. Il faudrait pourtant qu\u2019ils prennent conscience parce qu\u2019ils ont encore moins les moyens. (1) Emmanuel Macron est re\u00e7u \u00e0 la Maison Blanche ce lundi et va pr\u00e9senter des \u00abpropositions d\u2019action\u00bb \u00e0 Donald Trump pour conjurer la \u00abmenace russe\u00bb en Europe et garantir une \u00abpaix durable\u00bb en Ukraine. Pour Donald Trump, la guerre pourrait prendre fin\u00a0\u00bbd\u2019ici quelques semaines\u00bb.\u00a0Si elle n\u2019est pas arr\u00eat\u00e9e,\u00a0\u00bbcela pourrait se transformer en Troisi\u00e8me guerre mondiale\u00bb,\u00a0a-t-il alert\u00e9.\u00a0Volodymyr Zelensky, pourrait venir \u00e0 la Maison-Blanche\u00a0\u00bbcette semaine ou la semaine prochaine\u00bb,\u00a0selon le pr\u00e9sident am\u00e9ricain, qui assure que la signature d\u2019un accord sur les terres rares ukrainiennes est\u00a0\u00bbtr\u00e8s proche\u00bb. mais la cerise sur le g\u00e2teau a \u00e9t\u00e9 quand il a assur\u00e9 \u00e0 Macron que l\u2019OTAN \u00e9tait une chose merveilleuse \u00e0 condition de savoir s\u2019en servir.<\/p>\n<p>source : <a target=\"_blank\" href=\"https:\/\/histoireetsociete.com\/2025\/02\/24\/une-folle-journee-de-votes-a-lonu-et-a-la-verkhovna-rada-dukraine\/\" target=\"_blank\" rel=\"noopener\" title=\"Histoire et Soci\u00e9t\u00e9\">Histoire et Soci\u00e9t\u00e9<\/a><\/p>\n<div class=\"sharedaddy sd-block sd-like jetpack-likes-widget-wrapper jetpack-likes-widget-unloaded\" id=\"like-post-wrapper-237719536-445315-67be758704a10\" data-src=\"https:\/\/widgets.wp.com\/likes\/?ver=14.2.1#blog_id=237719536&amp;post_id=445315&amp;origin=reseauinternational.net&amp;obj_id=237719536-445315-67be758704a10&amp;n=1\" data-name=\"like-post-frame-237719536-445315-67be758704a10\" data-title=\"Aimer ou rebloguer\">\n<h3 class=\"sd-title\">J\u2019aime \u00e7a\u00a0:<\/h3>\n<p><span class=\"button\"><span>J\u2019aime<\/span><\/span> <span class=\"loading\">chargement\u2026<\/span><\/p>\n<p><span class=\"sd-text-color\"\/><a target=\"_blank\" class=\"sd-link-color\"\/><\/div>\n<p><meta itemscope=\"\" itemprop=\"mainEntityOfPage\" itemtype=\"https:\/\/schema.org\/WebPage\" itemid=\"https:\/\/reseauinternational.net\/une-folle-journee-de-votes-a-lonu-et-a-la-verkhovna-rada-dukraine\/\"\/><meta itemprop=\"headline\" content=\"Une folle journ\u00e9e de votes \u00e0 l\u2019ONU et \u00e0 la Verkhovna Rada d\u2019Ukraine\"\/><span style=\"display: none;\" itemprop=\"author\" itemscope=\"\" itemtype=\"https:\/\/schema.org\/Person\"><meta itemprop=\"name\" content=\"R\u00e9seau International\"\/><\/span><span style=\"display: none;\" itemprop=\"image\" itemscope=\"\" itemtype=\"https:\/\/schema.org\/ImageObject\"><meta itemprop=\"url\" content=\"https:\/\/i0.wp.com\/reseauinternational.net\/wp-content\/uploads\/2025\/02\/ONU-20250225.webp?fit=800%2C467&amp;quality=100&amp;ssl=1\"\/><meta itemprop=\"width\" content=\"800\"\/><meta itemprop=\"height\" content=\"467\"\/><\/span><span style=\"display: none;\" itemprop=\"publisher\" itemscope=\"\" itemtype=\"https:\/\/schema.org\/Organization\"><span style=\"display: none;\" itemprop=\"logo\" itemscope=\"\" itemtype=\"https:\/\/schema.org\/ImageObject\"><meta itemprop=\"url\" content=\"https:\/\/reseauinternational.net\/wp-content\/uploads\/2022\/06\/Capture-de\u0301cran-2022-06-14-a\u0300-16.51.07.png\"\/><\/span><meta itemprop=\"name\" content=\"R\u00e9seau International\"\/><\/span><meta itemprop=\"datePublished\" content=\"2025-02-25T11:19:53+00:00\"\/><meta itemprop=\"dateModified\" content=\"2025-02-25T11:20:06+00:00\"\/><\/div>\n<p><br \/>\n<br \/><a href=\"https:\/\/reseauinternational.net\/une-folle-journee-de-votes-a-lonu-et-a-la-verkhovna-rada-dukraine\/\" target=\"_blank\"\">Source link <\/a><\/p>\n","protected":false},"excerpt":{"rendered":"<p>Soutenez R\u00e9seau International. Chers amis lecteurs, C\u2019est gr\u00e2ce \u00e0 vos dons que nous pouvons garder notre ind\u00e9pendance et\u00a0 vous fournir le meilleur de l\u2019information internationale alternative. Votre soutien nous est&hellip; <\/p>\n","protected":false},"author":1,"featured_media":3358,"comment_status":"open","ping_status":"open","sticky":false,"template":"","format":"standard","meta":{"footnotes":""},"categories":[1],"tags":[],"class_list":["post-3357","post","type-post","status-publish","format-standard","has-post-thumbnail","hentry","category-non-classe"],"_links":{"self":[{"href":"https:\/\/monde25.info\/index.php\/wp-json\/wp\/v2\/posts\/3357","targetHints":{"allow":["GET"]}}],"collection":[{"href":"https:\/\/monde25.info\/index.php\/wp-json\/wp\/v2\/posts"}],"about":[{"href":"https:\/\/monde25.info\/index.php\/wp-json\/wp\/v2\/types\/post"}],"author":[{"embeddable":true,"href":"https:\/\/monde25.info\/index.php\/wp-json\/wp\/v2\/users\/1"}],"replies":[{"embeddable":true,"href":"https:\/\/monde25.info\/index.php\/wp-json\/wp\/v2\/comments?post=3357"}],"version-history":[{"count":0,"href":"https:\/\/monde25.info\/index.php\/wp-json\/wp\/v2\/posts\/3357\/revisions"}],"wp:featuredmedia":[{"embeddable":true,"href":"https:\/\/monde25.info\/index.php\/wp-json\/wp\/v2\/media\/3358"}],"wp:attachment":[{"href":"https:\/\/monde25.info\/index.php\/wp-json\/wp\/v2\/media?parent=3357"}],"wp:term":[{"taxonomy":"category","embeddable":true,"href":"https:\/\/monde25.info\/index.php\/wp-json\/wp\/v2\/categories?post=3357"},{"taxonomy":"post_tag","embeddable":true,"href":"https:\/\/monde25.info\/index.php\/wp-json\/wp\/v2\/tags?post=3357"}],"curies":[{"name":"wp","href":"https:\/\/api.w.org\/{rel}","templated":true}]}}